{"id":525,"date":"2021-10-28T12:40:00","date_gmt":"2021-10-28T10:40:00","guid":{"rendered":"https:\/\/www.alles-bleibt-anders.org\/?p=525"},"modified":"2021-11-25T12:47:13","modified_gmt":"2021-11-25T11:47:13","slug":"unsere-antraege-zum-kreistag-am-29-oktober","status":"publish","type":"post","link":"https:\/\/www.gruene-mkk.de\/sl\/unsere-antraege-zum-kreistag-am-29-oktober\/","title":{"rendered":"Prijave na okro\u017eni svet 29. oktobra"},"content":{"rendered":"<p><strong>MKK postaja varno zato\u010di\u0161\u010de<\/strong><\/p>\n\n\n\n<p>Velika koalicija je leta 2019 zavrnila predlog Zelenih in levice, da bi okro\u017eje Main-Kinzig razglasili za varno zato\u010di\u0161\u010de: \u201eZdaj ponovno vlagamo zahtevek. Nedavni dogodki v Afganistanu ka\u017eejo, kako pomembno je sprejeti begunce, \"pravi Mahwish Iftikhar.<\/p>\n\n\n\n<p><a href=\"https:\/\/www.alles-bleibt-anders.org\/antrag-mkk-soll-sicherer-hafen-werden\/\">Na\u0161a zahteva<\/a><\/p>\n\n\n\n<p><a href=\"https:\/\/www.alles-bleibt-anders.org\/main-kinzig-kreis-soll-sicherer-hafen-werden\/\">Na\u0161e sporo\u010dilo za javnost<\/a><\/p>\n\n\n\n<p><strong>Oran\u017ena svet<\/strong><\/p>\n\n\n\n<p>25. novembra bo forum v Main-Kinzigu osvetljen v oran\u017eni barvi, da bi izrazil solidarnost z \u017eenskami, ki so do\u017eivele nasilje.<\/p>\n\n\n\n<p><a href=\"https:\/\/www.alles-bleibt-anders.org\/antrag-orange-the-world\/\">Na\u0161a zahteva<\/a><\/p>\n\n\n\n<p><strong>Sprememba \u0161tudentske vozovnice<\/strong><\/p>\n\n\n\n<p>S spremembo \u017eelimo zagotoviti, da bo \u0161tudentska vozovnica za vse u\u010dence uvedena \u017ee leta 2022, ne glede na to, v kateri razred hodijo in kako blizu \u0161ole \u017eivijo.<\/p>\n\n\n\n<p><a href=\"https:\/\/www.alles-bleibt-anders.org\/aenderungsantrag-zum-schuelerticket\/\">Na\u0161a zahteva<\/a><\/p>\n\n\n\n<p><strong>Predlog spremembe: Popoldansko izvajanje pakta<\/strong><\/p>\n\n\n\n<p>Med drugim \u017eelimo z na\u0161o spremembo zagotoviti, da bodo zdru\u017eenja za oskrbo, ki ponujajo \u0161olsko varstvo kot del popoldanskega pakta, ustrezno financirana. Zato \u017eelimo pove\u010dati donacije na leto na otroka s 700 na 1400 \u20ac.<\/p>\n\n\n\n<p><a href=\"https:\/\/www.alles-bleibt-anders.org\/aenderungsantrag-umsetzung-des-paktes-fuer-den-nachmittag\/\">Na\u0161a zahteva<\/a><\/p>\n\n\n\n<p><strong>Trenutna ura do Kreissparkasse<\/strong><\/p>\n\n\n\n<p>Kak\u0161ne informacije je imel Landrat Thorsten Stolz o gradbenem projektu Kreissparkasse v Gelnhausnu? Kak\u0161ni stro\u0161ki so nastali za okro\u017eje in v kolik\u0161ni meri je okro\u017eni svet odgovoren za neuspeh? Radi bi, da na ta vpra\u0161anja odgovori krog in smo zato registrirali trenutno uro.<\/p>\n\n\n\n<p><a href=\"https:\/\/www.alles-bleibt-anders.org\/gruene-fraktion-meldet-aktuelle-stunde-zur-kreissparkasse-an\/\">Na\u0161e sporo\u010dilo za javnost<\/a><\/p>","protected":false},"excerpt":{"rendered":"<p>Velika koalicija je leta 2019 zavrnila predlog Zelenih in levice, da bi okro\u017eje Main-Kinzig razglasili za varno zato\u010di\u0161\u010de: \u201eZdaj vlagamo zahtevek [...]<\/p>","protected":false},"author":-1,"featured_media":0,"comment_status":"open","ping_status":"open","sticky":false,"template":"","format":"standard","meta":{"footnotes":""},"categories":[9],"tags":[],"class_list":["post-525","post","type-post","status-publish","format-standard","hentry","category-antraege-und-anfragen"],"_links":{"self":[{"href":"https:\/\/www.gruene-mkk.de\/sl\/wp-json\/wp\/v2\/posts\/525","targetHints":{"allow":["GET"]}}],"collection":[{"href":"https:\/\/www.gruene-mkk.de\/sl\/wp-json\/wp\/v2\/posts"}],"about":[{"href":"https:\/\/www.gruene-mkk.de\/sl\/wp-json\/wp\/v2\/types\/post"}],"author":[{"embeddable":true,"href":"https:\/\/www.gruene-mkk.de\/sl\/wp-json\/wp\/v2\/users\/2"}],"replies":[{"embeddable":true,"href":"https:\/\/www.gruene-mkk.de\/sl\/wp-json\/wp\/v2\/comments?post=525"}],"version-history":[{"count":1,"href":"https:\/\/www.gruene-mkk.de\/sl\/wp-json\/wp\/v2\/posts\/525\/revisions"}],"predecessor-version":[{"id":527,"href":"https:\/\/www.gruene-mkk.de\/sl\/wp-json\/wp\/v2\/posts\/525\/revisions\/527"}],"wp:attachment":[{"href":"https:\/\/www.gruene-mkk.de\/sl\/wp-json\/wp\/v2\/media?parent=525"}],"wp:term":[{"taxonomy":"category","embeddable":true,"href":"https:\/\/www.gruene-mkk.de\/sl\/wp-json\/wp\/v2\/categories?post=525"},{"taxonomy":"post_tag","embeddable":true,"href":"https:\/\/www.gruene-mkk.de\/sl\/wp-json\/wp\/v2\/tags?post=525"}],"curies":[{"name":"wp","href":"https:\/\/api.w.org\/{rel}","templated":true}]}}