{"id":520,"date":"2021-10-25T12:37:00","date_gmt":"2021-10-25T10:37:00","guid":{"rendered":"https:\/\/www.alles-bleibt-anders.org\/?p=520"},"modified":"2021-11-25T12:39:01","modified_gmt":"2021-11-25T11:39:01","slug":"aenderungsantrag-zum-schuelerticket","status":"publish","type":"post","link":"https:\/\/www.gruene-mkk.de\/sl\/aenderungsantrag-zum-schuelerticket\/","title":{"rendered":"Sprememba \u0161tudentske vozovnice"},"content":{"rendered":"<p><strong>Odlo\u010dba:&nbsp;<\/strong><\/p>\n\n\n\n<p>1.\u00a0\u00a0\u00a0\u00a0\u00a0\u00a0Okro\u017eni odbor mora sodelovati z zvezno de\u017eelo Hessen, da bi vsem u\u010dencem in skrbnikom zagotovil brezpla\u010dno uporabo javnega prevoza v Hessenu na \u0161olskih in \u0161olskih potovanjih, ne glede na to, ali imajo \u0161tudentsko vozovnico.<\/p>\n\n\n\n<p>2.\u00a0\u00a0\u00a0\u00a0\u00a0\u00a0Okro\u017eni svet okro\u017eja Main-Kinzig poziva dr\u017eavno vlado, naj skupaj s prevoznimi zdru\u017eenji v Hessenu vsem u\u010dencem, vklju\u010dno z osnovnimi \u0161olami in SEK II, od 1. januarja 2022 zagotovi \u0161tudentsko vozovnico. Ustrezna kompenzacijska sredstva bodo na voljo v prora\u010dunu za leto 2022.<\/p>\n\n\n\n<p>3.\u00a0\u00a0\u00a0\u00a0\u00a0\u00a0Okro\u017eni svet okro\u017eja Main-Kinzig poziva dr\u017eavno vlado, naj spremeni \u010dlen 161 HSchG in odpravi omejitve razdalje za uporabo brezpla\u010dne \u0161tudentske vozovnice za u\u010dence.<\/p>\n\n\n\n<p>4.\u00a0\u00a0\u00a0\u00a0\u00a0\u00a0\u010ce uvedba \u0161tudentske vozovnice 1. januarja 2022 ne bo mogo\u010da, bo okro\u017eni svet za\u010del postopek predhodnega financiranja in dr\u017eavo Hessen pozval, naj naknadno krije stro\u0161ke in jih povrne ali izravna.<\/p>\n\n\n\n<p><strong>Obrazlo\u017eitveni memorandum:<\/strong><\/p>\n\n\n\n<p>Z naslednjimi besedami:<em>&nbsp;<\/em>veljavni pravni predpisi dolo\u010dajo razdaljo med krajem bivanja in \u0161olo ali ugotovljeno posebej nevarno \u0161olsko potjo, ne glede na to, ali u\u010denci prejmejo brezpla\u010dno \u0161tudentsko leto ali ne. Ta vozovnica se lahko uporablja ne le za \u0161olska potovanja, ampak velja tudi v prostem \u010dasu po vsej Hessen in je zato zelo privla\u010dna. Mladi bodo tako \u017ee v zgodnji fazi seznanjeni z uporabo lokalnega javnega prevoza, ki se bo ob ustreznih ponudbah obrestoval kot olaj\u0161ava za cestni promet prihodnosti.<\/p>\n\n\n\n<p>Po na\u0161em mnenju pravni predpisi niso ve\u010d aktualni in povzro\u010dajo krivice, tako na poti v \u0161olo kot zunaj nje (npr. prosto\u010dasne dejavnosti, \u0161port itd.). To bi lahko obravnavali zakonodajalci na dr\u017eavni ravni. Okro\u017eni svet zato poziva dr\u017eavno vlado, naj nemudoma odpravi to nepravi\u010dnost.<\/p>\n\n\n\n<p>Modelni projekt ni potreben, \u010de pa financiranja ni ve\u010d mogo\u010de dolo\u010diti v dr\u017eavnem prora\u010dunu za leto 2022, bi moral krog iti vnaprej.<\/p>","protected":false},"excerpt":{"rendered":"<p>Odlo\u010dba:\u00a0 1.\u00a0\u00a0\u00a0\u00a0\u00a0\u00a0Zvezna de\u017eela Hessen je okrajnemu odboru naro\u010dila, naj vsem u\u010dencem in oskrbovalcem zagotovi brezpla\u010dno uporabo javnega prevoza na \u0161olskih in \u0161olskih potovanjih.<\/p>","protected":false},"author":-1,"featured_media":0,"comment_status":"open","ping_status":"open","sticky":false,"template":"","format":"standard","meta":{"footnotes":""},"categories":[9],"tags":[],"class_list":["post-520","post","type-post","status-publish","format-standard","hentry","category-antraege-und-anfragen"],"_links":{"self":[{"href":"https:\/\/www.gruene-mkk.de\/sl\/wp-json\/wp\/v2\/posts\/520","targetHints":{"allow":["GET"]}}],"collection":[{"href":"https:\/\/www.gruene-mkk.de\/sl\/wp-json\/wp\/v2\/posts"}],"about":[{"href":"https:\/\/www.gruene-mkk.de\/sl\/wp-json\/wp\/v2\/types\/post"}],"author":[{"embeddable":true,"href":"https:\/\/www.gruene-mkk.de\/sl\/wp-json\/wp\/v2\/users\/2"}],"replies":[{"embeddable":true,"href":"https:\/\/www.gruene-mkk.de\/sl\/wp-json\/wp\/v2\/comments?post=520"}],"version-history":[{"count":1,"href":"https:\/\/www.gruene-mkk.de\/sl\/wp-json\/wp\/v2\/posts\/520\/revisions"}],"predecessor-version":[{"id":522,"href":"https:\/\/www.gruene-mkk.de\/sl\/wp-json\/wp\/v2\/posts\/520\/revisions\/522"}],"wp:attachment":[{"href":"https:\/\/www.gruene-mkk.de\/sl\/wp-json\/wp\/v2\/media?parent=520"}],"wp:term":[{"taxonomy":"category","embeddable":true,"href":"https:\/\/www.gruene-mkk.de\/sl\/wp-json\/wp\/v2\/categories?post=520"},{"taxonomy":"post_tag","embeddable":true,"href":"https:\/\/www.gruene-mkk.de\/sl\/wp-json\/wp\/v2\/tags?post=520"}],"curies":[{"name":"wp","href":"https:\/\/api.w.org\/{rel}","templated":true}]}}