{"id":515,"date":"2021-10-05T12:27:00","date_gmt":"2021-10-05T10:27:00","guid":{"rendered":"https:\/\/www.alles-bleibt-anders.org\/?p=515"},"modified":"2021-11-25T12:29:28","modified_gmt":"2021-11-25T11:29:28","slug":"antrag-orange-the-world","status":"publish","type":"post","link":"https:\/\/www.gruene-mkk.de\/sl\/antrag-orange-the-world\/","title":{"rendered":"Zahtevajte oran\u017eno svet"},"content":{"rendered":"<p><strong>Odlo\u010dba:<\/strong><\/p>\n\n\n\n<p>Okro\u017eje Main-Kinzig se pridru\u017euje kampanji ZN \u201ePobarvajmo svet oran\u017eno\u201c in ponovno izra\u017ea solidarnost z \u017eenskami, ki do\u017eivljajo nasilje. Main-Kinzig-Forum bo osvetljen v oran\u017eni barvi 25. novembra od 17. ure dalje. Preveriti je treba, katere druge stavbe v lasti okro\u017eja je mogo\u010de osvetliti.<\/p>\n\n\n\n<p>Okro\u017eni odbor naro\u010di enoti za \u017eenska vpra\u0161anja in enake mo\u017enosti, naj opozori na ponudbe pomo\u010di ljudem, ki jih je prizadelo nasilje, s ciljno usmerjeno informacijsko kampanjo na medijskih kanalih okro\u017eja.<\/p>\n\n\n\n<p><strong>Obrazlo\u017eitveni memorandum:<\/strong><\/p>\n\n\n\n<p>Cilj kampanje je pove\u010dati dru\u017ebeno ozave\u0161\u010denost o nasilju na podlagi spola. 25. november je mednarodni dan za odpravo nasilja nad \u017eenskami. Ta dan spomina in akcije je posve\u010den boju proti diskriminaciji in nasilju nad \u017eenskami in dekleti. Od leta 1981 je oran\u017ena barva simbol nenasilne prihodnosti za \u017eenske.<\/p>\n\n\n\n<p>Pri krepitvi pravic \u017eensk bodo na ta dan poudarjene teme, kot so spolna zloraba, posilstvo, obrezovanje \u017eensk, nasilje v dru\u017eini, feminicidi in \u0161e veliko ve\u010d. Pribli\u017eno tretjina \u017eensk je \u017ee od svojega 15. leta do\u017eivela fizi\u010dno in\/ali spolno nasilje. To ne sme biti tabu tema!<\/p>\n\n\n\n<p>V EU vsak teden zaradi nasilja v dru\u017eini umre pribli\u017eno 50 \u017eensk. \u0160tudija nem\u0161ke vlade iz leta 2018 je pokazala, da je bilo v Nem\u010diji ve\u010d kot 114.000 \u017eensk \u017ertev nasilja. Poskusi ubijanja so potekali vsak dan, vsako uro pa se je zgodila nevarna telesna po\u0161kodba.<\/p>\n\n\n\n<p>Razmere so se poslab\u0161ale zlasti zaradi pandemije koronavirusa, nasilje pa se je pove\u010dalo. Tukaj je treba omeniti dolo\u010dbe o zaprtju doma\u010de pisarne in \u0161ol, povezane s pandemijo. Prvi napredek se lahko obrne.<\/p>\n\n\n\n<p>Z osvetlitvijo Main-Kinzig-Foruma v oran\u017eni barvi je Main-Kinzig-Kreis solidaren z vsemi \u017eenskami, ki jih je prizadelo nasilje. To je zato, ker: Manj kot 40% \u017denske po vsem svetu, ki so \u017ertve nasilja, i\u0161\u010dejo pomo\u010d. Namen akcije \"oran\u017eni svet\" je tudi opozoriti na mo\u017ene ponudbe pomo\u010di, ki jih je treba javnosti sporo\u010diti z informacijsko kampanjo.<\/p>","protected":false},"excerpt":{"rendered":"<p>Odlo\u010dba: Okro\u017eje Main-Kinzig se pridru\u017euje kampanji ZN \u201ePobarvajmo svet oran\u017eno\u201c in ponovno izra\u017ea solidarnost z \u017eenskami, ki do\u017eivljajo nasilje. Petnajstega aprila, 17. [...]<\/p>","protected":false},"author":-1,"featured_media":0,"comment_status":"open","ping_status":"open","sticky":false,"template":"","format":"standard","meta":{"footnotes":""},"categories":[9],"tags":[],"class_list":["post-515","post","type-post","status-publish","format-standard","hentry","category-antraege-und-anfragen"],"_links":{"self":[{"href":"https:\/\/www.gruene-mkk.de\/sl\/wp-json\/wp\/v2\/posts\/515","targetHints":{"allow":["GET"]}}],"collection":[{"href":"https:\/\/www.gruene-mkk.de\/sl\/wp-json\/wp\/v2\/posts"}],"about":[{"href":"https:\/\/www.gruene-mkk.de\/sl\/wp-json\/wp\/v2\/types\/post"}],"author":[{"embeddable":true,"href":"https:\/\/www.gruene-mkk.de\/sl\/wp-json\/wp\/v2\/users\/2"}],"replies":[{"embeddable":true,"href":"https:\/\/www.gruene-mkk.de\/sl\/wp-json\/wp\/v2\/comments?post=515"}],"version-history":[{"count":1,"href":"https:\/\/www.gruene-mkk.de\/sl\/wp-json\/wp\/v2\/posts\/515\/revisions"}],"predecessor-version":[{"id":517,"href":"https:\/\/www.gruene-mkk.de\/sl\/wp-json\/wp\/v2\/posts\/515\/revisions\/517"}],"wp:attachment":[{"href":"https:\/\/www.gruene-mkk.de\/sl\/wp-json\/wp\/v2\/media?parent=515"}],"wp:term":[{"taxonomy":"category","embeddable":true,"href":"https:\/\/www.gruene-mkk.de\/sl\/wp-json\/wp\/v2\/categories?post=515"},{"taxonomy":"post_tag","embeddable":true,"href":"https:\/\/www.gruene-mkk.de\/sl\/wp-json\/wp\/v2\/tags?post=515"}],"curies":[{"name":"wp","href":"https:\/\/api.w.org\/{rel}","templated":true}]}}