{"id":513,"date":"2021-09-09T12:25:00","date_gmt":"2021-09-09T10:25:00","guid":{"rendered":"https:\/\/www.alles-bleibt-anders.org\/?p=513"},"modified":"2024-09-05T14:43:15","modified_gmt":"2024-09-05T12:43:15","slug":"anfrage-zu-schlachtstaetten-im-mkk","status":"publish","type":"post","link":"https:\/\/www.gruene-mkk.de\/sl\/anfrage-zu-schlachtstaetten-im-mkk\/","title":{"rendered":"Povpra\u0161evanje o klavnicah v MKK"},"content":{"rendered":"<p><strong>Predmet vpra\u0161anja:<\/strong><\/p>\n\n\n\n<p>Okro\u017eje Main-Kinzig je od leta 2021 regija ekolo\u0161kega modela. Spodbujati je treba pridelavo ekolo\u0161ke in predvsem regionalne hrane, ki predstavlja poseben izziv za najbolj naseljeno okro\u017eje Hessen. Predvsem bi bilo treba zakol in predelavo rejnih \u017eivali, proizvedenih v okro\u017eju Main-Kinzig, izvajati blizu potro\u0161nika in brez dolgih prevoznih poti. Prevoz \u017eivali je veliko breme za \u017eivali.<\/p>\n\n\n\n<p>Z regionalnimi in hitro dostopnimi klavnicami je mogo\u010de prevoz \u017eivali mo\u010dno skraj\u0161ati, celo popolnoma prepre\u010diti z uporabo mobilne klavnice.<\/p>\n\n\n\n<p><strong>Vpra\u0161anja:<\/strong><\/p>\n\n\n\n<p><strong>Koliko odobrenih klavnic je v regiji Main-Kinzig-Kreis?<\/strong><\/p>\n\n\n\n<p><strong>Odgovor:<\/strong><\/p>\n\n\n\n<p>V okro\u017eju Main-Kinzig je trenutno 25 odobrenih klavnic (prej 27 leta 2020). Za izvajanje komercialnega zakola je potrebna odobritev zadevne klavnice s strani EU.<\/p>\n\n\n\n<p><strong>a.&nbsp;&nbsp;&nbsp;&nbsp;&nbsp;&nbsp;&nbsp;<\/strong><strong>Katere klavnice so to in koliko \u017eivali se tam zakolje na leto?<\/strong><\/p>\n\n\n\n<p><strong>Odgovor:<\/strong><\/p>\n\n\n\n<p>Klavnice v regiji Main-Kinzig-Kreis so dosledno strukturirane z obrtjo. To so bila in so \u0161e vedno dru\u017einska podjetja. \u0160tevilo letnih zakolov, opravljenih na teh gospodarstvih, se mo\u010dno razlikuje glede na pot tr\u017eenja. Analiza zakolov, opravljenih leta 2020, je pokazala, da je bilo na gospodarstvo opravljenih od enega do 2093 zakolov. V povpre\u010dju je torej mogo\u010de predpostaviti pribli\u017eno 467 zakolov na gospodarstvo\/leto (leta 2020).<\/p>\n\n\n\n<p><strong>b.&nbsp;&nbsp;&nbsp;&nbsp;&nbsp;&nbsp;<\/strong><strong>Koliko teh klavnic je certificiranih kot ekolo\u0161kih?<\/strong><\/p>\n\n\n\n<p><strong>Odgovor:<\/strong><\/p>\n\n\n\n<p>Po uradnih podatkih nobena klavnica v regiji Main-Kinzig-Kreis ni ekolo\u0161ko certificirana, \u010deprav je po njihovih lastnih navedbah vsaj v eni klavnici v regiji Main-Kinzig-Kreis zaklana tudi ekolo\u0161ka \u017eivinoreja.<\/p>\n\n\n\n<p><strong>c.&nbsp;&nbsp;&nbsp;&nbsp;&nbsp;&nbsp;&nbsp;<\/strong><strong>Koliko od teh klavnic je tudi razsekovalnic?<\/strong><\/p>\n\n\n\n<p><strong>Odgovor:<\/strong><\/p>\n\n\n\n<p>Od 25 klavnic jih ima 12 tudi dovoljenje EU za razsek.<\/p>\n\n\n\n<p><strong>Po ocenah uprave: Kolik\u0161en odstotek zakola \u017eivali na kmetijah v regiji Main-Kinzig-Kreis ne more biti izveden v okro\u017eju, ker klavnice manjkajo?<\/strong><\/p>\n\n\n\n<p><strong>Odgovor:<\/strong><\/p>\n\n\n\n<p>\u00d8 Perutnina:\u00a0\u00a0\u00a0\u00a0\u00a0\u00a0\u00a0\u00a0\u00a0\u00a0\u00a0\u00a0\u00a0\u00a0\u00a0\u00a0\u00a0\u00a0\u00a0\u00a0\u00a0\u00a090%<\/p>\n\n\n\n<p>\u00d8 Goveje meso:\u00a0\u00a0\u00a0\u00a0\u00a0\u00a0\u00a0\u00a0\u00a0\u00a0\u00a0\u00a0\u00a0\u00a0\u00a0\u00a0\u00a0\u00a0\u00a0\u00a0\u00a0\u00a0\u00a0\u00a0\u00a0\u00a0\u00a0\u00a0\u00a090%<\/p>\n\n\n\n<p>\u00d8 Pra\u0161i\u010d:\u00a0\u00a0\u00a0\u00a0\u00a0\u00a0\u00a0\u00a0\u00a0\u00a0\u00a0\u00a0\u00a0\u00a0\u00a0\u00a0\u00a0\u00a0\u00a0\u00a0\u00a0\u00a080%<\/p>\n\n\n\n<p>\u00d8 Ovce\/koze:\u00a0\u00a0\u00a0\u00a0\u00a0\u00a0\u00a0\u00a0\u00a0\u00a0\u00a0\u00a0\u00a0\u00a0\u00a050%<\/p>\n\n\n\n<p>\u00d8 Solipeds:\u00a0\u00a0\u00a0\u00a0\u00a0\u00a0\u00a0\u00a0\u00a0\u00a0\u00a0\u00a0\u00a0\u00a0\u00a0\u00a0\u00a0\u00a0\u00a0100%<\/p>\n\n\n\n<p>\u00d8 gojena divjad:\u00a0\u00a0\u00a0\u00a0\u00a0\u00a0\u00a0\u00a0\u00a0\u00a0\u00a0\u00a0\u00a0\u00a0\u00a0\u00a0\u00a0\u00a0\u00a0\u00a0\u00a085%<\/p>\n\n\n\n<p>Te ocene se nana\u0161ajo na \u010disto zmogljivost zakola. Drugi pomemben vidik je potrebna vrednostna veriga, ki stoji za njo. Brez zanesljivega zmanj\u0161anja zaklanega mesa razvoj zmogljivosti za zakol ni primeren.<\/p>\n\n\n\n<p><strong>Koliko dovoljenj je bilo izdanih v letu 2020 za<\/strong><\/p>\n\n\n\n<p><strong>a.&nbsp;&nbsp;&nbsp;&nbsp;&nbsp;&nbsp;&nbsp;<\/strong><strong>Streljanje na pa\u0161nikih?<\/strong><\/p>\n\n\n\n<p><strong>Odgovor:<\/strong><\/p>\n\n\n\n<p>Urad za veterinarske zadeve in varstvo potro\u0161nikov je leta 2020 na zahtevo odobril skupno 22 odstopanj za strel na pa\u0161niku.<\/p>\n\n\n\n<p><strong>b.&nbsp;&nbsp;&nbsp;&nbsp;&nbsp;&nbsp;<\/strong><strong>Uporaba mobilne klavnice?<\/strong><\/p>\n\n\n\n<p><strong>Odgovor:<\/strong><\/p>\n\n\n\n<p>V letu 2020 ni bila izdana nobena odobritev za uporabo mobilne klavnice, saj pri Uradu za veterinarske zadeve in varstvo potro\u0161nikov ni bila vlo\u017eena nobena taka vloga.<\/p>\n\n\n\n<p><strong>Kako si Main-Kinzig-Kreis prizadeva za spodbujanje regionalnih klavnic v okro\u017eju, da bi se izognili prevozu \u017eivali ali ga skraj\u0161ali?<\/strong><\/p>\n\n\n\n<p><strong>Odgovor:<\/strong><\/p>\n\n\n\n<p>Main-Kinzig-Kreis (Majna-Kinzig-Kreis) je organ za odobritev posameznega programa za spodbujanje kmetijskih nalo\u017eb v kmetijstvu. Ta program med drugim vklju\u010duje spodbujanje nalo\u017eb v diverzifikacijo, da se kmetijam omogo\u010di ustvarjanje dodatnih virov dohodka. Ti vklju\u010dujejo sodne mesnice in klavnice.<\/p>\n\n\n\n<p>Poleg tega je regija Main-Kinzig-Kreis od 1. januarja 2021 ekomodelska regija, zato si je zastavila cilj spodbujanja in \u0161irjenja regionalne proizvodnje, predelave in tr\u017eenja kmetijskih proizvodov.<\/p>\n\n\n\n<p>Na podro\u010dju \u017eivinoreje je okro\u017eje v tesnem stiku z drugimi vzor\u010dnimi regijami zvezne de\u017eele Hessen in podpira projekt \u201eBio-Weiderind\u201c. V okviru tega projekta je treba zdru\u017eiti ponudbo pa\u0161nega goveda s hesijskih ekolo\u0161kih kmetij. Cilj je razbremeniti proizvajalce bremena tr\u017eenja in zagotoviti, da se pri prodaji upo\u0161teva posebna reja ekolo\u0161kega goveda z vzpostavitvijo nove vrednostne verige.<\/p>\n\n\n\n<p><strong>Koliko in\u0161pekcijskih pregledov prevoza \u017eivali je v letu 2020 opravil Urad za veterino?<\/strong><\/p>\n\n\n\n<p><strong>a.&nbsp;&nbsp;&nbsp;&nbsp;&nbsp;&nbsp;&nbsp;<\/strong><strong>Kolik\u0161en dele\u017e vseh prevozov \u017eivali, opravljenih v regiji Main-Kinzig-Kreis leta 2020, je to?<\/strong><\/p>\n\n\n\n<p><strong>b.&nbsp;&nbsp;&nbsp;&nbsp;&nbsp;&nbsp;<\/strong><strong>Koliko kr\u0161itev uredbe o prevozu \u017eivali je bilo ugotovljenih?<\/strong><\/p>\n\n\n\n<p><strong>c.&nbsp;&nbsp;&nbsp;&nbsp;&nbsp;&nbsp;&nbsp;<\/strong><strong>Ali bi pove\u010danje \u0161tevila delovnih mest v veterinarskem uradu prineslo odstotek izbolj\u0161anja?<\/strong><\/p>\n\n\n\n<p><strong>Odgovor:<\/strong><\/p>\n\n\n\n<p>Zaradi pomanjkanja \u010dlove\u0161kih virov v letu 2020 ni bil izveden noben nadzor prometa. Poleg tega je treba upo\u0161tevati, da absolutno \u0161tevilo prevozov ni uradno znano, saj urad za veterinarske zadeve in varstvo potro\u0161nikov izve le za take prevoze, ki preva\u017eajo \u017eivino ali komercialne hi\u0161ne \u017eivali in pre\u010dkajo nacionalne meje, ko je za\u010detek ali namembni kraj prevoza v okro\u017eju Main-Kinzig.<\/p>\n\n\n\n<p>Pove\u010danje \u0161tevila potrebnega veterinarskega osebja bi Uradu za veterinarstvo in varstvo potro\u0161nikov omogo\u010dilo, da sploh opravi pomembne preglede prevoza.<\/p>\n\n\n\n<p><strong>Main-Kinzig-Kreis ni \u017eelel uporabiti ali kupiti mobilne klavnice. V tem primeru bi bilo pravo EU v nasprotju z napotitvijo, je takrat dejal v obrazlo\u017eitvenem memorandumu. V Wetterauu se je skupaj s pobudo \u201eExtrawurst\u201c izvajala mobilna klavnica, obstaja pa tudi kmet, ki upravlja mobilno klavnico perutnine, ki jo je med drugim podprla tudi EU.<\/strong><\/p>\n\n\n\n<p><strong>a.&nbsp;&nbsp;&nbsp;&nbsp;&nbsp;&nbsp;<\/strong><strong>Katere druge direktive ali zahteve EU veljajo v Wetteraukreis, ki omogo\u010dajo njihovo uporabo?<\/strong><\/p>\n\n\n\n<p><strong>\u010ce so osnovne zahteve enake: Kaj je razlog, da uprava ne kupi mobilne klavnice?<\/strong><\/p>\n\n\n\n<p><strong>\u010ce osnovne zahteve niso enake: Katere ukrepe bi bilo treba sprejeti za vzpostavitev mobilne klavnice v okro\u017eju?<\/strong><\/p>\n\n\n\n<p><strong>Odgovor:<\/strong><\/p>\n\n\n\n<p>Leta 2021 se je pravni polo\u017eaj po vsej Evropi spremenil. V eni od uvodnih izjav Uredbe (ES) \u0161t. 853\/2004 je navedeno:<\/p>\n\n\n\n<p>\u201eIzbolj\u0161anje dobrobiti \u017eivali je eden od ukrepov, ki jih je Komisija predlagala v strategiji \u201eod vil do vilic\u201c za pravi\u010den, zdrav in okolju prijazen prehranski sistem v okviru evropskega zelenega dogovora. Spremenile so se zlasti navade pri u\u017eivanju mesa, Evropski parlament, kmetje in potro\u0161niki pa vse pogosteje pozivajo, naj se dovoli zakol nekaterih doma\u010dih kopitarjev na izvornem gospodarstvu, da bi se izognili morebitnim te\u017eavam v zvezi z dobrobitjo \u017eivali pri zbiranju in prevozu teh \u017eivali.\u201c<\/p>\n\n\n\n<p>Od 9. septembra 2021 torej velja odstopanje, ki \u201eomogo\u010da zakol doma\u010dega goveda (razen bizonov), doma\u010dih pra\u0161i\u010dev in konjev na izvornem gospodarstvu, kadar obstajajo tveganja v smislu varnosti pri delu in dobrobiti \u017eivali zaradi prevoza \u017eivali v klavnico. \u0160tevilo \u017eivali, ki jih je treba zaklati v posameznem klavnem postopku, je omejeno na najve\u010d tri goveda ali najve\u010d \u0161est pra\u0161i\u010dev ali najve\u010d tri konje.<a rel=\"noreferrer noopener\" href=\"https:\/\/sessionnet.krz.de\/main-kinzig\/bi\/vo0050.asp?__kvonr=21857#_ftn1\" target=\"_blank\"><sup>[1]<\/sup><\/a>\u201eV tem okviru se opravi delno mobilni zakol. Regierungspr\u00e4sidium Kassel kot pristojni organ opravi preskus usposobljenosti premi\u010dnih klavnih enot. Ob obstoju lahko tak\u0161ne mobilne enote izmeni\u010dno uporablja ali uporablja ve\u010d podjetij. Posledica tega je visoka stopnja pro\u017enosti, ki takrat ni bila na voljo v vzor\u010dnem projektu \u201eExtrawurst\u201c. Tukaj je bila mobilna enota del odobrene klavnice EU.<\/p>\n\n\n\n<p><strong>Predmet vpra\u0161anja:<\/strong><\/p>\n\n\n\n<p>Okro\u017eje Main-Kinzig je od leta 2021 regija ekolo\u0161kega modela. Spodbujati je treba pridelavo ekolo\u0161ke in predvsem regionalne hrane, ki predstavlja poseben izziv za najbolj naseljeno okro\u017eje Hessen. Predvsem bi bilo treba zakol in predelavo rejnih \u017eivali, proizvedenih v okro\u017eju Main-Kinzig, izvajati blizu potro\u0161nika in brez dolgih prevoznih poti. Prevoz \u017eivali je veliko breme za \u017eivali.<\/p>\n\n\n\n<p>Z regionalnimi in hitro dostopnimi klavnicami je mogo\u010de prevoz \u017eivali mo\u010dno skraj\u0161ati, celo popolnoma prepre\u010diti z uporabo mobilne klavnice.<\/p>\n\n\n\n<p><strong>Vpra\u0161anja:<\/strong><\/p>\n\n\n\n<p><strong>Koliko odobrenih klavnic je v regiji Main-Kinzig-Kreis?<\/strong><\/p>\n\n\n\n<p><strong>Odgovor:<\/strong><\/p>\n\n\n\n<p>V okro\u017eju Main-Kinzig je trenutno 25 odobrenih klavnic (prej 27 leta 2020). Za izvajanje komercialnega zakola je potrebna odobritev zadevne klavnice s strani EU.<\/p>\n\n\n\n<p><strong>a.&nbsp;&nbsp;&nbsp;&nbsp;&nbsp;&nbsp;&nbsp;<\/strong><strong>Katere klavnice so to in koliko \u017eivali se tam zakolje na leto?<\/strong><\/p>\n\n\n\n<p><strong>Odgovor:<\/strong><\/p>\n\n\n\n<p>Klavnice v regiji Main-Kinzig-Kreis so dosledno strukturirane z obrtjo. To so bila in so \u0161e vedno dru\u017einska podjetja. \u0160tevilo letnih zakolov, opravljenih na teh gospodarstvih, se mo\u010dno razlikuje glede na pot tr\u017eenja. Analiza zakolov, opravljenih leta 2020, je pokazala, da je bilo na gospodarstvo opravljenih od enega do 2093 zakolov. V povpre\u010dju je torej mogo\u010de predpostaviti pribli\u017eno 467 zakolov na gospodarstvo\/leto (leta 2020).<\/p>\n\n\n\n<p><strong>b.&nbsp;&nbsp;&nbsp;&nbsp;&nbsp;&nbsp;<\/strong><strong>Koliko teh klavnic je certificiranih kot ekolo\u0161kih?<\/strong><\/p>\n\n\n\n<p><strong>Odgovor:<\/strong><\/p>\n\n\n\n<p>Po uradnih podatkih nobena klavnica v regiji Main-Kinzig-Kreis ni ekolo\u0161ko certificirana, \u010deprav je po njihovih lastnih navedbah vsaj v eni klavnici v regiji Main-Kinzig-Kreis zaklana tudi ekolo\u0161ka \u017eivinoreja.<\/p>\n\n\n\n<p><strong>c.&nbsp;&nbsp;&nbsp;&nbsp;&nbsp;&nbsp;&nbsp;<\/strong><strong>Koliko od teh klavnic je tudi razsekovalnic?<\/strong><\/p>\n\n\n\n<p><strong>Odgovor:<\/strong><\/p>\n\n\n\n<p>Od 25 klavnic jih ima 12 tudi dovoljenje EU za razsek.<\/p>\n\n\n\n<p><strong>Po ocenah uprave: Kolik\u0161en odstotek zakola \u017eivali na kmetijah v regiji Main-Kinzig-Kreis ne more biti izveden v okro\u017eju, ker klavnice manjkajo?<\/strong><\/p>\n\n\n\n<p><strong>Odgovor:<\/strong><\/p>\n\n\n\n<p>\u00d8 Perutnina:\u00a0\u00a0\u00a0\u00a0\u00a0\u00a0\u00a0\u00a0\u00a0\u00a0\u00a0\u00a0\u00a0\u00a0\u00a0\u00a0\u00a0\u00a0\u00a0\u00a0\u00a0\u00a090%<\/p>\n\n\n\n<p>\u00d8 Goveje meso:\u00a0\u00a0\u00a0\u00a0\u00a0\u00a0\u00a0\u00a0\u00a0\u00a0\u00a0\u00a0\u00a0\u00a0\u00a0\u00a0\u00a0\u00a0\u00a0\u00a0\u00a0\u00a0\u00a0\u00a0\u00a0\u00a0\u00a0\u00a0\u00a090%<\/p>\n\n\n\n<p>\u00d8 Pra\u0161i\u010d:\u00a0\u00a0\u00a0\u00a0\u00a0\u00a0\u00a0\u00a0\u00a0\u00a0\u00a0\u00a0\u00a0\u00a0\u00a0\u00a0\u00a0\u00a0\u00a0\u00a0\u00a0\u00a080%<\/p>\n\n\n\n<p>\u00d8 Ovce\/koze:\u00a0\u00a0\u00a0\u00a0\u00a0\u00a0\u00a0\u00a0\u00a0\u00a0\u00a0\u00a0\u00a0\u00a0\u00a050%<\/p>\n\n\n\n<p>\u00d8 Solipeds:\u00a0\u00a0\u00a0\u00a0\u00a0\u00a0\u00a0\u00a0\u00a0\u00a0\u00a0\u00a0\u00a0\u00a0\u00a0\u00a0\u00a0\u00a0\u00a0100%<\/p>\n\n\n\n<p>\u00d8 gojena divjad:\u00a0\u00a0\u00a0\u00a0\u00a0\u00a0\u00a0\u00a0\u00a0\u00a0\u00a0\u00a0\u00a0\u00a0\u00a0\u00a0\u00a0\u00a0\u00a0\u00a0\u00a085%<\/p>\n\n\n\n<p>Te ocene se nana\u0161ajo na \u010disto zmogljivost zakola. Drugi pomemben vidik je potrebna vrednostna veriga, ki stoji za njo. Brez zanesljivega zmanj\u0161anja zaklanega mesa razvoj zmogljivosti za zakol ni primeren.<\/p>\n\n\n\n<p><strong>Koliko dovoljenj je bilo izdanih v letu 2020 za<\/strong><\/p>\n\n\n\n<p><strong>a.&nbsp;&nbsp;&nbsp;&nbsp;&nbsp;&nbsp;&nbsp;<\/strong><strong>Streljanje na pa\u0161nikih?<\/strong><\/p>\n\n\n\n<p><strong>Odgovor:<\/strong><\/p>\n\n\n\n<p>Urad za veterinarske zadeve in varstvo potro\u0161nikov je leta 2020 na zahtevo odobril skupno 22 odstopanj za strel na pa\u0161niku.<\/p>\n\n\n\n<p><strong>b.&nbsp;&nbsp;&nbsp;&nbsp;&nbsp;&nbsp;<\/strong><strong>Uporaba mobilne klavnice?<\/strong><\/p>\n\n\n\n<p><strong>Odgovor:<\/strong><\/p>\n\n\n\n<p>V letu 2020 ni bila izdana nobena odobritev za uporabo mobilne klavnice, saj pri Uradu za veterinarske zadeve in varstvo potro\u0161nikov ni bila vlo\u017eena nobena taka vloga.<\/p>\n\n\n\n<p><strong>Kako si Main-Kinzig-Kreis prizadeva za spodbujanje regionalnih klavnic v okro\u017eju, da bi se izognili prevozu \u017eivali ali ga skraj\u0161ali?<\/strong><\/p>\n\n\n\n<p><strong>Odgovor:<\/strong><\/p>\n\n\n\n<p>Main-Kinzig-Kreis (Majna-Kinzig-Kreis) je organ za odobritev posameznega programa za spodbujanje kmetijskih nalo\u017eb v kmetijstvu. Ta program med drugim vklju\u010duje spodbujanje nalo\u017eb v diverzifikacijo, da se kmetijam omogo\u010di ustvarjanje dodatnih virov dohodka. Ti vklju\u010dujejo sodne mesnice in klavnice.<\/p>\n\n\n\n<p>Poleg tega je regija Main-Kinzig-Kreis od 1. januarja 2021 ekomodelska regija, zato si je zastavila cilj spodbujanja in \u0161irjenja regionalne proizvodnje, predelave in tr\u017eenja kmetijskih proizvodov.<\/p>\n\n\n\n<p>Na podro\u010dju \u017eivinoreje je okro\u017eje v tesnem stiku z drugimi vzor\u010dnimi regijami zvezne de\u017eele Hessen in podpira projekt \u201eBio-Weiderind\u201c. V okviru tega projekta je treba zdru\u017eiti ponudbo pa\u0161nega goveda s hesijskih ekolo\u0161kih kmetij. Cilj je razbremeniti proizvajalce bremena tr\u017eenja in zagotoviti, da se pri prodaji upo\u0161teva posebna reja ekolo\u0161kega goveda z vzpostavitvijo nove vrednostne verige.<\/p>\n\n\n\n<p><strong>Koliko in\u0161pekcijskih pregledov prevoza \u017eivali je v letu 2020 opravil Urad za veterino?<\/strong><\/p>\n\n\n\n<p><strong>a.&nbsp;&nbsp;&nbsp;&nbsp;&nbsp;&nbsp;&nbsp;<\/strong><strong>Kolik\u0161en dele\u017e vseh prevozov \u017eivali, opravljenih v regiji Main-Kinzig-Kreis leta 2020, je to?<\/strong><\/p>\n\n\n\n<p><strong>b.&nbsp;&nbsp;&nbsp;&nbsp;&nbsp;&nbsp;<\/strong><strong>Koliko kr\u0161itev uredbe o prevozu \u017eivali je bilo ugotovljenih?<\/strong><\/p>\n\n\n\n<p><strong>c.&nbsp;&nbsp;&nbsp;&nbsp;&nbsp;&nbsp;&nbsp;<\/strong><strong>Ali bi pove\u010danje \u0161tevila delovnih mest v veterinarskem uradu prineslo odstotek izbolj\u0161anja?<\/strong><\/p>\n\n\n\n<p><strong>Odgovor:<\/strong><\/p>\n\n\n\n<p>Zaradi pomanjkanja \u010dlove\u0161kih virov v letu 2020 ni bil izveden noben nadzor prometa. Poleg tega je treba upo\u0161tevati, da absolutno \u0161tevilo prevozov ni uradno znano, saj urad za veterinarske zadeve in varstvo potro\u0161nikov izve le za take prevoze, ki preva\u017eajo \u017eivino ali komercialne hi\u0161ne \u017eivali in pre\u010dkajo nacionalne meje, ko je za\u010detek ali namembni kraj prevoza v okro\u017eju Main-Kinzig.<\/p>\n\n\n\n<p>Pove\u010danje \u0161tevila potrebnega veterinarskega osebja bi Uradu za veterinarstvo in varstvo potro\u0161nikov omogo\u010dilo, da sploh opravi pomembne preglede prevoza.<\/p>\n\n\n\n<p><strong>Main-Kinzig-Kreis ni \u017eelel uporabiti ali kupiti mobilne klavnice. V tem primeru bi bilo pravo EU v nasprotju z napotitvijo, je takrat dejal v obrazlo\u017eitvenem memorandumu. V Wetterauu se je skupaj s pobudo \u201eExtrawurst\u201c izvajala mobilna klavnica, obstaja pa tudi kmet, ki upravlja mobilno klavnico perutnine, ki jo je med drugim podprla tudi EU.<\/strong><\/p>\n\n\n\n<p><strong>a.&nbsp;&nbsp;&nbsp;&nbsp;&nbsp;&nbsp;<\/strong><strong>Katere druge direktive ali zahteve EU veljajo v Wetteraukreis, ki omogo\u010dajo njihovo uporabo?<\/strong><\/p>\n\n\n\n<p><strong>\u010ce so osnovne zahteve enake: Kaj je razlog, da uprava ne kupi mobilne klavnice?<\/strong><\/p>\n\n\n\n<p><strong>\u010ce osnovne zahteve niso enake: Katere ukrepe bi bilo treba sprejeti za vzpostavitev mobilne klavnice v okro\u017eju?<\/strong><\/p>\n\n\n\n<p><strong>Odgovor:<\/strong><\/p>\n\n\n\n<p>Leta 2021 se je pravni polo\u017eaj po vsej Evropi spremenil. V eni od uvodnih izjav Uredbe (ES) \u0161t. 853\/2004 je navedeno:<\/p>\n\n\n\n<p>\u201eIzbolj\u0161anje dobrobiti \u017eivali je eden od ukrepov, ki jih je Komisija predlagala v strategiji \u201eod vil do vilic\u201c za pravi\u010den, zdrav in okolju prijazen prehranski sistem v okviru evropskega zelenega dogovora. Spremenile so se zlasti navade pri u\u017eivanju mesa, Evropski parlament, kmetje in potro\u0161niki pa vse pogosteje pozivajo, naj se dovoli zakol nekaterih doma\u010dih kopitarjev na izvornem gospodarstvu, da bi se izognili morebitnim te\u017eavam v zvezi z dobrobitjo \u017eivali pri zbiranju in prevozu teh \u017eivali.\u201c<\/p>\n\n\n\n<p>Od 9. septembra 2021 torej velja odstopanje, ki \u201eomogo\u010da zakol doma\u010dega goveda (razen bizonov), doma\u010dih pra\u0161i\u010dev in konjev na izvornem gospodarstvu, kadar obstajajo tveganja v smislu varnosti pri delu in dobrobiti \u017eivali zaradi prevoza \u017eivali v klavnico. \u0160tevilo \u017eivali, ki jih je treba zaklati v posameznem klavnem postopku, je omejeno na najve\u010d tri goveda ali najve\u010d \u0161est pra\u0161i\u010dev ali najve\u010d tri konje.<a href=\"https:\/\/sessionnet.krz.de\/main-kinzig\/bi\/vo0050.asp?__kvonr=21857#_ftn1\" target=\"_blank\" rel=\"noreferrer noopener\"><sup>[1]<\/sup><\/a>\u201eV tem okviru se opravi delno mobilni zakol. Regierungspr\u00e4sidium Kassel kot pristojni organ opravi preskus usposobljenosti premi\u010dnih klavnih enot. Ob obstoju lahko tak\u0161ne mobilne enote izmeni\u010dno uporablja ali uporablja ve\u010d podjetij. Posledica tega je visoka stopnja pro\u017enosti, ki takrat ni bila na voljo v vzor\u010dnem projektu \u201eExtrawurst\u201c. Tukaj je bila mobilna enota del odobrene klavnice EU.<\/p>","protected":false},"excerpt":{"rendered":"<p>Predmet vpra\u0161anja: Okro\u017eje Main-Kinzig je od leta 2021 regija ekolo\u0161kega modela. Spodbujati je treba pridelavo ekolo\u0161ke in predvsem regionalne hrane, ki predstavlja posebno [...]<\/p>","protected":false},"author":-1,"featured_media":0,"comment_status":"open","ping_status":"open","sticky":false,"template":"","format":"standard","meta":{"footnotes":""},"categories":[9],"tags":[],"class_list":["post-513","post","type-post","status-publish","format-standard","hentry","category-antraege-und-anfragen"],"_links":{"self":[{"href":"https:\/\/www.gruene-mkk.de\/sl\/wp-json\/wp\/v2\/posts\/513","targetHints":{"allow":["GET"]}}],"collection":[{"href":"https:\/\/www.gruene-mkk.de\/sl\/wp-json\/wp\/v2\/posts"}],"about":[{"href":"https:\/\/www.gruene-mkk.de\/sl\/wp-json\/wp\/v2\/types\/post"}],"author":[{"embeddable":true,"href":"https:\/\/www.gruene-mkk.de\/sl\/wp-json\/wp\/v2\/users\/2"}],"replies":[{"embeddable":true,"href":"https:\/\/www.gruene-mkk.de\/sl\/wp-json\/wp\/v2\/comments?post=513"}],"version-history":[{"count":1,"href":"https:\/\/www.gruene-mkk.de\/sl\/wp-json\/wp\/v2\/posts\/513\/revisions"}],"predecessor-version":[{"id":514,"href":"https:\/\/www.gruene-mkk.de\/sl\/wp-json\/wp\/v2\/posts\/513\/revisions\/514"}],"wp:attachment":[{"href":"https:\/\/www.gruene-mkk.de\/sl\/wp-json\/wp\/v2\/media?parent=513"}],"wp:term":[{"taxonomy":"category","embeddable":true,"href":"https:\/\/www.gruene-mkk.de\/sl\/wp-json\/wp\/v2\/categories?post=513"},{"taxonomy":"post_tag","embeddable":true,"href":"https:\/\/www.gruene-mkk.de\/sl\/wp-json\/wp\/v2\/tags?post=513"}],"curies":[{"name":"wp","href":"https:\/\/api.w.org\/{rel}","templated":true}]}}