{"id":508,"date":"2021-09-06T13:59:00","date_gmt":"2021-09-06T11:59:00","guid":{"rendered":"https:\/\/www.alles-bleibt-anders.org\/?p=508"},"modified":"2021-11-24T14:02:13","modified_gmt":"2021-11-24T13:02:13","slug":"antrag-mkk-soll-sicherer-hafen-werden","status":"publish","type":"post","link":"https:\/\/www.gruene-mkk.de\/sl\/antrag-mkk-soll-sicherer-hafen-werden\/","title":{"rendered":"Zahtevek: MKK postaja varno zato\u010di\u0161\u010de"},"content":{"rendered":"<p><strong>Okrajni svet odlo\u010di:&nbsp;&nbsp;&nbsp;&nbsp;&nbsp; &nbsp;&nbsp;&nbsp;&nbsp;&nbsp;<\/strong><\/p>\n\n\n\n<p>1. Okro\u017eje Main-Kinzig se je razglasilo za \u201evarno zato\u010di\u0161\u010de\u201c in ponovno izra\u017ea solidarnost z ljudmi na begu.<\/p>\n\n\n\n<p>2. Main-Kinzig-Kreis je zavezana izvajanju osmih zahtev pobude za pomorski most \u2013 ustvarjanje varnih pristani\u0161\u010d. V ta namen se skupina obra\u010da na pobudo, da bi razpravljala o na\u010dinih izvajanja zahtev.<\/p>\n\n\n\n<p><strong>Obrazlo\u017eitveni memorandum:<\/strong><\/p>\n\n\n\n<p>Nedavni dogodki v Afganistanu ka\u017eejo, kako pomemben je sprejem beguncev. Medtem ko so dr\u017eave, kot so ZDA, uspele evakuirati veliko ljudi, se je Nem\u010dija ovirala z lastno birokracijo, voditelji pa so poudarili, \u201eda se leto 2015 ne sme ponoviti\u201c. Niso mislili na humanitarne katastrofe, ampak na begunce, ki so iskali za\u0161\u010dito v Nem\u010diji.<\/p>\n\n\n\n<p>Izklju\u010ditev ni legitimno politi\u010dno sredstvo v \u010dasu potrebe. Zato se mora okro\u017eje strinjati, da bo prostovoljno sprejelo posebej ranljive osebe in ga razglasilo za \u201evarno zato\u010di\u0161\u010de\u201c, kot je to \u017ee storilo 267 ob\u010din in okro\u017eij (do 25. avgusta 2021).<\/p>\n\n\n\n<p>Okro\u017eje Main-Kinzig je \u017ee leta 2019 imelo prilo\u017enost postati \u201evarno zato\u010di\u0161\u010de\u201c. SPD in CDU sta zavrnila ustrezen predlog Levice in Zelenih, namesto tega pa je bil sprejet predlog spremembe. V njem je krog zavezan svoji pravni in humanitarni obveznosti, da sprejme begunce. \u010ce velika koalicija meni, da jo ta sprememba zavezuje zaradi humanitarne katastrofe v Afganistanu, se mora zdaj zavezati, da bo sprejela ranljive ljudi in v skladu s tem okro\u017eje Main-Kinzig razglasila za varno zato\u010di\u0161\u010de.<\/p>\n\n\n\n<p>Humanitarna katastrofa, ki se trenutno dogaja v Afganistanu, se \u017ee ve\u010d let dogaja tudi na evropski zunanji meji. Na begu pred lakoto in vojno ljudje pogosto potujejo na stotine kilometrov po Sredozemlju v preprostih napihljivih \u010dolnih. Pri tem se pogosto znajdejo v stiski na morju in so odvisni od re\u0161evanja zasebnih re\u0161evalcev na morju, saj jih evropske dr\u017eave ne re\u0161ujejo. Od leta 2014 se je med begom iz Sredozemskega morja utopilo pribli\u017eno 21.800 ljudi.<\/p>\n\n\n\n<p>\u010ce pobeg kljub temu uspe, morajo mnogi \u017eiveti v tabori\u0161\u010dih za pridr\u017eanje v nerazumnih higienskih razmerah in brez ustrezne osnovne oskrbe. Primeri tega so tabori\u0161\u010da na Malti in Lezbosu.<\/p>\n\n\n\n<p>\u010ceprav se dr\u017eave \u010dlanice EU \u017ee dolgo zavedajo razmer v begunskih tabori\u0161\u010dih na zunanjih mejah, so razmere v teh tabori\u0161\u010dih \u0161e vedno katastrofalne. Primanjkuje elektrike, teko\u010de vode in zato\u010di\u0161\u010da, primernega za ustrezne vremenske razmere. Za otroke, ki morajo \u017eiveti v tabori\u0161\u010dih, obi\u010dajno ni mo\u017enosti, da bi \u0161li v \u0161olo.<\/p>\n\n\n\n<p>Podatki iz lanskega leta in za\u010detka leta 2021 ka\u017eejo, da so prebivalci begunskih tabori\u0161\u010d pogosto izpostavljeni tudi koronavirusu, ki se mo\u010dno \u0161iri zaradi prostorske ozkosti in slabih higienskih razmer.<\/p>\n\n\n\n<p>Pobuda Safe Harbours je solidarna z ljudmi na begu, zagovarja varne poti za izhod v sili in si prizadeva zagotoviti, da begunci pridejo in ostanejo v Nem\u010diji.<\/p>\n\n\n\n<p>Pristop kroga k tej pobudi bi bil pomemben znak solidarnosti. Hkrati se zavezuje, da bo izpolnil osem ustreznih zahtev pobude in redno posodabljal napredek na spleti\u0161\u010du pobude (https:\/\/seebruecke.org\/sichere-haefen\/haefen).<\/p>\n\n\n\n<p>Zahteve pobude:<\/p>\n\n\n\n<p>\u2013 Javna izjava o solidarnosti<\/p>\n\n\n\n<p>\u2013 Aktivna podpora za re\u0161evanje na morju<\/p>\n\n\n\n<p>\u2013 Vklju\u010ditev poleg kvote<\/p>\n\n\n\n<p>\u2013 Podporni programi za sprejem<\/p>\n\n\n\n<p>\u2013 Zagotavljanje lokalnih prihodov<\/p>\n\n\n\n<p>\u2013 Nacionalno in evropsko povezovanje v mre\u017ee<\/p>\n\n\n\n<p>\u2013 Safe Havens Alliance<\/p>\n\n\n\n<p>\u2013 Preglednost<\/p>\n\n\n\n<p>Da bi dosegli te cilje, krog stopi v stik s pobudo, da bi skupaj razpravljali o mo\u017enostih.<\/p>","protected":false},"excerpt":{"rendered":"<p>Okrajni svet odlo\u010di:\u00a0\u00a0\u00a0\u00a0\u00a0 \u00a0\u00a0\u00a0\u00a0\u00a0 1. Okro\u017eje Main-Kinzig se je razglasilo za \u201evarno zato\u010di\u0161\u010de\u201c in ponovno izra\u017ea solidarnost z ljudmi na begu. 2. Main-Kinzig-Kreis je zavezana k izpolnjevanju osmih zahtev [...]<\/p>","protected":false},"author":-1,"featured_media":0,"comment_status":"open","ping_status":"open","sticky":false,"template":"","format":"standard","meta":{"footnotes":""},"categories":[9],"tags":[],"class_list":["post-508","post","type-post","status-publish","format-standard","hentry","category-antraege-und-anfragen"],"_links":{"self":[{"href":"https:\/\/www.gruene-mkk.de\/sl\/wp-json\/wp\/v2\/posts\/508","targetHints":{"allow":["GET"]}}],"collection":[{"href":"https:\/\/www.gruene-mkk.de\/sl\/wp-json\/wp\/v2\/posts"}],"about":[{"href":"https:\/\/www.gruene-mkk.de\/sl\/wp-json\/wp\/v2\/types\/post"}],"author":[{"embeddable":true,"href":"https:\/\/www.gruene-mkk.de\/sl\/wp-json\/wp\/v2\/users\/2"}],"replies":[{"embeddable":true,"href":"https:\/\/www.gruene-mkk.de\/sl\/wp-json\/wp\/v2\/comments?post=508"}],"version-history":[{"count":1,"href":"https:\/\/www.gruene-mkk.de\/sl\/wp-json\/wp\/v2\/posts\/508\/revisions"}],"predecessor-version":[{"id":510,"href":"https:\/\/www.gruene-mkk.de\/sl\/wp-json\/wp\/v2\/posts\/508\/revisions\/510"}],"wp:attachment":[{"href":"https:\/\/www.gruene-mkk.de\/sl\/wp-json\/wp\/v2\/media?parent=508"}],"wp:term":[{"taxonomy":"category","embeddable":true,"href":"https:\/\/www.gruene-mkk.de\/sl\/wp-json\/wp\/v2\/categories?post=508"},{"taxonomy":"post_tag","embeddable":true,"href":"https:\/\/www.gruene-mkk.de\/sl\/wp-json\/wp\/v2\/tags?post=508"}],"curies":[{"name":"wp","href":"https:\/\/api.w.org\/{rel}","templated":true}]}}