{"id":503,"date":"2021-08-23T13:55:00","date_gmt":"2021-08-23T11:55:00","guid":{"rendered":"https:\/\/www.alles-bleibt-anders.org\/?p=503"},"modified":"2021-11-24T13:56:42","modified_gmt":"2021-11-24T12:56:42","slug":"anfrage-zur-fluechtlingsunterbringung-im-mkk","status":"publish","type":"post","link":"https:\/\/www.gruene-mkk.de\/sl\/anfrage-zur-fluechtlingsunterbringung-im-mkk\/","title":{"rendered":"Pro\u0161nja za nastanitev beguncev v MKK"},"content":{"rendered":"<p><strong>Predmet vpra\u0161anja:<\/strong><\/p>\n\n\n\n<p>Od leta 2015 se begunci dodeljujejo ob\u010dinam po razdelitvenem klju\u010du. Stanovanjski primanjkljaji so se le delno izravnali z enkratnimi pla\u010dili MKK ob\u010dinam za leta 2015+2016, 2017, 2018 in 2019.<\/p>\n\n\n\n<p>\u0160tevilne ob\u010dine so morale nadomestiti znatne primanjkljaje v nastanitvi beguncev, zlasti v letih 2018 in 2019.<\/p>\n\n\n\n<p><strong>Vpra\u0161anja:<\/strong><\/p>\n\n\n\n<p><strong>Uvodna opomba:<\/strong><\/p>\n\n\n\n<p>Osnova za povra\u010dilo dr\u017eavnih stro\u0161kov okro\u017ejem in mestom brez okro\u017eij je AufnG-HE (Hessian Land Reception Act). Oddelek 7 ureja povra\u010dilo de\u017eele okro\u017ejem in mestom brez okro\u017eij:<\/p>\n\n\n\n<p>Odstavek 1:\u201c<em>Stro\u0161ki, ki jih imajo okro\u017eja in ob\u010dine zaradi sprejema in nastanitve oseb v skladu z odstavkom 1, se povrnejo v obliki fiksnih zneskov (pav\u0161alnih stopenj) v skladu s prilogo k odstavku 7.<\/em>\u201e.<\/p>\n\n\n\n<p>Odstavek 5:&nbsp;<em>\u201ePokrajinska vlada prilagodi zneske z odlokom, \u010de in kolikor je to potrebno, ob upo\u0161tevanju razvoja stro\u0161kov. Upravni stro\u0161ki se ne upo\u0161tevajo.\u201c<\/em><\/p>\n\n\n\n<p>Z odstopanjem od tega pravila se celotni stro\u0161ki, vklju\u010dno z upravnimi stro\u0161ki, povrnejo za oskrbo mladoletnih beguncev brez spremstva, ki prejemajo socialno pomo\u010d za mlade.<\/p>\n\n\n\n<p>Stro\u0161ki zdravstvene oskrbe beguncev na podlagi \u010dlena 1 AufnG-HE se prav tako v celoti povrnejo, \u010de presegajo znesek 10 000 EUR na osebo na koledarsko leto.<\/p>\n\n\n\n<p><strong><em>Povra\u010dilo za Main-Kinzig-Kreis se izvede<\/em><\/strong><strong><em>:<\/em><\/strong><br>&nbsp;<\/p>\n\n\n\n<p>1.\u00a0\u00a0v vi\u0161ini 940 EUR mese\u010dno za skupino oseb, upravi\u010denih do dajatev v skladu z oddelkom 1 Zakona o dajatvah za prosilce za azil (AsylbLG), za \u010das trajanja azilnega postopka in do tri leta po kon\u010dnem negativnem zaklju\u010dku azilnega postopka.<\/p>\n\n\n\n<p>2.\u00a0\u00a0Povra\u010dilo celotnih stro\u0161kov zdravstvenih storitev iz izdatkov v vi\u0161ini ve\u010d kot 10.000 EUR letno v posameznih primerih.<\/p>\n\n\n\n<p>3.\u00a0\u00a0enkratni znesek v vi\u0161ini 3 000 EUR za osebe, ki prejmejo dovoljenje za prebivanje po uspe\u0161nem zaklju\u010dku azilnega postopka.<\/p>\n\n\n\n<p>Povra\u010dilo stro\u0161kov v skladu s Prilogo 1 k \u010dlenu 7(1) AufnG-HE je razdeljeno v tri skupine (okro\u017eja, ki so zavezana namestitvi, in prosta mesta) zaradi regionalnih razlik v izdatkih:<\/p>\n\n\n\n<p>Faza 1: 1,050 EUR<\/p>\n\n\n\n<p>Faza 2:\u00a0\u00a0\u00a0\u00a0940 EUR<\/p>\n\n\n\n<p>Tretja faza:\u00a0\u00a0\u00a0\u00a0865 EUR<\/p>\n\n\n\n<p>Pav\u0161alni zneski se letno pove\u010dajo za 1,5 %.% za trenutno obdobje veljavnosti zakona od 1. januarja 2021 do 31. decembra 2027.<\/p>\n\n\n\n<p>Zneski, ki se krijejo s temi nadomestili, so: Redne potrebe beguncev (prehrana, pitje, obla\u010dila itd.), stro\u0161ki nastanitve, stro\u0161ki zdravstvenega varstva, posebne potrebe, kot je \u0161olski dodatek itd., upravni stro\u0161ki in dodatne storitve vklju\u010devanja.<\/p>\n\n\n\n<p><strong><em>Zvezna de\u017eela Hessen Main-Kinzig-Kreis ne povrne stro\u0161kov:<\/em><\/strong><\/p>\n\n\n\n<p>\u2013 Za stro\u0161ke dajatev na podlagi AsylbLG za begunce po izteku zgoraj navedenega triletnega obdobja povra\u010dila, za katere vrnitev v mati\u010dno dr\u017eavo dolgoro\u010dno ni mogo\u010da. Na dan 30. septembra 2021 to vpliva na stro\u0161ke storitev za pribli\u017eno 370 oseb, trend pa se pove\u010duje.<\/p>\n\n\n\n<p>\u2013 Za stro\u0161ke zdravstvenega varstva na osebo v zvezi z dajatvami AsylbLG do 10 000 EUR na leto v posameznih primerih.<\/p>\n\n\n\n<p>\u2013 Za stro\u0161ke nastanitve nekdanjih beguncev, ki ostanejo v skupni nastanitvi po pridobitvi pravice do prebivanja.<\/p>\n\n\n\n<p><strong>1.&nbsp;&nbsp;&nbsp;&nbsp;<\/strong><strong>Ali lahko MKK zaradi dobrega finan\u010dnega polo\u017eaja v celoti nadomesti primanjkljaje ob\u010din iz nastanitve beguncev v letih 2020 in 2021 ter naslednjih letih?<\/strong><\/p>\n\n\n\n<p><strong>Odgovor:<\/strong>&nbsp;Dr\u017eava Main-Kinzig-Kreis je okro\u017enim ob\u010dinam pla\u010dala skupaj 20 200 000 EUR posebnih pla\u010dil za izravnavo primanjkljaja za leto 2015 \u2013 vklju\u010dno z letom 2019.<\/p>\n\n\n\n<p>Od tega zneska je znesek<\/p>\n\n\n\n<p>3,2 milijona EUR za leto 2018 \u2013 izpla\u010dano v prora\u010dunskem letu 2020<\/p>\n\n\n\n<p>2,5 milijona EUR za leto 2019 \u2013 izpla\u010dano v prora\u010dunskem letu 2021.<\/p>\n\n\n\n<p>Na\u010drtovan pristop za nadaljnja povra\u010dila v prora\u010dunu urada za javni red, migracije in vklju\u010devanje ne obstaja.<\/p>\n\n\n\n<p><strong>2.&nbsp;&nbsp;&nbsp;&nbsp;&nbsp;&nbsp;&nbsp;<\/strong><strong>Dr\u017eava Hessen pla\u010duje glavnemu Kinzig-Kreisu za nastanitev beguncev<\/strong><\/p>\n\n\n\n<p><strong>a.&nbsp;&nbsp;&nbsp;&nbsp;&nbsp;&nbsp;&nbsp;<\/strong><strong>Kak\u0161no je bilo pla\u010dilo dr\u017eave okro\u017eju v letih 2019 in 2020?<\/strong><\/p>\n\n\n\n<p>2019: Na\u010drtovana vrednost 20,6 milijona EUR, IS 18,6 milijona EUR<\/p>\n\n\n\n<p>2020: Na\u010drtovana vrednost 19 milijonov EUR, IS 14,96 milijona EUR.<\/p>\n\n\n\n<p><strong>b.&nbsp;&nbsp;&nbsp;&nbsp;&nbsp;&nbsp;<\/strong><strong>Kak\u0161ni so bili skupni stro\u0161ki ob\u010din za nastanitev beguncev v letu 2019?<\/strong><\/p>\n\n\n\n<p>Main-Kinzig-Kreis ne more predlo\u017eiti izjave o skupnih stro\u0161kih, nastalih na ravni 29 mest in ob\u010din.<\/p>\n\n\n\n<p>Obi\u010dajni stro\u0161ki za okro\u017eje so zna\u0161ali:<\/p>\n\n\n\n<p>za leto 2019 na pribli\u017eno 23 milijonov EUR<\/p>\n\n\n\n<p>za leto 2020 pribli\u017eno 17,1 milijona EUR.<\/p>\n\n\n\n<p><strong>c.&nbsp;&nbsp;&nbsp;&nbsp;&nbsp;&nbsp;&nbsp;<\/strong><strong>\u010ce so stro\u0161ki vi\u0161ji od pla\u010dila de\u017eele Hessen: Zakaj pla\u010dila dr\u017eave ne krijejo stro\u0161kov? Kak\u0161ne mo\u017enosti ima krog, da bi tukaj dosegel pla\u010dilo, ki pokriva stro\u0161ke?<\/strong><\/p>\n\n\n\n<p>Pav\u0161alne zneske povra\u010dil ureja zakon v \u010dlenu 7 AufnG-HE, trenutno za obdobje od 1. januarja 2021 do 31. december 2027. Povra\u010dila dr\u017eave ne krijejo nujno stro\u0161kov, saj se na primer povrnejo izklju\u010dno upravi\u010denim beguncem (glej \u00bbUvodne opombe\u00ab). Povra\u010dila dolo\u010di de\u017eela Hessen. Smernice za dolo\u010danje pav\u0161alnih stopenj so zbirka podatkov vseh hesijskih okro\u017eij in mest brez okro\u017eij pred prenovitvijo AufnG-HE. Po eni strani je Main-Kinzig-Kreis zastopan v delovni skupini za azil in delovni podskupini \u201eLAG\u201c okro\u017eja Hessisches Landkreistag.<\/p>\n\n\n\n<p>Posvetovanje o rezultatih zbiranja podatkov o okro\u017ejih in mestih brez okro\u017eij Hessian poteka na ravni pristojnega ministrstva in krovnih ob\u010dinskih zdru\u017eenj. Main-Kinzig-Kreis je med temi posvetovanji tudi del razli\u010dnih svetovalnih skupin.<\/p>\n\n\n\n<p><strong>3.&nbsp;&nbsp;&nbsp;&nbsp;<\/strong><strong>Kdo preverja naselje med dr\u017eavo in okro\u017ejem ter uporabo sredstev, pla\u010danih za nastanitev beguncev?<\/strong><\/p>\n\n\n\n<p>Obra\u010dunavanje med dr\u017eavo ter okro\u017eji in mesti brez okro\u017eij poteka prek digitaliziranega postopka obra\u010dunavanja LAGPausch, ki ga zagotavlja zvezna de\u017eela Hessen. Revizijo izvaja osebje Urada 32 (javna varnost in red, migracije in vklju\u010devanje).<\/p>\n\n\n\n<p><strong>4.&nbsp;&nbsp;&nbsp;&nbsp;&nbsp;&nbsp;&nbsp;<\/strong><strong>Kriza v Afganistanu lahko mo\u010dno pove\u010da \u0161tevilo beguncev<\/strong><\/p>\n\n\n\n<p><strong>a.&nbsp; &nbsp; &nbsp;&nbsp;<\/strong><strong>Ali Main-Kinzig-Kreis sprejema previdnostne ukrepe za prevzem nastanitve in financiranja v celotnem okro\u017eju v primeru vse ve\u010djega \u0161tevila beguncev, da bi razbremenila ob\u010dine in prostovoljstvo?<\/strong><\/p>\n\n\n\n<p>Okro\u017eje Main-Kinzig z letnim sklepom okrajnega odbora begunce za sprejem v okrajne ob\u010dine dolo\u010di po fiksni stopnji sprejema (trenutni sklep z dne 17. avgusta 2021 za obdobje od 1. julija 2021 do 30. junija 2022). Mesta in ob\u010dine so bili z dopisom z dne 23. avgusta 2021 obve\u0161\u010deni o morebitnem pove\u010danju \u0161tevila dodeljenih sredstev. Za financiranje podvpra\u0161anja glej odgovor pod to\u010dko 2c.<\/p>\n\n\n\n<p><strong>b.&nbsp;&nbsp;&nbsp;&nbsp;&nbsp;&nbsp;<\/strong><strong>Kak\u0161ne mo\u017enosti ima okro\u017eje, \u010de so zato\u010di\u0161\u010da za begunce izkori\u0161\u010dena po celotnem okro\u017eju? Ali za to \u017ee obstajajo na\u010drti?<\/strong><\/p>\n\n\n\n<p>Za nastanitev na kraju samem so odgovorne okro\u017ene ob\u010dine, ki zagotavljajo dovolj stanovanj glede na njihovo stopnjo sprejema (skupna nastanitev ali posamezna stanovanja), ter okro\u017eje Main-Kinzig, ki upravlja skupno nastanitev v Schl\u00fcchternu. Stro\u0161ke nastanitve krije pristojni ponudnik storitev za vsak primer posebej.<\/p>\n\n\n\n<p><strong>c.&nbsp;&nbsp;&nbsp;&nbsp;&nbsp;&nbsp;&nbsp;<\/strong><strong>Zaradi pandemije koronavirusa lahko ob\u010dine okro\u017eja zamujajo s pla\u010dili ali imajo te\u017eave s pla\u010dili, da bi nadomestile morebitno pomanjkanje nastanitve beguncev. Ali namerava okro\u017eje odobriti zmanj\u0161anje dolga ali v celoti nadomestiti primanjkljaje ustreznim ob\u010dinam, ki izpolnjujejo svojo obveznost glede nastanitve, vendar ne prejemajo zadostnih sredstev (glej vpra\u0161anje 1)?<\/strong><\/p>\n\n\n\n<p>Ustreznega trenda, kot je opisan zgoraj, trenutno ni mogo\u010de zaznati. \u010ce financiranje iz teko\u010dega prora\u010duna ni mogo\u010de, ga je treba zagotoviti iz likvidnih sredstev (gotovinsko stanje) ali financirati z likvidnostnimi posojili. Zmanj\u0161anje dolga s pravnega vidika ni mogo\u010de.<\/p>\n\n\n\n<p><strong>d.&nbsp;&nbsp;&nbsp;&nbsp;&nbsp;&nbsp;<\/strong><strong>Ali je krog v ta namen na\u010drtoval ustrezen znesek kritja ali varnostne rezerve v prora\u010dunu?<\/strong><\/p>\n\n\n\n<p>Main-Kinzig-Kreis ni na\u010drtoval lo\u010dene varnostne rezerve za morebitne primanjkljaje ob\u010din na tem obmo\u010dju. Okro\u017eje Main-Kinzig ima za lasten prora\u010dun, tako kot vse ob\u010dine, gotovinsko stanje in prilo\u017enost, da se zate\u010de k kratkoro\u010dnim likvidnostnim posojilom.<\/p>\n\n\n\n<p><strong>&nbsp;&nbsp;&nbsp;&nbsp;&nbsp;&nbsp;&nbsp;&nbsp;&nbsp;&nbsp;&nbsp;&nbsp;&nbsp;&nbsp;&nbsp;&nbsp;&nbsp;&nbsp;&nbsp;&nbsp;&nbsp;&nbsp;&nbsp;&nbsp;&nbsp;&nbsp;&nbsp;&nbsp;&nbsp;&nbsp;&nbsp;&nbsp;&nbsp;i.&nbsp;&nbsp;&nbsp;&nbsp;<\/strong><strong>\u010ce je tako, kako visoka je?<\/strong><\/p>\n\n\n\n<p>Znesek likvidnostnih posojil okro\u017eja Main-Kinzig je dolo\u010den v prora\u010dunu. Skupni znesek za leto 2021 zna\u0161a 30 milijonov EUR.<\/p>","protected":false},"excerpt":{"rendered":"<p>Predmet vpra\u0161anja: Od leta 2015 se begunci dodeljujejo ob\u010dinam po razdelitvenem klju\u010du. Primanjkljaji iz nastanitve so bili le delno pokriti z enkratnimi pla\u010dili MKK za leta 2015+2016, [...]<\/p>","protected":false},"author":-1,"featured_media":19,"comment_status":"open","ping_status":"open","sticky":false,"template":"","format":"standard","meta":{"footnotes":""},"categories":[9],"tags":[],"class_list":["post-503","post","type-post","status-publish","format-standard","has-post-thumbnail","hentry","category-antraege-und-anfragen"],"_links":{"self":[{"href":"https:\/\/www.gruene-mkk.de\/sl\/wp-json\/wp\/v2\/posts\/503","targetHints":{"allow":["GET"]}}],"collection":[{"href":"https:\/\/www.gruene-mkk.de\/sl\/wp-json\/wp\/v2\/posts"}],"about":[{"href":"https:\/\/www.gruene-mkk.de\/sl\/wp-json\/wp\/v2\/types\/post"}],"author":[{"embeddable":true,"href":"https:\/\/www.gruene-mkk.de\/sl\/wp-json\/wp\/v2\/users\/2"}],"replies":[{"embeddable":true,"href":"https:\/\/www.gruene-mkk.de\/sl\/wp-json\/wp\/v2\/comments?post=503"}],"version-history":[{"count":1,"href":"https:\/\/www.gruene-mkk.de\/sl\/wp-json\/wp\/v2\/posts\/503\/revisions"}],"predecessor-version":[{"id":504,"href":"https:\/\/www.gruene-mkk.de\/sl\/wp-json\/wp\/v2\/posts\/503\/revisions\/504"}],"wp:featuredmedia":[{"embeddable":true,"href":"https:\/\/www.gruene-mkk.de\/sl\/wp-json\/wp\/v2\/media\/19"}],"wp:attachment":[{"href":"https:\/\/www.gruene-mkk.de\/sl\/wp-json\/wp\/v2\/media?parent=503"}],"wp:term":[{"taxonomy":"category","embeddable":true,"href":"https:\/\/www.gruene-mkk.de\/sl\/wp-json\/wp\/v2\/categories?post=503"},{"taxonomy":"post_tag","embeddable":true,"href":"https:\/\/www.gruene-mkk.de\/sl\/wp-json\/wp\/v2\/tags?post=503"}],"curies":[{"name":"wp","href":"https:\/\/api.w.org\/{rel}","templated":true}]}}