{"id":501,"date":"2021-08-20T13:53:00","date_gmt":"2021-08-20T11:53:00","guid":{"rendered":"https:\/\/www.alles-bleibt-anders.org\/?p=501"},"modified":"2021-11-24T13:55:26","modified_gmt":"2021-11-24T12:55:26","slug":"anfrage-zum-plastikverbrauch-der-verwaltung","status":"publish","type":"post","link":"https:\/\/www.gruene-mkk.de\/sl\/anfrage-zum-plastikverbrauch-der-verwaltung\/","title":{"rendered":"Zahtevek za porabo plastike s strani uprave"},"content":{"rendered":"<p><strong>Predmet vpra\u0161anja:<\/strong><\/p>\n\n\n\n<p>31. avgusta 2018 se je okro\u017eni svet odlo\u010dil, da odpravi plasti\u010dne proizvode za enkratno uporabo, ki se jim je mogo\u010de izogniti, v stavbah okro\u017eja, v lastnih podjetjih okro\u017eja in na prireditvah.<\/p>\n\n\n\n<p><strong>Vpra\u0161anja:<\/strong><\/p>\n\n\n\n<p><strong>Kateri ukrepi so se izvajali od takrat<\/strong><\/p>\n\n\n\n<p><strong>a)&nbsp;&nbsp;&nbsp;&nbsp;&nbsp;&nbsp;<\/strong><strong>Iz administracije?<\/strong><\/p>\n\n\n\n<p><strong>Odgovor:<\/strong><br>\u2013 Sadje in \u017eita so na voljo izklju\u010dno v kozarcih.<\/p>\n\n\n\n<p>\u2013 Solate in prelivi \u201eza pot\u201c se pakirajo v posode, primerne za kompostiranje.<\/p>\n\n\n\n<p>\u2013 Skodelice za kavo se izdajajo tudi kot posode, primerne za kompostiranje.<\/p>\n\n\n\n<p>\u2013 Ponudi se vr\u010d MKK.<\/p>\n\n\n\n<p>\u2013 Lahko se napolnijo va\u0161e skodelice.<\/p>\n\n\n\n<p>\u2013 Z izjemo sladkarij in sendvi\u010d embala\u017ee se plasti\u010dna embala\u017ea ne uporablja ve\u010d.<\/p>\n\n\n\n<p><strong>b)&nbsp;&nbsp;&nbsp;&nbsp;&nbsp;&nbsp;<\/strong><strong>iz lastnih podjetij?<\/strong><\/p>\n\n\n\n<p><strong>Odgovor:<\/strong><\/p>\n\n\n\n<p>Pri zbiranju informacij so bila upo\u0161tevana samo podjetja v lasti okro\u017eja, ki imajo pomemben potencial (npr. z upravljanjem menze, gastronomije ali oskrbe pacientov) in so ve\u010dinoma v lasti ob\u010dine Main-Kinzig-Kreis.&nbsp;&nbsp;<\/p>\n\n\n\n<p><strong>Odgovorite na vpra\u0161anje aQa gGmbH<\/strong><\/p>\n\n\n\n<p>\u2013 V najve\u010dji mo\u017eni meri brez porcij<\/p>\n\n\n\n<p>\u2013 Razdeljevanje \u017eivil se izvaja v embala\u017ei za enkratno uporabo brez PVC ob dodatnih stro\u0161kih ali v kavcijskem sistemu za ve\u010dkratno uporabo.<\/p>\n\n\n\n<p>\u2013 Distribucija hladnih pija\u010d se ve\u010dinoma izvaja v sistemih za ve\u010dkratno uporabo.<\/p>\n\n\n\n<p>\u2013 Lahko se napolnijo va\u0161e skodelice.<\/p>\n\n\n\n<p><strong>Odgovor APZ gGmbH<\/strong><\/p>\n\n\n\n<p>\u2013 Polnjene so samo lastne skodelice\/o\u010dala. (vse tople in hladne pija\u010de)<\/p>\n\n\n\n<p>\u2013 Izogibanje majhnim posodam pri zagotavljanju hrane prebivalcem, izvedena je bila pretvorba v velike posode<\/p>\n\n\n\n<p>\u2013 Skoraj brez izjeme se na prireditvah (poletna zabava, bo\u017ei\u010dna zabava, poslovni izleti itd.) uporablja namizni pribor in jedilni pribor za ve\u010dkratno uporabo.<\/p>\n\n\n\n<p>\u2013 \u010ce je namizni pribor za enkratno uporabo (izjemen primer), je na voljo bambusov material.<\/p>\n\n\n\n<p>\u2013 Med postopkom naro\u010danja ozave\u0161\u010dati osebje o proizvodih za enkratno uporabo, ki se jim je mogo\u010de izogniti.<\/p>\n\n\n\n<p>\u2013 Za\u010detek projekta Climate Saviour za ozave\u0161\u010danje, obve\u0161\u010danje in usposabljanje osebja<\/p>\n\n\n\n<p>Opomba: Velikemu dele\u017eu odpadne plastike ali embala\u017ee se v okviru oskrbe starej\u0161ih, zlasti med pandemijo koronavirusa, ni mogo\u010de izogniti zgolj iz higienskih razlogov.<\/p>\n\n\n\n<p><strong>Odgovor Objekti za mlade in prosti \u010das za lastne potrebe<\/strong><\/p>\n\n\n\n<p>\u2013 EB JFE uporablja samo namizno in jedilno posodo za ve\u010dkratno uporabo.<\/p>\n\n\n\n<p>\u2013 Mo\u017enost polnjenja\/uporabe lastnih lon\u010dkov\/skodelic\/kozarcev.<\/p>\n\n\n\n<p>\u2013 Nakup velikih posod in s tem povezano zmanj\u0161anje ali obse\u017ena opustitev plasti\u010dne embala\u017ee za enkratno uporabo\/embala\u017ee za enkratno uporabo in porcije v gostinskem sektorju (delno prekinjena zaradi pandemije koronavirusa iz higienskih razlogov).<\/p>\n\n\n\n<p>\u2013 Nakup\/prodaja pija\u010d v steklenicah za ve\u010dkratno uporabo<\/p>\n\n\n\n<p>\u2013 Med postopkom naro\u010danja ozave\u0161\u010dati osebje o proizvodih za enkratno uporabo, ki se jim je mogo\u010de izogniti.<\/p>\n\n\n\n<p>\u2013 Na\u010drtovana kvalifikacija uslu\u017ebenca EB kot \u201evodje za trajnostni razvoj v gostinstvu v skupnosti\u201c; 8 modulov s skupno 71 enotami za usposabljanje (vendar odpovedanih v letih 2020\/2021 zaradi izbruha koronavirusa, bo prerazporejenih v letu 2022).<\/p>\n\n\n\n<p>\u2013 nakup velikih posod v doma\u010dem\/tehni\u010dnem sektorju in s tem povezana integracija dozirnih sistemov (npr. detergentov, delujo\u010dih materialov, plavalnih bazenov).<\/p>\n\n\n\n<p><strong>Odgovor na klinike Main-Kinzig<\/strong><\/p>\n\n\n\n<p>\u2013 V kavarnah ni ve\u010d skodelic za kavo za enkratno uporabo.<\/p>\n\n\n\n<p>\u2013 Lahko si napolnite svojo skodelico kave.<\/p>\n\n\n\n<p>\u2013 Uporablja se MK-Krug (ali na\u010drtovani kavcijski sistem MK Kreis).<\/p>\n\n\n\n<p>\u2013 Vzorci za vra\u010dilo se pakirajo v posode, primerne za kompostiranje.<\/p>\n\n\n\n<p>\u2013 D\u017eemi, namazi, kondenzirano mleko, jogurti, pudingi, \u010dokoladne plo\u0161\u010dice, sendvi\u010di v embala\u017ei za enkratno uporabo iz higienskih razlogov.<\/p>\n\n\n\n<p>\u2013 Solate v menzi so na voljo v steklenih skledah.<\/p>\n\n\n\n<p>\u2013 Solate, namenjene oskrbi bolnikov, se stekleni\u010dijo v pladnje za ve\u010dkratno uporabo ali posode, primerne za kompostiranje.<\/p>\n\n\n\n<p>\u2013 Na postajah so lesene me\u0161alne palice<\/p>\n\n\n\n<p>\u2013 Za prireditve se uporablja namizna posoda za ve\u010dkratno uporabo ali biolo\u0161ko razgradljiva namizna posoda (palmov list itd.).<\/p>\n\n\n\n<p>\u2013 Vse sklede ToGo v menzi so primerne za kompostiranje<\/p>\n\n\n\n<p>Opomba: Na podro\u010dju zdravstvene oskrbe pacientov embala\u017ee za enkratno uporabo ni mogo\u010de opustiti iz higienskih razlogov. \u010ce je mogo\u010de, se reciklirajo. V nekaterih primerih pa jih je treba uporabiti za toplotno predelavo kot del bolni\u0161ni\u010dnih odpadkov.<\/p>\n\n\n\n<p><strong>Odgovor Kreiswerke Main-Kinzig GmbH<\/strong><\/p>\n\n\n\n<p>\u2013 Izklju\u010dna uporaba namizne posode za ve\u010dkratno uporabo<\/p>\n\n\n\n<p>\u2013 Sladkorne plo\u010devinke namesto pakiranih sladkornih pal\u010dk<\/p>\n\n\n\n<p>\u2013 Ne ve\u010d enojne plo\u010devinke za mleko, ampak vr\u010di za mleko<\/p>\n\n\n\n<p>\u2013 vre\u010dke iz naravne jute namesto plasti\u010dnih vre\u010dk<\/p>\n\n\n\n<p>\u2013 Ni\u010d ve\u010d pakiranih pi\u0161kotkov itd. za pripravo in dostavo hrane<\/p>\n\n\n\n<p>\u2013 plasti\u010dna embala\u017ea po IT pre\u0161la na embala\u017eo iz naravnega papirja<\/p>\n\n\n\n<p><strong>c)&nbsp;&nbsp;&nbsp;&nbsp;&nbsp;&nbsp;&nbsp;<\/strong><strong>na dogodkih?<\/strong><\/p>\n\n\n\n<p><strong>Odgovor:<\/strong><\/p>\n\n\n\n<p>Uporabljajo se posode za ve\u010dkratno uporabo.<\/p>\n\n\n\n<p><strong>Koliko kilogramov plasti\u010dnih odpadkov naj bi po ocenah proizvedlo okro\u017eno gospodarstvo?<\/strong><\/p>\n\n\n\n<p><strong>Odgovor:<\/strong><\/p>\n\n\n\n<p>Ker se plasti\u010dni odpadki ne stehtajo, ni mogo\u010de navesti podatkov o te\u017ei.<\/p>\n\n\n\n<p>Na upravnih lokacijah je skupaj 17 zabojnikov s prostornino 1,1 m3, ki se mese\u010dno izpraznijo.<\/p>\n\n\n\n<p><strong>Ali so na\u010drtovani nadaljnji ukrepi za prepre\u010devanje plasti\u010dnih proizvodov za enkratno uporabo?<\/strong><\/p>\n\n\n\n<p><strong>Odgovor:<\/strong><\/p>\n\n\n\n<p>Trenutno niso na\u010drtovani nobeni nadaljnji ukrepi.<\/p>\n\n\n\n<p><strong>Ali obstajajo te\u010daji usposabljanja za zaposlene o tem, kako se lahko delovno mesto ekolo\u0161ko oblikuje z ukrepi za varstvo podnebja in okolja?<\/strong><\/p>\n\n\n\n<p><strong>Odgovor:<\/strong><\/p>\n\n\n\n<p>Ne.<\/p>","protected":false},"excerpt":{"rendered":"<p>Predmet vpra\u0161anja: 31. avgusta 2018 se je okro\u017eni svet odlo\u010dil, da odpravi plasti\u010dne proizvode za enkratno uporabo, ki se jim je mogo\u010de izogniti, v stavbah okro\u017eja, v lastnih podjetjih okro\u017eja in na prireditvah. Vpra\u0161anja: Kateri ukrepi so bili sprejeti od [...]<\/p>","protected":false},"author":-1,"featured_media":0,"comment_status":"open","ping_status":"open","sticky":false,"template":"","format":"standard","meta":{"footnotes":""},"categories":[9],"tags":[],"class_list":["post-501","post","type-post","status-publish","format-standard","hentry","category-antraege-und-anfragen"],"_links":{"self":[{"href":"https:\/\/www.gruene-mkk.de\/sl\/wp-json\/wp\/v2\/posts\/501","targetHints":{"allow":["GET"]}}],"collection":[{"href":"https:\/\/www.gruene-mkk.de\/sl\/wp-json\/wp\/v2\/posts"}],"about":[{"href":"https:\/\/www.gruene-mkk.de\/sl\/wp-json\/wp\/v2\/types\/post"}],"author":[{"embeddable":true,"href":"https:\/\/www.gruene-mkk.de\/sl\/wp-json\/wp\/v2\/users\/2"}],"replies":[{"embeddable":true,"href":"https:\/\/www.gruene-mkk.de\/sl\/wp-json\/wp\/v2\/comments?post=501"}],"version-history":[{"count":1,"href":"https:\/\/www.gruene-mkk.de\/sl\/wp-json\/wp\/v2\/posts\/501\/revisions"}],"predecessor-version":[{"id":502,"href":"https:\/\/www.gruene-mkk.de\/sl\/wp-json\/wp\/v2\/posts\/501\/revisions\/502"}],"wp:attachment":[{"href":"https:\/\/www.gruene-mkk.de\/sl\/wp-json\/wp\/v2\/media?parent=501"}],"wp:term":[{"taxonomy":"category","embeddable":true,"href":"https:\/\/www.gruene-mkk.de\/sl\/wp-json\/wp\/v2\/categories?post=501"},{"taxonomy":"post_tag","embeddable":true,"href":"https:\/\/www.gruene-mkk.de\/sl\/wp-json\/wp\/v2\/tags?post=501"}],"curies":[{"name":"wp","href":"https:\/\/api.w.org\/{rel}","templated":true}]}}