{"id":484,"date":"2021-06-11T13:33:00","date_gmt":"2021-06-11T11:33:00","guid":{"rendered":"https:\/\/www.alles-bleibt-anders.org\/?p=484"},"modified":"2024-09-05T14:42:06","modified_gmt":"2024-09-05T12:42:06","slug":"anfrage-zur-akademie-fuer-gesundheit-und-pflege","status":"publish","type":"post","link":"https:\/\/www.gruene-mkk.de\/sl\/anfrage-zur-akademie-fuer-gesundheit-und-pflege\/","title":{"rendered":"Poizvedba na Akademiji za zdravje in oskrbo"},"content":{"rendered":"<p><strong>Predmet vpra\u0161anja:<\/strong><\/p>\n\n\n\n<p>Okro\u017eni svet je 25. septembra 2020 odlo\u010dil, da je treba zgraditi lo\u010deno lokacijo za Akademijo za zdravje in oskrbo v Gelnhausnu v izobra\u017eevalni stavbi izobra\u017eevalnih partnerjev Main-Kinzig.<\/p>\n\n\n\n<p><strong>Vpra\u0161anja:<\/strong><\/p>\n\n\n\n<p>1. Kateri ukrepi so bili sprejeti od odlo\u010ditve okro\u017enega sveta?<\/p>\n\n\n\n<p>Od sklepa okrajnega sveta o lokaciji v Gelnhausnu je bil pripravljen prvi osnutek za podalj\u0161anje v Bildungshausu. Trenutno se zaklju\u010duje potrebno prostorsko na\u010drtovanje. Hkrati se pripravlja skupna informacijska re\u0161itev, ki je potrebna za delovanje glavnega Kinzig-Akademie. Za izvajanje novega skupnega usposabljanja je bil od lanskega leta pod znanstvenim nadzorom pripravljen skupni u\u010dni na\u010drt. Kljub zapletenosti prakti\u010dnega usposabljanja bi se lahko \u017ee lani vzpostavila velika mre\u017ea za usposabljanje s \u0161tevilnimi partnerji.<\/p>\n\n\n\n<p><br>2. Kdaj se pri\u010dakuje, da bo Akademija za zdravje in oskrbo kon\u010dana?<\/p>\n\n\n\n<p>Zaradi odprtega vpra\u0161anja financiranja in pravnega okvira datum zaklju\u010dka trenutno \u0161e ni dokon\u010dno dolo\u010den.<\/p>\n\n\n\n<p><br>3. Kolik\u0161ni so bili prvotno ocenjeni skupni stro\u0161ki za ta namen?<\/p>\n\n\n\n<p>Ocena stro\u0161kov arhitekturnega podjetja Rack\/Gelnhausen za projekt se uporablja kot referenca za stro\u0161ke. Stro\u0161ki trenutno zna\u0161ajo pribli\u017eno 16,5 milijona EUR brez zemlji\u0161\u010d.<\/p>\n\n\n\n<p>a. Ali je mogo\u010de pri\u010dakovati, da bodo skupni stro\u0161ki vi\u0161ji od ocenjenega zneska?<\/p>\n\n\n\n<p>i. \u010ce je odgovor pritrdilen, kak\u0161ne dodatne stro\u0161ke pri\u010dakuje uprava?<\/p>\n\n\n\n<p>Ko se bo gradnja za\u010dela leta 2023, se bodo cene po ocenah zvi\u0161ale za 3\u20136.% 17,5 do 18,5 milijona EUR letno.<\/p>\n\n\n\n<p><br>ii. \u010ce je odgovor pritrdilen, zakaj nastanejo ti dodatni stro\u0161ki?<\/p>\n\n\n\n<p>Zaradi trenutnih nestanovitnih razmer (npr. pomanjkanje surovin) v gradbeni industriji, je to oceno mogo\u010de narediti le pribli\u017eno.<\/p>\n\n\n\n<p><br>4. Ali je delovno mesto direktorja \u017ee zasedeno?<\/p>\n\n\n\n<p>Linija je bila ponovno zasedena 1. aprila 2021. Zaposleni Reinhard Baum \u017ee ve\u010d desetletij dela kot vodja v poklicnem izobra\u017eevanju zdravstvene nege. Kot dipl. Podjetje vzgojitelj in Cand. Magisterij iz vodenja in coachinga, je dobro opremljen za ta polo\u017eaj.<\/p>","protected":false},"excerpt":{"rendered":"<p>Predmet vpra\u0161anja: Okro\u017eni svet je 25. septembra 2020 sklenil, da bo Akademija za zdravje in oskrbo zgradila svojo lokacijo v Gelnhausnu v izobra\u017eevalni stavbi izobra\u017eevalnih partnerjev Main-Kinzig.<\/p>","protected":false},"author":-1,"featured_media":0,"comment_status":"open","ping_status":"open","sticky":false,"template":"","format":"standard","meta":{"footnotes":""},"categories":[9],"tags":[],"class_list":["post-484","post","type-post","status-publish","format-standard","hentry","category-antraege-und-anfragen"],"_links":{"self":[{"href":"https:\/\/www.gruene-mkk.de\/sl\/wp-json\/wp\/v2\/posts\/484","targetHints":{"allow":["GET"]}}],"collection":[{"href":"https:\/\/www.gruene-mkk.de\/sl\/wp-json\/wp\/v2\/posts"}],"about":[{"href":"https:\/\/www.gruene-mkk.de\/sl\/wp-json\/wp\/v2\/types\/post"}],"author":[{"embeddable":true,"href":"https:\/\/www.gruene-mkk.de\/sl\/wp-json\/wp\/v2\/users\/2"}],"replies":[{"embeddable":true,"href":"https:\/\/www.gruene-mkk.de\/sl\/wp-json\/wp\/v2\/comments?post=484"}],"version-history":[{"count":1,"href":"https:\/\/www.gruene-mkk.de\/sl\/wp-json\/wp\/v2\/posts\/484\/revisions"}],"predecessor-version":[{"id":485,"href":"https:\/\/www.gruene-mkk.de\/sl\/wp-json\/wp\/v2\/posts\/484\/revisions\/485"}],"wp:attachment":[{"href":"https:\/\/www.gruene-mkk.de\/sl\/wp-json\/wp\/v2\/media?parent=484"}],"wp:term":[{"taxonomy":"category","embeddable":true,"href":"https:\/\/www.gruene-mkk.de\/sl\/wp-json\/wp\/v2\/categories?post=484"},{"taxonomy":"post_tag","embeddable":true,"href":"https:\/\/www.gruene-mkk.de\/sl\/wp-json\/wp\/v2\/tags?post=484"}],"curies":[{"name":"wp","href":"https:\/\/api.w.org\/{rel}","templated":true}]}}