{"id":478,"date":"2021-11-24T13:29:45","date_gmt":"2021-11-24T12:29:45","guid":{"rendered":"https:\/\/www.alles-bleibt-anders.org\/?p=478"},"modified":"2021-11-24T13:29:46","modified_gmt":"2021-11-24T12:29:46","slug":"gruene-kreistagsfraktion-bespricht-bei-haushaltsklausur-schwerpunkte-fuer-das-jahr-2022","status":"publish","type":"post","link":"https:\/\/www.gruene-mkk.de\/sl\/gruene-kreistagsfraktion-bespricht-bei-haushaltsklausur-schwerpunkte-fuer-das-jahr-2022\/","title":{"rendered":"Zelena parlamentarna skupina v pogajanjih o prora\u010dunu razpravljala o prednostnih nalogah za leto 2022"},"content":{"rendered":"<h2 class=\"wp-block-heading\"><strong>Inovativne ideje za Main-Kinzig-Kreis<\/strong><\/h2>\n\n\n\n<p>\"V prihodnjih letih smo v dobrem polo\u017eaju,\" pravi Reiner Bousonville, vodja poslanske skupine Zelenih. Za vikend, ki se osredoto\u010da na prihajajo\u010di prora\u010dun, se je skupina sestala v Bad Soden-Salm\u00fcnstru pod 2 g plus pogoji, da bi razpravljala o \u0161tevilkah kroga in tematskih prednostnih nalogah.<\/p>\n\n\n\n<p>\u201eZ na\u0161imi 17 predstavniki smo lahko najve\u010dja zelena skupina od na\u0161ega politi\u010dnega za\u010detka v okro\u017eju Main-Kinzig,\u201c je dejal predsednik skupine: \u201eZato je \u0161e toliko pomembneje, da v rednih in intenzivnih izmenjavah razpravljamo o aktualnih politi\u010dnih dogodkih v krogu in jih ocenjujemo. To je \u0161e enkrat pokazalo, da \u017eelimo z veliko motivacijo napredovati in izbolj\u0161ati na\u0161e okro\u017eje.\u201c<\/p>\n\n\n\n<p>Pomemben dejavnik pri tem je uporaba kro\u017enih sredstev v prora\u010dunu za leto 2022: \u201eKot najve\u010dja opozicijska stranka moramo podrobno analizirati predstavljene \u0161tevilke. To je bil osrednji del na\u0161ega dvodnevnega umika.\u201c<\/p>\n\n\n\n<p>Med pogovorom s komornikom okro\u017eja in njegovim namestnikom ter v poznej\u0161i razpravi v skupini je postalo o\u010ditno, da glavni uradniki in velika koalicija dolo\u010dajo druge prednostne naloge okro\u017eja v prihodnjih letih: \"Prora\u010dun je zgolj administrativni prora\u010dun, ki ne daje nobene spodbude za pomembna vpra\u0161anja prihodnjega obdobja,\" je dejal Bousonville. Samo novi urad za digitalizacijo se osredoto\u010da na prihodnje teme: \u201eOsredoto\u010denost na vpra\u0161anja, kot so kolesarske poti ali varstvo podnebja, je majhna ali pa je sploh ni. 300 000 EUR na leto za gradnjo cest in kolesarske poti jasno ka\u017ee, da krog ne \u017eeli spodbujati kolesarjev, razen ustvarjanja konceptov.\u201c<\/p>\n\n\n\n<p>Temo mobilnosti Kreisspitze le pla\u0161no obravnava: \u201eHkrati naj bi se ob\u010dine poglobile v svoje \u017eepe s pove\u010danjem okrajne dajatve za dve to\u010dki in s tem skoraj do prvotne vrednosti iz leta 2020, medtem ko je okro\u017eje odgovorno za veliko breme za svoj prora\u010dun z zaposlovanjem \u0161tevilnih novih javnih uslu\u017ebencev.\u201c Prav tako primanjkuje denarja za na\u010drtovanje in izvajanje zdravstvene akademije: \u201eV natan\u010dno izra\u010dunan prora\u010dun niso vklju\u010deni nobeni dodatni stro\u0161ki zaradi nepri\u010dakovanih bremen. \u201eDejavnik var\u010devanja\u201c je bil tukaj premaknjen v ozadje.\u201c<\/p>\n\n\n\n<p>Skupina Kreistag se bo zato osredoto\u010dila na svoje zahtevke za prora\u010dunsko leto 2022: \u201eVelika koalicija ni zaznamovana z inovativnimi idejami, temve\u010d zgolj z upravljanjem obstoje\u010dih. Za najve\u010dje hesijsko okro\u017eje je to usoden znak, da namerava velika koalicija v letu 2022 nadaljevati svojo pot \u201evedno na poti\u201c. Kot skupina Zelenih smo pripravili \u0161tevilne zamisli za te lokalne volitve, da bi napredovali v okro\u017eju in izbolj\u0161ali \u017eivljenjske razmere ljudi v na\u0161em okro\u017eju. To bomo pojasnili tudi med razpravo o prora\u010dunu.\u201c<\/p>\n\n\n\n<p>Bousonville zato upa, da bodo rezultati intenzivnega dvodnevnega posvetovanja s parlamentarno skupino Zelenih pritegnili tudi politi\u010dne voditelje v okro\u017eju: \"V zadnjih letih so bili prora\u010dunski predlogi opozicije vedno zavrnjeni zaradi pomanjkanja denarja, medtem ko je letos okro\u017eje na primer razdelilo milijone prese\u017ekov ob\u010dinam prek rebalansa prora\u010duna tik pred lokalnimi volitvami z zmanj\u0161anjem okro\u017ene dajatve,\" zaklju\u010duje Bousonville.<\/p>\n\n\n\n<p>Poizvedbe na naslov:<\/p>\n\n\n\n<p>Jakob M\u00e4hler<br>Generalni direktor skupine<br>Zveza 90 \/ Zeleni Main-Kinzig<br>06181\/61596<br>0176\/46763336<br>fraktion@gruene-mkk.deKategorije:<a href=\"https:\/\/gruene-main-kinzig.de\/kreistagsfraktion\/pressemitteilungen-aktuell\/presse-volltext\/kategorie\/fraktion-41\/article\/gruene-kreistagsfraktion-bespricht-bei-haushaltsklausur-schwerpunkte-fuer-das-jahr-2022\/\">frakcija<\/a><a href=\"https:\/\/gruene-main-kinzig.de\/kreistagsfraktion\/pressemitteilungen-aktuell\/\">Prej\u0161nji<\/a><\/p>","protected":false},"excerpt":{"rendered":"<p>Inovativne ideje za okro\u017eje Main-Kinzig \"V prihodnjih letih smo v dobrem polo\u017eaju\", pravi Reiner Bousonville, vodja parlamentarne skupine Zelenih. Za vikend s poudarkom na prihajajo\u010dem prora\u010dunu se je sre\u010dal [...]<\/p>","protected":false},"author":-1,"featured_media":479,"comment_status":"open","ping_status":"open","sticky":false,"template":"","format":"standard","meta":{"footnotes":""},"categories":[2],"tags":[],"class_list":["post-478","post","type-post","status-publish","format-standard","has-post-thumbnail","hentry","category-newskreistagsfraktion"],"_links":{"self":[{"href":"https:\/\/www.gruene-mkk.de\/sl\/wp-json\/wp\/v2\/posts\/478","targetHints":{"allow":["GET"]}}],"collection":[{"href":"https:\/\/www.gruene-mkk.de\/sl\/wp-json\/wp\/v2\/posts"}],"about":[{"href":"https:\/\/www.gruene-mkk.de\/sl\/wp-json\/wp\/v2\/types\/post"}],"author":[{"embeddable":true,"href":"https:\/\/www.gruene-mkk.de\/sl\/wp-json\/wp\/v2\/users\/2"}],"replies":[{"embeddable":true,"href":"https:\/\/www.gruene-mkk.de\/sl\/wp-json\/wp\/v2\/comments?post=478"}],"version-history":[{"count":1,"href":"https:\/\/www.gruene-mkk.de\/sl\/wp-json\/wp\/v2\/posts\/478\/revisions"}],"predecessor-version":[{"id":480,"href":"https:\/\/www.gruene-mkk.de\/sl\/wp-json\/wp\/v2\/posts\/478\/revisions\/480"}],"wp:featuredmedia":[{"embeddable":true,"href":"https:\/\/www.gruene-mkk.de\/sl\/wp-json\/wp\/v2\/media\/479"}],"wp:attachment":[{"href":"https:\/\/www.gruene-mkk.de\/sl\/wp-json\/wp\/v2\/media?parent=478"}],"wp:term":[{"taxonomy":"category","embeddable":true,"href":"https:\/\/www.gruene-mkk.de\/sl\/wp-json\/wp\/v2\/categories?post=478"},{"taxonomy":"post_tag","embeddable":true,"href":"https:\/\/www.gruene-mkk.de\/sl\/wp-json\/wp\/v2\/tags?post=478"}],"curies":[{"name":"wp","href":"https:\/\/api.w.org\/{rel}","templated":true}]}}