{"id":473,"date":"2021-06-09T17:38:00","date_gmt":"2021-06-09T15:38:00","guid":{"rendered":"https:\/\/www.alles-bleibt-anders.org\/?p=473"},"modified":"2021-11-23T17:42:25","modified_gmt":"2021-11-23T16:42:25","slug":"anfrage-co2-bilanz-des-main-kinzig-kreises","status":"publish","type":"post","link":"https:\/\/www.gruene-mkk.de\/sl\/anfrage-co2-bilanz-des-main-kinzig-kreises\/","title":{"rendered":"Poizvedba: Stanje CO2 na obmo\u010dju Main-Kinzig-Kreis"},"content":{"rendered":"<p><strong>Predmet vpra\u0161anja:<\/strong><\/p>\n\n\n\n<p>Ob\u010dina Main-Kinzig-Kreis je dejavna 13. novembra 2017 v okviru pobude \u201eHessen Aktiv: podnebne ob\u010dine\u201c. Dvajset let prej, leta 1997, je okro\u017eje Main-Kinzig postalo \u010dlan Climate Alliance. Pri tem se je zavezal, da bo vsakih pet let zmanj\u0161al svoje emisije CO2 za deset odstotkov.<\/p>\n\n\n\n<p><strong>Parlamentarna skupina B\u00fcndnis 90\/Die Gr\u00fcnen (Zavezni\u0161tvo 90\/Zeleni) prosi za odgovore&nbsp;<\/strong><strong>naslednje(-a) vpra\u0161anje(-a):&nbsp;&nbsp;&nbsp;&nbsp;&nbsp;&nbsp;&nbsp;&nbsp;&nbsp;&nbsp;&nbsp;&nbsp;&nbsp;&nbsp;&nbsp;&nbsp;&nbsp;&nbsp;&nbsp;&nbsp;&nbsp;&nbsp;&nbsp;&nbsp;&nbsp;&nbsp;&nbsp;&nbsp;&nbsp;&nbsp;&nbsp;&nbsp;&nbsp;&nbsp;&nbsp;&nbsp;&nbsp;&nbsp;&nbsp;<\/strong><\/p>\n\n\n\n<p>1. Ali je Main-Kinzig-Kreis zdaj proizvedel oglji\u010dni odtis 24 let po pridru\u017eitvi podnebnemu zavezni\u0161tvu?<\/p>\n\n\n\n<p>Odgovor: Ne.<\/p>\n\n\n\n<p>2. \u010ce je odgovor pritrdilen, kak\u0161ne so emisije CO2 iz kroga?<\/p>\n\n\n\n<p>Odgovor: Se ne uporablja \u2013 glej 1.<\/p>\n\n\n\n<p>3. \u010ce ne, zakaj \u0161e ni oglji\u010dnega odtisa?<\/p>\n\n\n\n<p>Odgovor: V regiji Main-Kinzig-Kreis trenutno ni vodstvenega polo\u017eaja na podro\u010dju varstva podnebja.<br>Trenutno je poudarek na energetskem nadzoru in upravljanju lastnih nepremi\u010dnin okro\u017eja ter ukrepih za varstvo podnebja v obliki energetske prenove, prenove razsvetljave in ukrepov za prilagajanje podnebnim spremembam.<\/p>\n\n\n\n<p>4. \u010ce ne, ali je na\u010drtovano ustvarjanje oglji\u010dnega odtisa?<\/p>\n\n\n\n<p>Odgovor: Ja, delamo na ustvarjanju.<\/p>","protected":false},"excerpt":{"rendered":"<p>Predmet vpra\u0161anja: Ob\u010dina Main-Kinzig-Kreis je dejavna 13. novembra 2017 v okviru pobude \u201eHessen Aktiv: podnebne ob\u010dine\u201c. Dvajset let prej, leta 1997, je okro\u017eje Main-Kinzig postalo \u010dlan Climate Alliance. Da bi lahko [...]<\/p>","protected":false},"author":-1,"featured_media":0,"comment_status":"open","ping_status":"open","sticky":false,"template":"","format":"standard","meta":{"footnotes":""},"categories":[9],"tags":[],"class_list":["post-473","post","type-post","status-publish","format-standard","hentry","category-antraege-und-anfragen"],"_links":{"self":[{"href":"https:\/\/www.gruene-mkk.de\/sl\/wp-json\/wp\/v2\/posts\/473","targetHints":{"allow":["GET"]}}],"collection":[{"href":"https:\/\/www.gruene-mkk.de\/sl\/wp-json\/wp\/v2\/posts"}],"about":[{"href":"https:\/\/www.gruene-mkk.de\/sl\/wp-json\/wp\/v2\/types\/post"}],"author":[{"embeddable":true,"href":"https:\/\/www.gruene-mkk.de\/sl\/wp-json\/wp\/v2\/users\/2"}],"replies":[{"embeddable":true,"href":"https:\/\/www.gruene-mkk.de\/sl\/wp-json\/wp\/v2\/comments?post=473"}],"version-history":[{"count":1,"href":"https:\/\/www.gruene-mkk.de\/sl\/wp-json\/wp\/v2\/posts\/473\/revisions"}],"predecessor-version":[{"id":475,"href":"https:\/\/www.gruene-mkk.de\/sl\/wp-json\/wp\/v2\/posts\/473\/revisions\/475"}],"wp:attachment":[{"href":"https:\/\/www.gruene-mkk.de\/sl\/wp-json\/wp\/v2\/media?parent=473"}],"wp:term":[{"taxonomy":"category","embeddable":true,"href":"https:\/\/www.gruene-mkk.de\/sl\/wp-json\/wp\/v2\/categories?post=473"},{"taxonomy":"post_tag","embeddable":true,"href":"https:\/\/www.gruene-mkk.de\/sl\/wp-json\/wp\/v2\/tags?post=473"}],"curies":[{"name":"wp","href":"https:\/\/api.w.org\/{rel}","templated":true}]}}