{"id":3343,"date":"2026-03-16T13:16:38","date_gmt":"2026-03-16T12:16:38","guid":{"rendered":"https:\/\/www.gruene-mkk.de\/?p=3343"},"modified":"2026-03-16T13:17:11","modified_gmt":"2026-03-16T12:17:11","slug":"kommunalwahl-gruene-im-main-kinzig-kreis-zufrieden-starke-ergebnisse-fuer-neue-ortsverbaende-in-brachttal-und-jossgrund","status":"publish","type":"post","link":"https:\/\/www.gruene-mkk.de\/sl\/kommunalwahl-gruene-im-main-kinzig-kreis-zufrieden-starke-ergebnisse-fuer-neue-ortsverbaende-in-brachttal-und-jossgrund\/","title":{"rendered":"Lokalne volitve: Zeleni v okro\u017eju Main-Kinzig zadovoljni - dobri rezultati za nova lokalna zdru\u017eenja v Brachttalu in Jossgrundu"},"content":{"rendered":"<p>Predhodni rezultati lokalnih volitev 15. marca 2026 ka\u017eejo, da je izid volitev B\u00fcndnis 90\/Die Gr\u00fcnen v okro\u017eju Main-Kinzig dober. \u0160e posebej razveseljivo je lanskoletno delovanje novoustanovljenih lokalnih zdru\u017eenj v Brachttalu in Jossgrundu.<\/p>\n\n\n\n<p>Obe lokalni zdru\u017eenji sta se prvi\u010d udele\u017eili ob\u010dinskih volitev in sta s svojega stali\u0161\u010da dosegli precej\u0161en rezultat. To poudarja vse ve\u010dje zanimanje za zelene politike na pode\u017eelskih obmo\u010djih in uspe\u0161no razvojno delo zavzetih lokalnih \u010dlanov.<\/p>\n\n\n\n<p>\"Dejstvo, da so na\u0161a nova lokalna zdru\u017eenja v Brachttalu in Jossgrundu uspela dose\u010di tako dober rezultat neposredno na svojih prvih volitvah, je mo\u010dan signal,\" pojasnjuje Philip Schinkel, tiskovni predstavnik GR\u00dcNEN Main-Kinzig. \u201e\u0160tevilni dr\u017eavljani \u017eelijo politike, ki zdru\u017eujejo podnebne ukrepe, kakovost \u017eivljenja in trajnostni razvoj, tudi v manj\u0161ih skupnostih.\u201c<\/p>\n\n\n\n<p>\"Iskreno se zahvaljujemo vsem volivcem za njihovo zaupanje,\" pravi Mahwish Iftikhar, vodja Zelenih v okro\u017eju Main-Kinzig. \u201eRezultat je spodbuda za nas, da si \u0161e naprej mo\u010dno prizadevamo za dosledno varstvo podnebja, \u017eivljenjske skupnosti in trajnostni razvoj v okro\u017eju Main-Kinzig. Na\u0161 cilj ostaja politika, ki prevzema okoljsko odgovornost, hkrati pa zagotavlja po\u0161tene prilo\u017enosti, udele\u017ebo in dobre \u017eivljenjske pogoje za vse ljudi v okro\u017eju Main-Kinzig.\u201c<\/p>\n\n\n\n<p>Kon\u010dni uradni rezultati popisa \u0161e niso znani. B\u00fcndnis 90\/Die Gr\u00fcnen Main-Kinzig jih bo skrbno ocenil in skupaj z novoizvoljenimi predstavniki pripravil naslednje korake za lokalno politi\u010dno delo v prihodnjih letih.<\/p>","protected":false},"excerpt":{"rendered":"<p>Predhodni rezultati lokalnih volitev 15. marca 2026 ka\u017eejo, da je izid volitev B\u00fcndnis 90\/Die Gr\u00fcnen v okro\u017eju Main-Kinzig dober. \u0160e posebej prijetna je predstava [\u2026]<\/p>","protected":false},"author":-1,"featured_media":0,"comment_status":"closed","ping_status":"open","sticky":true,"template":"","format":"standard","meta":{"footnotes":""},"categories":[1],"tags":[],"class_list":["post-3343","post","type-post","status-publish","format-standard","hentry","category-allgemein"],"_links":{"self":[{"href":"https:\/\/www.gruene-mkk.de\/sl\/wp-json\/wp\/v2\/posts\/3343","targetHints":{"allow":["GET"]}}],"collection":[{"href":"https:\/\/www.gruene-mkk.de\/sl\/wp-json\/wp\/v2\/posts"}],"about":[{"href":"https:\/\/www.gruene-mkk.de\/sl\/wp-json\/wp\/v2\/types\/post"}],"author":[{"embeddable":true,"href":"https:\/\/www.gruene-mkk.de\/sl\/wp-json\/wp\/v2\/users\/2"}],"replies":[{"embeddable":true,"href":"https:\/\/www.gruene-mkk.de\/sl\/wp-json\/wp\/v2\/comments?post=3343"}],"version-history":[{"count":1,"href":"https:\/\/www.gruene-mkk.de\/sl\/wp-json\/wp\/v2\/posts\/3343\/revisions"}],"predecessor-version":[{"id":3344,"href":"https:\/\/www.gruene-mkk.de\/sl\/wp-json\/wp\/v2\/posts\/3343\/revisions\/3344"}],"wp:attachment":[{"href":"https:\/\/www.gruene-mkk.de\/sl\/wp-json\/wp\/v2\/media?parent=3343"}],"wp:term":[{"taxonomy":"category","embeddable":true,"href":"https:\/\/www.gruene-mkk.de\/sl\/wp-json\/wp\/v2\/categories?post=3343"},{"taxonomy":"post_tag","embeddable":true,"href":"https:\/\/www.gruene-mkk.de\/sl\/wp-json\/wp\/v2\/tags?post=3343"}],"curies":[{"name":"wp","href":"https:\/\/api.w.org\/{rel}","templated":true}]}}