{"id":3338,"date":"2026-03-11T11:25:47","date_gmt":"2026-03-11T10:25:47","guid":{"rendered":"https:\/\/www.gruene-mkk.de\/?p=3338"},"modified":"2026-03-11T11:26:09","modified_gmt":"2026-03-11T10:26:09","slug":"mehr-schutz-fuer-frauen-gruene-podiumsdiskussion-mit-omid-nouripour-in-hanau","status":"publish","type":"post","link":"https:\/\/www.gruene-mkk.de\/sl\/mehr-schutz-fuer-frauen-gruene-podiumsdiskussion-mit-omid-nouripour-in-hanau\/","title":{"rendered":"Ve\u010d za\u0161\u010dite za \u017eenske - GREEN panel z Omid Nouripour v Hanau"},"content":{"rendered":"<p>V soboto zve\u010der, 7. marca 2026, je ve\u010d kot 60 zainteresiranih strani sprejelo povabilo zdru\u017eenja B\u00fcndnis 90\/Die Gr\u00fcnen v okro\u017eju Main-Kinzig in v Hanauu na okroglo mizo z naslovom \u201eZa\u0161\u010dita \u017eensk \u2013 lokalno delovanje, globalno razmi\u0161ljanje\u201c. Udele\u017eenci so skupaj s hessenskim \u010dlanom Bundestaga Omidom Nouripourjem, kandidatom za \u017eupana Hanau Sascho Feldesom, glavnim kandidatom za okro\u017ene volitve Mahwishom Iftikharjem ter Leo Kircher in Brigitte Machnitzke iz Frauenhaus W\u00e4chtersbach razpravljali o strategijah za u\u010dinkovit boj proti nasilju nad \u017eenskami in izbolj\u0161anje zato\u010di\u0161\u010d.<\/p>\n\n\n\n<p>Poudarek je bil na pere\u010dih izzivih: birokratske ovire pri ponovni registraciji, pro\u0161njah za otro\u0161ke dodatke ali dajatve za dr\u017eavljane, nerazpolo\u017eljivost stanovanj in pogosto predolgo bivanje v obstoje\u010dih zato\u010di\u0161\u010dih za \u017eenske. Zlasti na pode\u017eelskih obmo\u010djih, kot je W\u00e4chtersbach, pomanjkanje infrastrukture in omejen javni prevoz ote\u017eujeta dostop do za\u0161\u010dite.<\/p>\n\n\n\n<p>Omid Nouripour je poudaril, da nasilja nad \u017eenskami ne bi smeli razumeti kot \u201e\u017eenski problem\u201c, temve\u010d kot odgovornost za dru\u017ebo kot celoto. Pozval je tako mo\u0161ke kot dru\u017ebo kot celoto, naj na enakost ne gledajo izklju\u010dno kot na \u017eensko vpra\u0161anje, in se skliceval na mednarodne vzornike, kot je stavka \u017eensk na Islandiji.<\/p>\n\n\n\n<p>Sascha Feldes je poudarila pomen izobra\u017eevanja, prepre\u010devanja in neposrednih stikov za zato\u010di\u0161\u010da za \u017eenske v ob\u010dinah, da bi bolje za\u0161\u010ditili \u017eenske. Mahwish Iftikhar je poudaril, da je treba za\u0161\u010dito \u017eensk jemati resno in se osredoto\u010diti tudi na materialna vpra\u0161anja, kot so nastanitev in varno financiranje zaveti\u0161\u010d za \u017eenske.<\/p>\n\n\n\n<p>Predstavniki zaveti\u0161\u010da za \u017eenske W\u00e4chtersbach so jasno povedali, da je nasilje v dru\u017eini problem za dru\u017ebo kot celoto, ki poteka skozi vse dru\u017ebene sloje, in poudarili, da je prizadeto tudi veliko \u0161tevilo otrok. Enakost med \u017eenskami in mo\u0161kimi se mora \u0161e naprej dosledno izvajati. V celoti financirano zato\u010di\u0161\u010de za \u017eenske je klju\u010dni korak pri zagotavljanju za\u0161\u010dite in varnosti za vse.<\/p>\n\n\n\n<p>Razprava je jasno pokazala: Za spodbujanje enakosti in varnosti \u017eensk morajo politika, dru\u017eba in uprava sodelovati, ozave\u0161\u010dati in odpravljati strukturne ovire. Z jasnimi politikami, strukturno podporo in ozave\u0161\u010danjem \u017eelita GREEN Main-Kinzig in Hanau dodatno okrepiti za\u0161\u010dito \u017eensk \u2013 za varno prihodnost za vse na terenu.<\/p>","protected":false},"excerpt":{"rendered":"<p>V soboto zve\u010der, 7. marca 2026, je ve\u010d kot 60 zainteresiranih strani sprejelo povabilo B\u00fcndnis 90\/Die Gr\u00fcnen v Main-Kinzig-Kreis in Hanau na okroglo mizo z naslovom \u201eZa\u0161\u010dita \u017eensk \u2013 [\u2026]<\/p>","protected":false},"author":-1,"featured_media":3339,"comment_status":"closed","ping_status":"open","sticky":true,"template":"","format":"standard","meta":{"footnotes":""},"categories":[1],"tags":[],"class_list":["post-3338","post","type-post","status-publish","format-standard","has-post-thumbnail","hentry","category-allgemein"],"_links":{"self":[{"href":"https:\/\/www.gruene-mkk.de\/sl\/wp-json\/wp\/v2\/posts\/3338","targetHints":{"allow":["GET"]}}],"collection":[{"href":"https:\/\/www.gruene-mkk.de\/sl\/wp-json\/wp\/v2\/posts"}],"about":[{"href":"https:\/\/www.gruene-mkk.de\/sl\/wp-json\/wp\/v2\/types\/post"}],"author":[{"embeddable":true,"href":"https:\/\/www.gruene-mkk.de\/sl\/wp-json\/wp\/v2\/users\/2"}],"replies":[{"embeddable":true,"href":"https:\/\/www.gruene-mkk.de\/sl\/wp-json\/wp\/v2\/comments?post=3338"}],"version-history":[{"count":1,"href":"https:\/\/www.gruene-mkk.de\/sl\/wp-json\/wp\/v2\/posts\/3338\/revisions"}],"predecessor-version":[{"id":3340,"href":"https:\/\/www.gruene-mkk.de\/sl\/wp-json\/wp\/v2\/posts\/3338\/revisions\/3340"}],"wp:featuredmedia":[{"embeddable":true,"href":"https:\/\/www.gruene-mkk.de\/sl\/wp-json\/wp\/v2\/media\/3339"}],"wp:attachment":[{"href":"https:\/\/www.gruene-mkk.de\/sl\/wp-json\/wp\/v2\/media?parent=3338"}],"wp:term":[{"taxonomy":"category","embeddable":true,"href":"https:\/\/www.gruene-mkk.de\/sl\/wp-json\/wp\/v2\/categories?post=3338"},{"taxonomy":"post_tag","embeddable":true,"href":"https:\/\/www.gruene-mkk.de\/sl\/wp-json\/wp\/v2\/tags?post=3338"}],"curies":[{"name":"wp","href":"https:\/\/api.w.org\/{rel}","templated":true}]}}