{"id":3055,"date":"2025-12-11T11:39:53","date_gmt":"2025-12-11T10:39:53","guid":{"rendered":"https:\/\/www.gruene-mkk.de\/?p=3055"},"modified":"2025-12-11T11:58:34","modified_gmt":"2025-12-11T10:58:34","slug":"gruene-praesentieren-wahlprogramm-gemeinsam-gehts-fuer-einen-main-kinzig-kreis-mit-zusammenhalt-und-perspektive","status":"publish","type":"post","link":"https:\/\/www.gruene-mkk.de\/sl\/gruene-praesentieren-wahlprogramm-gemeinsam-gehts-fuer-einen-main-kinzig-kreis-mit-zusammenhalt-und-perspektive\/","title":{"rendered":"Volilni program Zelenih: Skupaj \u2013 za okro\u017eje Main-Kinzig s kohezijo in perspektivo"},"content":{"rendered":"<p>S celovitim volilnim programom, usmerjenim v prihodnja leta, bodo Zeleni v okro\u017eju Main-Kinzig leta 2026 za\u010deli lokalno volilno kampanjo. Pod geslom \u201eSkupaj\u201c predstavljajo katalog ukrepov, ki obravnavajo klju\u010dna podro\u010dja ukrepanja, kot so varstvo podnebja, mobilnost, socialna infrastruktura in regionalni gospodarski razvoj.<\/p>\n\n\n\n<p><br><strong>Varstvo podnebja kot medsektorska naloga<\/strong><\/p>\n\n\n\n<p><br>\"Podnebne spremembe ne \u010dakajo - in tudi mi ne,\" je poudaril Mahwish Iftikhar, vodilni kandidat in vodja politi\u010dne skupine Zelenih Main-Kinzig. Cilj je razviti okro\u017eje Main-Kinzig v pionirsko regijo za obnovljive vire energije. Na\u010drti vklju\u010dujejo pospe\u0161eno \u0161iritev vetrne energije in fotovoltai\u010dnih sistemov, prihodnjo podnebno nevtralno okro\u017eno upravo in ustanovitev kompeten\u010dnega centra za podporo ob\u010dinam in podjetjem pri prehodu na energijo iz obnovljivih virov. \u201ePodnebna za\u0161\u010dita krepi na\u0161o regionalno dodano vrednost, ustvarja delovna mesta in pove\u010duje na\u0161o neodvisnost,\u201c dodaja Iftikhar.<br><\/p>\n\n\n\n<p><strong>Zagotavljanje mobilnosti za mestna in pode\u017eelska obmo\u010dja<\/strong><\/p>\n\n\n\n<p><br>Po mnenju Zelenih mora koncept trajnostne mobilnosti zagotoviti zanesljive in cenovno dostopne ponudbe za vse ljudi v krogu. Klju\u010dni gradniki so \u0161iritev omre\u017eja kolesarskih poti, ponovna aktivacija \u017eelezni\u0161ke proge W\u00e4chtersbach\u2013Bad Orb in nadaljnji razvoj storitev mobilnosti, usmerjenih v povpra\u0161evanje, kot je \u201eCarlos\u201c. Cilj je trajnostna mobilnost z nizkim dostopom, ki upo\u0161teva individualne in regionalne potrebe.<\/p>\n\n\n\n<p><br><strong>Krepitev socialne infrastrukture<\/strong><\/p>\n\n\n\n<p><br>Cenovno dostopna stanovanja, visokokakovostno otro\u0161ko varstvo in varno zdravstveno varstvo so temeljni predpogoji za enake \u017eivljenjske pogoje za Zelene. \"\u017delimo, da bi vsi v okro\u017eju Main-Kinzig lahko dobro \u017eiveli, ne glede na njihove prihodke ali kraj bivanja,\" je dejal Philip Schinkel, glavni kandidat in predsednik skupine Green Group v Bad Orbu. Krog mora podpirati ob\u010dine z zanesljivimi okvirnimi pogoji, pravi\u010dnim financiranjem in tesnej\u0161im medob\u010dinskim sodelovanjem.<\/p>\n\n\n\n<p><br><strong>Spodbujanje regionalnega gospodarstva in obrti<\/strong><\/p>\n\n\n\n<p><br>Zeleni vidijo velik potencial za regionalni razvoj v kombinaciji inovacij in obrtni\u0161tva. Na\u010drtovani so programi financiranja za trajnostna podjetja, ciljna krepitev obrti in \u0161iritev kvalificiranih delavcev. Na\u010drtovana Akademija za zdravje in oskrbo je namenjena osrednjemu prispevku k privabljanju prepotrebnih zdravstvenih delavcev.<\/p>\n\n\n\n<p><br><strong>Krepitev demokracije, priznavanje zavezanosti<\/strong><\/p>\n\n\n\n<p><br>\u201eNa\u0161a demokracija uspeva s sodelovanjem,\u201c poudarja Philip Schinkel. Zeleni se zavzemajo za zmanj\u0161anje bremena za zdru\u017eenja in uvedbo obvezne udele\u017ebe mladih v ob\u010dinskih postopkih odlo\u010danja. Poleg tega podpirajo zni\u017eanje volilne starosti na 16 let na ob\u010dinskih volitvah.<\/p>\n\n\n\n<p><br><strong>Varovanje naravnih prostorov in pove\u010danje odpornosti proti podnebnim spremembam<\/strong><\/p>\n\n\n\n<p><br>S projekti, kot so \"MKK bl\u00fcht\", krepitev ekolo\u0161kega kmetijstva ter varstvo voda in gozdnih obmo\u010dij, \u017eelijo Zeleni zagotoviti biotsko raznovrstnost v okro\u017eju. Poleg tega naj bi koncepti gobastega mesta, posodobljeni ukrepi za za\u0161\u010dito pred poplavami in regionalni akcijski na\u010drti za ogrevanje pove\u010dali odpornost na posledice podnebnih sprememb.<\/p>\n\n\n\n<p><br>\u201ePredstavljamo program, ki deluje,\u201c povzema Mahwish Iftikhar. \u201eZ jasno opredeljenimi cilji, preverljivimi ukrepi in zanesljivimi strukturami \u017eelimo okro\u017eje Main-Kinzig razviti v regijo, v kateri lahko vsi ljudje \u017eivijo dobro in varno \u2013 danes in v prihodnosti.\u201c<br><\/p>\n\n\n\n<p>Celoten volilni program je na voljo na spletni strani: <a href=\"https:\/\/www.gruene-mkk.de\/wp-content\/uploads\/2025\/12\/Wahlprogramm_Kommunalwahl-2026_GRUeNE-MKK.pdf\">Volilni program_Ob\u010dinske volitve-2026_GRUeNE-MKK.pdf<\/a><\/p>\n\n\n\n<p><\/p>","protected":false},"excerpt":{"rendered":"<p>S celovitim volilnim programom, usmerjenim v prihodnja leta, bodo Zeleni v okro\u017eju Main-Kinzig leta 2026 za\u010deli lokalno volilno kampanjo. Pod geslom \u201eSkupaj\u201c predstavljajo sklop ukrepov [...]<\/p>","protected":false},"author":-1,"featured_media":3076,"comment_status":"closed","ping_status":"open","sticky":true,"template":"","format":"standard","meta":{"footnotes":""},"categories":[1],"tags":[],"class_list":["post-3055","post","type-post","status-publish","format-standard","has-post-thumbnail","hentry","category-allgemein"],"_links":{"self":[{"href":"https:\/\/www.gruene-mkk.de\/sl\/wp-json\/wp\/v2\/posts\/3055","targetHints":{"allow":["GET"]}}],"collection":[{"href":"https:\/\/www.gruene-mkk.de\/sl\/wp-json\/wp\/v2\/posts"}],"about":[{"href":"https:\/\/www.gruene-mkk.de\/sl\/wp-json\/wp\/v2\/types\/post"}],"author":[{"embeddable":true,"href":"https:\/\/www.gruene-mkk.de\/sl\/wp-json\/wp\/v2\/users\/2"}],"replies":[{"embeddable":true,"href":"https:\/\/www.gruene-mkk.de\/sl\/wp-json\/wp\/v2\/comments?post=3055"}],"version-history":[{"count":3,"href":"https:\/\/www.gruene-mkk.de\/sl\/wp-json\/wp\/v2\/posts\/3055\/revisions"}],"predecessor-version":[{"id":3080,"href":"https:\/\/www.gruene-mkk.de\/sl\/wp-json\/wp\/v2\/posts\/3055\/revisions\/3080"}],"wp:featuredmedia":[{"embeddable":true,"href":"https:\/\/www.gruene-mkk.de\/sl\/wp-json\/wp\/v2\/media\/3076"}],"wp:attachment":[{"href":"https:\/\/www.gruene-mkk.de\/sl\/wp-json\/wp\/v2\/media?parent=3055"}],"wp:term":[{"taxonomy":"category","embeddable":true,"href":"https:\/\/www.gruene-mkk.de\/sl\/wp-json\/wp\/v2\/categories?post=3055"},{"taxonomy":"post_tag","embeddable":true,"href":"https:\/\/www.gruene-mkk.de\/sl\/wp-json\/wp\/v2\/tags?post=3055"}],"curies":[{"name":"wp","href":"https:\/\/api.w.org\/{rel}","templated":true}]}}