{"id":2737,"date":"2025-03-26T11:45:27","date_gmt":"2025-03-26T10:45:27","guid":{"rendered":"https:\/\/www.gruene-mkk.de\/?p=2737"},"modified":"2025-03-26T11:45:37","modified_gmt":"2025-03-26T10:45:37","slug":"gemeinsam-gegen-rechts-gruene-main-kinzig-setzen-auf-aufklaerung-und-engagement","status":"publish","type":"post","link":"https:\/\/www.gruene-mkk.de\/sl\/gemeinsam-gegen-rechts-gruene-main-kinzig-setzen-auf-aufklaerung-und-engagement\/","title":{"rendered":"Skupaj proti pravici: Gr\u00fcne Main-Kinzig poudarek na izobra\u017eevanju in zavezanosti"},"content":{"rendered":"<p>Sascha Schmidt, priznana strokovnjakinja za ekstermizem, je v sredo, 12. marca 2025, na okro\u017eni skup\u0161\u010dini okro\u017eja Green Main-Kinzig v W\u00e4chtersbachu imela nujno predavanje na temo \u201ePravi\u010dni teror v okro\u017eju Main-Kinzig\u201c, pri \u010demer je poudarila vse ve\u010dje mre\u017eenje desni\u010darskih ekstremisti\u010dnih struktur. Dobro obiskan dogodek je potekal ob nedavnih volitvah v Bundestag, na katerih se je zaskrbljujo\u010de pove\u010dalo \u0161tevilo glasov za AfD.<\/p>\n\n\n\n<p>Schmidt je s konkretnimi primeri pokazal, kako desni\u010darske ideologije spodbujajo negotovost in strah ter kako nanje vplivajo digitalne platforme. Obstaja pa tudi mo\u010dno protigibanje: Prisotni so poudarili pomen demokracije, ki temelji na obrambi, in predane civilne dru\u017ebe, ki odlo\u010dno nasprotuje sovra\u0161tvu in sovra\u017enemu govoru.<\/p>\n\n\n\n<p>\"Na\u0161a dol\u017enost kot demokrati\u010dna stranka je, da ostanemo pozorni in se skupaj zavzamemo za na\u0161e vrednote, \u0161e posebej zdaj, ko velik dele\u017e glasov AfD ka\u017ee na pomen izobra\u017eevanja in dialoga,\" je dejal Thomas Gassen, tiskovni predstavnik odbora Zelenih Main-Kinzig. \u201ePredstavitev nam je vsem pokazala, da se moramo ne le odzvati, temve\u010d tudi dejavno okrepiti socialno kohezijo. Ne dopu\u0161\u010damo, da bi prevladovalo sovra\u0161tvo \u2013 zana\u0161amo se na dialog, izobra\u017eevanje in politiko, ki vsakogar vzame s seboj in ponudi resni\u010dne re\u0161itve.\u201c<\/p>\n\n\n\n<p>\"Dejstvo, da je toliko ljudi glasovalo za AfD, ka\u017ee, kako nujno moramo razsvetliti kot demokrati\u010dno dru\u017ebo in se zavzemati za na\u0161e vrednote,\" pravi Thomas Gassen, tiskovni predstavnik odbora Zelenih Main-Kinzig. \u201eDemokracija uspeva ob zavezanosti mnogih \u2013 in ljudi ne smemo prepustiti preprostim sloganom skrajne desnice. Hkrati pa vidimo tudi, da je vedno ve\u010d ljudi pripravljenih nasprotovati desni\u010darskemu spodbujanju. To nam daje pogum in ka\u017ee, da smo kot dru\u017eba mo\u010dnej\u0161i od tistih, ki \u017eelijo deliti.\u201c<\/p>","protected":false},"excerpt":{"rendered":"<p>V sredo, 12. marca 2025, je priznana strokovnjakinja za iztrebljanje Sascha Schmidt na okro\u017eni skup\u0161\u010dini GREEN Main-Kinzig v W\u00e4chtersbachu predavala o \u201edesni\u010darskem terorju v okro\u017eju Main-Kinzig\u201c.<\/p>","protected":false},"author":-1,"featured_media":2738,"comment_status":"closed","ping_status":"open","sticky":true,"template":"","format":"standard","meta":{"footnotes":""},"categories":[1],"tags":[],"class_list":["post-2737","post","type-post","status-publish","format-standard","has-post-thumbnail","hentry","category-allgemein"],"_links":{"self":[{"href":"https:\/\/www.gruene-mkk.de\/sl\/wp-json\/wp\/v2\/posts\/2737","targetHints":{"allow":["GET"]}}],"collection":[{"href":"https:\/\/www.gruene-mkk.de\/sl\/wp-json\/wp\/v2\/posts"}],"about":[{"href":"https:\/\/www.gruene-mkk.de\/sl\/wp-json\/wp\/v2\/types\/post"}],"author":[{"embeddable":true,"href":"https:\/\/www.gruene-mkk.de\/sl\/wp-json\/wp\/v2\/users\/2"}],"replies":[{"embeddable":true,"href":"https:\/\/www.gruene-mkk.de\/sl\/wp-json\/wp\/v2\/comments?post=2737"}],"version-history":[{"count":1,"href":"https:\/\/www.gruene-mkk.de\/sl\/wp-json\/wp\/v2\/posts\/2737\/revisions"}],"predecessor-version":[{"id":2739,"href":"https:\/\/www.gruene-mkk.de\/sl\/wp-json\/wp\/v2\/posts\/2737\/revisions\/2739"}],"wp:featuredmedia":[{"embeddable":true,"href":"https:\/\/www.gruene-mkk.de\/sl\/wp-json\/wp\/v2\/media\/2738"}],"wp:attachment":[{"href":"https:\/\/www.gruene-mkk.de\/sl\/wp-json\/wp\/v2\/media?parent=2737"}],"wp:term":[{"taxonomy":"category","embeddable":true,"href":"https:\/\/www.gruene-mkk.de\/sl\/wp-json\/wp\/v2\/categories?post=2737"},{"taxonomy":"post_tag","embeddable":true,"href":"https:\/\/www.gruene-mkk.de\/sl\/wp-json\/wp\/v2\/tags?post=2737"}],"curies":[{"name":"wp","href":"https:\/\/api.w.org\/{rel}","templated":true}]}}