{"id":2636,"date":"2025-02-21T16:02:31","date_gmt":"2025-02-21T15:02:31","guid":{"rendered":"https:\/\/www.gruene-mkk.de\/?p=2636"},"modified":"2025-02-21T16:03:14","modified_gmt":"2025-02-21T15:03:14","slug":"taxi-talk-mit-mahwish-politik-hautnah-erleben","status":"publish","type":"post","link":"https:\/\/www.gruene-mkk.de\/sl\/taxi-talk-mit-mahwish-politik-hautnah-erleben\/","title":{"rendered":"Taksi pogovor z Mahwishom: Do\u017eivite politiko od blizu!"},"content":{"rendered":"<p>Ni nujno, da politika vedno poteka za govorni\u0161kimi pulti ali v sejnih sobah, kot je razvidno iz sobotnega \u201eTaxi Talk with Mahwish\u201c v Hanauju. Parlamentarna kandidatka Zelenih za volilno okro\u017eje 179 Mahwish Iftikhar in vodilna kandidatka iz Hessija Anna L\u00fchrmann sta se zana\u0161ali na inovativno obliko in povabili dr\u017eavljane na zelo posebno vo\u017enjo. Zanimanje je bilo izjemno!<\/p>\n\n\n\n<p><strong>Vstopi, govori, pomagaj oblikovati!<\/strong><br>Namesto klasi\u010dnih dogodkov predvolilne kampanje so se Zeleni odlo\u010dili za ustvarjalno in takoj\u0161nje sre\u010danje: V taksiju z veliko zmogljivostjo so imeli dr\u017eavljani edinstveno prilo\u017enost za neposreden pogovor z Mahwishom Iftikharjem in Anno L\u00fchrmann na kratki vo\u017enji. Ob vro\u010di skodelici \u010daja ali kave so lahko delili svoje skrbi, postavljali vpra\u0161anja in razpravljali o idejah za trajnostno politiko.<\/p>\n\n\n\n<p><strong>Politika na dotik<\/strong><br>Ukrep je bil zelo dobro sprejet: Sede\u017ei so bili hitro zasedeni, pogovori pa so bili intenzivni, osebni in navdihujo\u010di. \u0160e posebej Mahwish Iftikhar, ki je med \u0161tudijem sama delala kot taksist, je s tem sre\u010danjem dosegla to\u010dke na ravni o\u010di. \"Najbolj iskreni in vznemirljivi pogovori se pogosto pojavljajo v taksijih, kar je to\u010dno tisto, kar \u017eelimo prevesti v politiko,\" je navdu\u0161eno dejal Iftikhar.<\/p>\n\n\n\n<p><strong>Nadaljevanje sledi! Omid Nouripour vstopi<\/strong><br>\u010ce ste zamudili pogovor s taksijem, boste kmalu imeli novo prilo\u017enost: Naslednja sreda, 5.2.25, od 11.00 na Hanauer Freiheitsplatz, Hessian top kandidat Zelenih, Omid Nouripour, pride v taksi! Dr\u017eavljani in dr\u017eavljanke imajo znova prilo\u017enost, da se z njim pogovorijo v spro\u0161\u010denem vzdu\u0161ju, kar je prilo\u017enost, ki je ne smete zamuditi!<\/p>","protected":false},"excerpt":{"rendered":"<p>Ni nujno, da politika vedno poteka za govorni\u0161kimi pulti ali v sejnih sobah, kot je razvidno iz sobotnega \u201eTaxi Talk with Mahwish\u201c v Hanauju. Kandidat Zelenih iz Bundestaga za volilno enoto 179, [...]<\/p>","protected":false},"author":-1,"featured_media":2637,"comment_status":"closed","ping_status":"open","sticky":true,"template":"","format":"standard","meta":{"footnotes":""},"categories":[1],"tags":[],"class_list":["post-2636","post","type-post","status-publish","format-standard","has-post-thumbnail","hentry","category-allgemein"],"_links":{"self":[{"href":"https:\/\/www.gruene-mkk.de\/sl\/wp-json\/wp\/v2\/posts\/2636","targetHints":{"allow":["GET"]}}],"collection":[{"href":"https:\/\/www.gruene-mkk.de\/sl\/wp-json\/wp\/v2\/posts"}],"about":[{"href":"https:\/\/www.gruene-mkk.de\/sl\/wp-json\/wp\/v2\/types\/post"}],"author":[{"embeddable":true,"href":"https:\/\/www.gruene-mkk.de\/sl\/wp-json\/wp\/v2\/users\/2"}],"replies":[{"embeddable":true,"href":"https:\/\/www.gruene-mkk.de\/sl\/wp-json\/wp\/v2\/comments?post=2636"}],"version-history":[{"count":1,"href":"https:\/\/www.gruene-mkk.de\/sl\/wp-json\/wp\/v2\/posts\/2636\/revisions"}],"predecessor-version":[{"id":2638,"href":"https:\/\/www.gruene-mkk.de\/sl\/wp-json\/wp\/v2\/posts\/2636\/revisions\/2638"}],"wp:featuredmedia":[{"embeddable":true,"href":"https:\/\/www.gruene-mkk.de\/sl\/wp-json\/wp\/v2\/media\/2637"}],"wp:attachment":[{"href":"https:\/\/www.gruene-mkk.de\/sl\/wp-json\/wp\/v2\/media?parent=2636"}],"wp:term":[{"taxonomy":"category","embeddable":true,"href":"https:\/\/www.gruene-mkk.de\/sl\/wp-json\/wp\/v2\/categories?post=2636"},{"taxonomy":"post_tag","embeddable":true,"href":"https:\/\/www.gruene-mkk.de\/sl\/wp-json\/wp\/v2\/tags?post=2636"}],"curies":[{"name":"wp","href":"https:\/\/api.w.org\/{rel}","templated":true}]}}