{"id":228,"date":"2021-10-11T15:28:00","date_gmt":"2021-10-11T13:28:00","guid":{"rendered":"https:\/\/www.alles-bleibt-anders.org\/?p=228"},"modified":"2021-11-12T19:29:55","modified_gmt":"2021-11-12T18:29:55","slug":"gruene-treffen-sich-in-brachttal","status":"publish","type":"post","link":"https:\/\/www.gruene-mkk.de\/sl\/gruene-treffen-sich-in-brachttal\/","title":{"rendered":"Zeleni se sre\u010dajo v Brachttalu"},"content":{"rendered":"<!--more-->\n\n\n\n<p>Prej\u0161nji petek je Kreisverband B\u00fcndnis 90\/Die Gr\u00fcnen Main-Kinzig (Zavezni\u0161tvo 90\/Zeleni Main-Kinzig) med drugim obiskalo okro\u017eje Schlierbach s \u010dlanom Zelenega de\u017eelnega zbora Markusom Hofmannom ter \u010dlani iz Brachttala in okoli\u0161kih skupnosti. Ob\u010dina je v zadnjih tednih prejela zavezo, da bo podprla dr\u017eavno vlado pri razvoju vasi, kar so Zeleni izkoristili kot prilo\u017enost za izmenjavo potreb in prilo\u017enosti, da bi kraji, kot je Brachttal, postali privla\u010dnej\u0161i za prebivalce in obiskovalce.<\/p>\n\n\n\n<p>Udele\u017eenci so najprej obiskali trgovino LandGl\u00fcck v stari tovarni keramike W\u00e4chtersbach. \u201eTrajnost je pomemben del koncepta na\u0161e trgovine,\u201c je pojasnila Mona Frank, ena od upravljavcev trgovine, kjer poleg hrane iz Brachttala ro\u010dno izdelane izdelke neposredno prodajajo proizvajalci iz vse Nem\u010dije. Tudi trgovina z rabljenimi obla\u010dili \u201ePusteblume\u201c je na\u0161la prostor v prostorni trgovini. \"Ko smo januarja ponovno odprli trgovino pod novim imenom, smo se \u017eeleli sklicevati tudi na kerami\u010dno tovarno,\" je nadaljeval Frank. \u201eZato smo v na\u0161o trgovino dodali zbirko keramike.\u201c<\/p>\n\n\n\n<p>\"Druge stavbe stare kerami\u010dne tovarne se delno uporabljajo kot pisarni\u0161ki prostori, v prostorih pa je tudi bar,\" je pojasnil Matthias Dorka, \u010dlan Zelene stranke v Brachttalu. Nekatera obmo\u010dja so neuporabljena. Nadaljnja pot je vodila mimo \u0161portnega igri\u0161\u010da, pohodni\u0161kih poti in dru\u017eabnega objekta. Na poti so se udele\u017eenci od prisotnih Brachttalerjev veliko nau\u010dili o zgodovini skupnosti. \u010clani okoli\u0161kih skupnosti, Biebergem\u00fcnd, W\u00e4chtersbach in Bad Orb, so razpravljali o skupnih izzivih pri vzdr\u017eevanju infrastrukture, kot je zdravstvena oskrba, in mo\u017enih skupnih projektih.<\/p>\n\n\n\n<p>\"V Brachttalu lahko vidite veliko stvari, ki se \u017ee dobro odvijajo, pa tudi veliko potenciala in izzivov, s katerimi se Zeleni \u017eelimo spopasti, zlasti v pode\u017eelskem okro\u017eju Main-Kinzig,\" je dejal Reiner Bousonville, \u010dlan odbora Zelenih Main-Kinzig in predsednik skupine, ki se je prav tako udele\u017eil sre\u010danja. \"Da bi se lahko spopadli s tem v interesu dr\u017eavljanov v ob\u010dinah, upamo, da bomo osvojili ve\u010d \u010dlanov v Brachttalu in okoli\u0161kih vaseh, kot sta Bad Soden Salm\u00fcnster ali Birstein,\" je dejal Bousonville. Zeleni kot prilo\u017enost za nadaljnjo izmenjavo mnenj in kot kontaktna to\u010dka za zainteresirane strani 3. novembra ob 19.00 organizirajo \u201ezeleno okroglo mizo\u201c v Brachttalu. Zbirno mesto je \u201eWLC the Room\u201c, Fabrikstra\u00dfe 12,63636 Brachttal-Schliebach. Zainteresirane strani se lahko obrnejo na okro\u017eno zdru\u017eenje Zeleni Main-Kinzig pod <a href=\"#\" data-unscramble=\"ed.kkm-eneurg@vk\">kv@gruene-mkk.de<\/a> poro\u010dilo.<\/p>","protected":false},"excerpt":{"rendered":"","protected":false},"author":-1,"featured_media":229,"comment_status":"open","ping_status":"open","sticky":false,"template":"","format":"standard","meta":{"footnotes":""},"categories":[4],"tags":[],"class_list":["post-228","post","type-post","status-publish","format-standard","has-post-thumbnail","hentry","category-newsortsverbaende"],"_links":{"self":[{"href":"https:\/\/www.gruene-mkk.de\/sl\/wp-json\/wp\/v2\/posts\/228","targetHints":{"allow":["GET"]}}],"collection":[{"href":"https:\/\/www.gruene-mkk.de\/sl\/wp-json\/wp\/v2\/posts"}],"about":[{"href":"https:\/\/www.gruene-mkk.de\/sl\/wp-json\/wp\/v2\/types\/post"}],"author":[{"embeddable":true,"href":"https:\/\/www.gruene-mkk.de\/sl\/wp-json\/wp\/v2\/users\/2"}],"replies":[{"embeddable":true,"href":"https:\/\/www.gruene-mkk.de\/sl\/wp-json\/wp\/v2\/comments?post=228"}],"version-history":[{"count":1,"href":"https:\/\/www.gruene-mkk.de\/sl\/wp-json\/wp\/v2\/posts\/228\/revisions"}],"predecessor-version":[{"id":230,"href":"https:\/\/www.gruene-mkk.de\/sl\/wp-json\/wp\/v2\/posts\/228\/revisions\/230"}],"wp:featuredmedia":[{"embeddable":true,"href":"https:\/\/www.gruene-mkk.de\/sl\/wp-json\/wp\/v2\/media\/229"}],"wp:attachment":[{"href":"https:\/\/www.gruene-mkk.de\/sl\/wp-json\/wp\/v2\/media?parent=228"}],"wp:term":[{"taxonomy":"category","embeddable":true,"href":"https:\/\/www.gruene-mkk.de\/sl\/wp-json\/wp\/v2\/categories?post=228"},{"taxonomy":"post_tag","embeddable":true,"href":"https:\/\/www.gruene-mkk.de\/sl\/wp-json\/wp\/v2\/tags?post=228"}],"curies":[{"name":"wp","href":"https:\/\/api.w.org\/{rel}","templated":true}]}}