{"id":223,"date":"2021-09-29T19:23:00","date_gmt":"2021-09-29T17:23:00","guid":{"rendered":"https:\/\/www.alles-bleibt-anders.org\/?p=223"},"modified":"2024-09-05T14:43:41","modified_gmt":"2024-09-05T12:43:41","slug":"anfrage-der-gruenen-fraktion-zu-schlachtstaetten-und-tiertransporten","status":"publish","type":"post","link":"https:\/\/www.gruene-mkk.de\/sl\/anfrage-der-gruenen-fraktion-zu-schlachtstaetten-und-tiertransporten\/","title":{"rendered":"Vpra\u0161anje zelene skupine o klavnicah in prevozu \u017eivali"},"content":{"rendered":"<p><strong>Podpora regionalni proizvodnji hrane<\/strong><\/p>\n\n\n\n<!--more-->\n\n\n\n<p>Od leta 2021 je regija Main-Kinzig-Kreis ekomodelna regija: \u201eNa \u017ealost je okro\u017eje potrebovalo veliko \u010dasa, da je to storilo in se prijavilo kot eno zadnjih okro\u017eij v Hessenu,\u201c pravi Rainer Vogel, \u010dlan parlamenta zelenega okro\u017eja. \u201eZahvaljujo\u010d regiji z ekolo\u0161kim modelom pa se zdaj v ospredje postavlja pridelava ekolo\u0161ke in regionalne hrane.\u201c<\/p>\n\n\n\n<p>Zlasti lokalna in regionalna obrtna podjetja bi lahko bila odlo\u010dilno gonilo za zagotavljanje regionalnih in ekolo\u0161kih \u017eivil potro\u0161nikom v okro\u017eju na kratkih razdaljah: \u201eZakol in predelava rejnih \u017eivali, pridelanih v okro\u017eju, bi morala potekati v bli\u017eini potro\u0161nika in brez dolgih prevoznih poti,\u201c pravi Vogel, ki v odboru za okolje okro\u017eja zaseda za skupino Verts\/ALE: \u201ePrevoz je veliko breme za \u017eivali. Z regionalno in hitro dostopnimi klavnicami se lahko prevoz \u017eivali mo\u010dno skraj\u0161a ali celo popolnoma prepre\u010di z uporabo mobilne klavnice.\u201c<\/p>\n\n\n\n<p>Zato poslanska skupina Zelenih spra\u0161uje upravo, koliko odobrenih klavnic je v okro\u017eju Main-Kinzig in koliko zakolov je treba zaradi pomanjkanja zmogljivosti opraviti zunaj okro\u017eja: \u201ePo zaprtju klavnice B\u00fcding so \u0161tevilni mesarji, neposredni trgovci in kmetje v okro\u017eju Main-Kinzig prav tako izgubili prilo\u017enost za zakol svojih \u017eivali v regiji. Zato bi radi iz okro\u017eja izvedeli, kak\u0161na so prizadevanja za spodbujanje regionalnih klavnic in prepre\u010devanje prevoza \u017eivali, \"je dejal poslanec stranke Zelenih v okro\u017enem parlamentu.<\/p>\n\n\n\n<p>Za prevoz \u017eivali veljajo stroge zahteve: \u201ePo avtocestah A 66 in A 45 skozi okro\u017eje Main-Kinzig potekajo \u0161tevilni nadregionalni prevozi \u017eivali. Prav ti prevozi postavljajo visoke zahteve glede dobrega po\u010dutja \u017eivali. Zato bi vas radi vpra\u0161ali o \u0161tevilu pregledov prevoza \u017eivali in ugotovljenih kr\u0161itvah v lanskem letu.\u201c Pojasniti je treba tudi, ali trenutno \u0161tevilo zaposlenih v veterinarskem uradu zadostuje.<\/p>\n\n\n\n<p>\u201eZeleni v Main-Kinzigu \u017eelijo \u0161e naprej podpirati proizvodnjo regionalne hrane in pode\u017eelskega kmetijstva, zato bodo na zahtevo zaprosili okro\u017eno upravo za preostale mo\u017enosti.\u201c To vklju\u010duje uporabo mobilne klavnice za rejce pa\u0161nih \u017eivali, pojasnjuje Vogel: \u201eVelika koalicija v odboru okro\u017eja za okolje je zavrnila pobudo s sklicevanjem na zakonodajo EU, ki bi prepre\u010dila uvedbo. V Wetterauu je bil eden realiziran v tem \u010dasu. Zanima nas, katere druge direktive EU se uporabljajo v Wetterauu, katere omogo\u010dajo njihovo uporabo in katere spremembe bi bilo treba uvesti tukaj v okro\u017eju.\u201c<\/p>\n\n\n\n<p>Namen zahtevka je ponovno postaviti v ospredje pomembne regionalne obrate za proizvodnjo hrane: \u201eV prihodnosti bi bilo za\u017eeleno tudi sodelovanje s sosednjo ekolo\u0161ko regijo Wetterau, na primer sodobna klavnica na obmejnem obmo\u010dju med Main-Kinzig-Kreis in Wetteraukreis, ki bi bila prilagojena potrebam mesarjev in podjetij za neposredno tr\u017eenje,\u201c zaklju\u010duje Vogel.<\/p>\n\n\n\n<div class=\"wp-block-media-text alignwide is-stacked-on-mobile\" style=\"grid-template-columns:29% auto\"><figure class=\"wp-block-media-text__media\"><img loading=\"lazy\" decoding=\"async\" width=\"800\" height=\"800\" src=\"http:\/\/www.alles-bleibt-anders.org\/wp-content\/uploads\/2021\/11\/Rainer_V-800x800.png\" alt=\"\" class=\"wp-image-116 size-full\" srcset=\"https:\/\/www.gruene-mkk.de\/wp-content\/uploads\/2021\/11\/Rainer_V-800x800.png 800w, https:\/\/www.gruene-mkk.de\/wp-content\/uploads\/2021\/11\/Rainer_V-400x400.png 400w, https:\/\/www.gruene-mkk.de\/wp-content\/uploads\/2021\/11\/Rainer_V-150x150.png 150w, https:\/\/www.gruene-mkk.de\/wp-content\/uploads\/2021\/11\/Rainer_V-768x768.png 768w, https:\/\/www.gruene-mkk.de\/wp-content\/uploads\/2021\/11\/Rainer_V.png 1200w\" sizes=\"auto, (max-width: 800px) 100vw, 800px\" \/><\/figure><div class=\"wp-block-media-text__content\">\n<p class=\"has-medium-font-size\">Rainer Vogel<\/p>\n\n\n\n<p>\u010dlan okrajne parlamentarne skupine<\/p>\n<\/div><\/div>\n\n\n\n<hr class=\"wp-block-separator\"\/>\n\n\n\n<p>Poizvedbe na naslov:<\/p>\n\n\n\n<p>Jakob M\u00e4hler<br>Generalni direktor skupine<br>Zveza 90 \/ Zeleni Main-Kinzig<br>06181\/61596<br>0176\/46763336<br>fraktion@gruene-mkk.de<\/p>","protected":false},"excerpt":{"rendered":"<p>Podpora regionalni proizvodnji hrane<\/p>","protected":false},"author":-1,"featured_media":0,"comment_status":"open","ping_status":"open","sticky":false,"template":"","format":"standard","meta":{"footnotes":""},"categories":[2],"tags":[],"class_list":["post-223","post","type-post","status-publish","format-standard","hentry","category-newskreistagsfraktion"],"_links":{"self":[{"href":"https:\/\/www.gruene-mkk.de\/sl\/wp-json\/wp\/v2\/posts\/223","targetHints":{"allow":["GET"]}}],"collection":[{"href":"https:\/\/www.gruene-mkk.de\/sl\/wp-json\/wp\/v2\/posts"}],"about":[{"href":"https:\/\/www.gruene-mkk.de\/sl\/wp-json\/wp\/v2\/types\/post"}],"author":[{"embeddable":true,"href":"https:\/\/www.gruene-mkk.de\/sl\/wp-json\/wp\/v2\/users\/2"}],"replies":[{"embeddable":true,"href":"https:\/\/www.gruene-mkk.de\/sl\/wp-json\/wp\/v2\/comments?post=223"}],"version-history":[{"count":1,"href":"https:\/\/www.gruene-mkk.de\/sl\/wp-json\/wp\/v2\/posts\/223\/revisions"}],"predecessor-version":[{"id":224,"href":"https:\/\/www.gruene-mkk.de\/sl\/wp-json\/wp\/v2\/posts\/223\/revisions\/224"}],"wp:attachment":[{"href":"https:\/\/www.gruene-mkk.de\/sl\/wp-json\/wp\/v2\/media?parent=223"}],"wp:term":[{"taxonomy":"category","embeddable":true,"href":"https:\/\/www.gruene-mkk.de\/sl\/wp-json\/wp\/v2\/categories?post=223"},{"taxonomy":"post_tag","embeddable":true,"href":"https:\/\/www.gruene-mkk.de\/sl\/wp-json\/wp\/v2\/tags?post=223"}],"curies":[{"name":"wp","href":"https:\/\/api.w.org\/{rel}","templated":true}]}}