{"id":1963,"date":"2023-12-07T16:49:43","date_gmt":"2023-12-07T15:49:43","guid":{"rendered":"https:\/\/www.gruene-mkk.de\/?p=1963"},"modified":"2023-12-12T14:52:33","modified_gmt":"2023-12-12T13:52:33","slug":"thomas-gassen-und-anja-zeller-sind-neue-sprecher","status":"publish","type":"post","link":"https:\/\/www.gruene-mkk.de\/sl\/thomas-gassen-und-anja-zeller-sind-neue-sprecher\/","title":{"rendered":"Thomas Gassen in Anja Zeller sta nova govornika"},"content":{"rendered":"<p><em>Okro\u017eni odbor Zelenega Main-Kinziga izvoli novega vodjo \/ \u010dlane pristopa<\/em><\/p>\n\n\n\n<div class=\"wp-block-media-text is-stacked-on-mobile is-vertically-aligned-top\"><figure class=\"wp-block-media-text__media\"><img loading=\"lazy\" decoding=\"async\" width=\"560\" height=\"1200\" src=\"https:\/\/www.gruene-mkk.de\/wp-content\/uploads\/2023\/12\/20231201_205715-560x1200.jpg\" alt=\"\" class=\"wp-image-1965 size-full\" srcset=\"https:\/\/www.gruene-mkk.de\/wp-content\/uploads\/2023\/12\/20231201_205715-560x1200.jpg 560w, https:\/\/www.gruene-mkk.de\/wp-content\/uploads\/2023\/12\/20231201_205715-280x600.jpg 280w, https:\/\/www.gruene-mkk.de\/wp-content\/uploads\/2023\/12\/20231201_205715-768x1645.jpg 768w, https:\/\/www.gruene-mkk.de\/wp-content\/uploads\/2023\/12\/20231201_205715-717x1536.jpg 717w, https:\/\/www.gruene-mkk.de\/wp-content\/uploads\/2023\/12\/20231201_205715-956x2048.jpg 956w, https:\/\/www.gruene-mkk.de\/wp-content\/uploads\/2023\/12\/20231201_205715-scaled.jpg 1196w\" sizes=\"auto, (max-width: 560px) 100vw, 560px\" \/><\/figure><div class=\"wp-block-media-text__content\">\n<p>Anja Zeller in Thomas Gassen sta nova tiskovna predstavnika odbora za zeleno okro\u017eje Main-Kinzig. V okviru umika sta bila oba izvoljena s strani \u010dlanov upravnega odbora.<\/p>\n\n\n\n<p>Potem ko se je okro\u017eni odbor na zadnjih volitvah skoraj v celoti prestavil, so se \u010dlani zdaj sestali na sestanku za umik: \"Pomembno je bilo, da smo razpravljali o temeljih dela odbora in opredelili na\u0161e prednostne naloge za naslednji dve leti,\" pravita Zeller in Gassen.<\/p>\n\n\n\n<p>Anja Zeller je izku\u0161ena politi\u010darka iz Hanauja, Thomas Gassen pa je \u017ee ve\u010d let dejaven v lokalni politiki v Gro\u00dfkrotzenburgu: \"To politi\u010dno izku\u0161njo in dolgoletno sodelovanje z Zelenimi jemljemo s seboj, da bi se aktivno soo\u010dili z glavnimi izzivi prihodnjih let,\" poudarjata Zeller in Gassen: \u201eSvoboda okro\u017eja Hanau, naslednje lokalne volitve in premik v desno v delih okro\u017eja prina\u0161ajo nove naloge, ki jih moramo obravnavati skupaj.\u201c<\/p>\n\n\n\n<p><\/p>\n<\/div><\/div>\n\n\n\n<p>Z veseljem prevzemamo to pomembno in vznemirljivo vlogo ter smo glas na\u0161ega okro\u017enega zdru\u017eenja zunanjemu svetu. Potrudili se bomo, da bomo prisluhnili in ustrezno zastopali skrbi in potrebe vseh lokalnih zdru\u017eenj in \u010dlanov. Skupaj lahko dose\u017eemo pozitivne spremembe in dose\u017eemo svoje zelene cilje v okro\u017eju Main-Kinzig. Iskreno se zahvaljujemo za zaupanje, ki nam ga je dal okro\u017eni odbor. Svojo novo vlogo prevzemamo z veliko motivacijo in se veselimo, da bomo za\u010deli takoj.\u201c<\/p>\n\n\n\n<p>Anja Zeller je izku\u0161ena politi\u010darka iz Hanauja, Thomas Gassen pa je \u017ee ve\u010d let dejaven v lokalni politiki v Gro\u00dfkrotzenburgu: \"To politi\u010dno izku\u0161njo in dolgoletno sodelovanje z Zelenimi jemljemo s seboj, da bi se aktivno soo\u010dili z glavnimi izzivi prihodnjih let,\" poudarjata Zeller in Gassen: \u201eSvoboda okro\u017eja Hanau, naslednje lokalne volitve in premik v desno v delih okro\u017eja prina\u0161ajo nove naloge, ki se jih moramo lotiti skupaj.\u201c Z veseljem prevzemamo to pomembno in vznemirljivo vlogo ter smo glas na\u0161ega okrajnega zdru\u017eenja zunanjemu svetu. Potrudili se bomo, da bomo prisluhnili in ustrezno zastopali skrbi in potrebe vseh lokalnih zdru\u017eenj in \u010dlanov. Skupaj lahko dose\u017eemo pozitivne spremembe in dose\u017eemo svoje zelene cilje v okro\u017eju Main-Kinzig. Iskreno se zahvaljujemo za zaupanje, ki nam ga je dal okro\u017eni odbor. V na\u0161o novo nalogo vstopamo z veliko motivacijo in<\/p>","protected":false},"excerpt":{"rendered":"<p>Anja Zeller in Thomas Gassen sta nova tiskovna predstavnika odbora za zeleno okro\u017eje Main-Kinzig. Ob njunem odhodu sta oba [...]<\/p>","protected":false},"author":-1,"featured_media":0,"comment_status":"closed","ping_status":"open","sticky":true,"template":"","format":"standard","meta":{"footnotes":""},"categories":[1],"tags":[],"class_list":["post-1963","post","type-post","status-publish","format-standard","hentry","category-allgemein"],"_links":{"self":[{"href":"https:\/\/www.gruene-mkk.de\/sl\/wp-json\/wp\/v2\/posts\/1963","targetHints":{"allow":["GET"]}}],"collection":[{"href":"https:\/\/www.gruene-mkk.de\/sl\/wp-json\/wp\/v2\/posts"}],"about":[{"href":"https:\/\/www.gruene-mkk.de\/sl\/wp-json\/wp\/v2\/types\/post"}],"author":[{"embeddable":true,"href":"https:\/\/www.gruene-mkk.de\/sl\/wp-json\/wp\/v2\/users\/2"}],"replies":[{"embeddable":true,"href":"https:\/\/www.gruene-mkk.de\/sl\/wp-json\/wp\/v2\/comments?post=1963"}],"version-history":[{"count":2,"href":"https:\/\/www.gruene-mkk.de\/sl\/wp-json\/wp\/v2\/posts\/1963\/revisions"}],"predecessor-version":[{"id":1967,"href":"https:\/\/www.gruene-mkk.de\/sl\/wp-json\/wp\/v2\/posts\/1963\/revisions\/1967"}],"wp:attachment":[{"href":"https:\/\/www.gruene-mkk.de\/sl\/wp-json\/wp\/v2\/media?parent=1963"}],"wp:term":[{"taxonomy":"category","embeddable":true,"href":"https:\/\/www.gruene-mkk.de\/sl\/wp-json\/wp\/v2\/categories?post=1963"},{"taxonomy":"post_tag","embeddable":true,"href":"https:\/\/www.gruene-mkk.de\/sl\/wp-json\/wp\/v2\/tags?post=1963"}],"curies":[{"name":"wp","href":"https:\/\/api.w.org\/{rel}","templated":true}]}}