{"id":180,"date":"2021-08-23T12:48:00","date_gmt":"2021-08-23T10:48:00","guid":{"rendered":"https:\/\/www.alles-bleibt-anders.org\/?p=180"},"modified":"2021-11-11T12:52:45","modified_gmt":"2021-11-11T11:52:45","slug":"gruene-mkk-eroeffnen-heisse-phase-des-wahlkampfes-mit-ihren-kandidaten","status":"publish","type":"post","link":"https:\/\/www.gruene-mkk.de\/sl\/gruene-mkk-eroeffnen-heisse-phase-des-wahlkampfes-mit-ihren-kandidaten\/","title":{"rendered":"Zelena MKK odprta vro\u010da faza volilne kampanje s svojimi kandidati"},"content":{"rendered":"<!--more-->\n\n\n\n<p>Z odprtjem sede\u017ea svoje kampanje v Hanauu so Zeleni v okro\u017eju Mainz Kinzig napovedali vro\u010do fazo volilne kampanje.\u00a0\"Do volitev je \u0161e \u0161est tednov, borimo se za vsak glas,\" je dejala Viola Ha\u00dfdenteufel, predsednica zdru\u017eenja zelenih krogov MKK.\u00a0Predstavila je zelene na\u010drte za volilno kampanjo in dva neposredna kandidata:<\/p>\n\n\n\n<p>\u201eIzku\u0161en politik z Marcusom Bockletom kandidira za volilno okro\u017eje 180 (Hanau). \u017de vrsto let je ob\u010dinski svetnik, mestni svetnik in je trenutno poslanec v dr\u017eavnem parlamentu,\u00ab je poudaril Ha\u00dfdenteufel.<\/p>\n\n\n\n<p>\u201eMoje prednostne naloge so jasne. Kot izobra\u017eena socialna politi\u010darka se ukvarjam s socialno politiko. \u017delim si trdne socialne mre\u017ee v tej dr\u017eavi, ki bo ujela ljudi v stiski. Tukaj je \u0161e veliko dela. Druga tema bo glavni izziv prihodnjih let. Kako zagotoviti celovito zdravstveno varstvo? Polovica dru\u017einskih zdravnikov je upokojenih, na\u0161e bolni\u0161nice pa imajo velike finan\u010dne te\u017eave. Zeleni imamo tukaj koncepte in \u017eelim imeti dejavno vlogo pri njihovem izvajanju,\u201c pravi Bocklet.<\/p>\n\n\n\n<p>Za podjetje Knut Kiesel je v ospredju politika varstva podnebja: \u201eV celoti sem zavezan energetskemu prehodu. \u017delim ustvariti ve\u010d spodbud, da bi povsod proizvedli ve\u010d obnovljivih virov energije, na primer z modeli sodelovanja. Prometna politika mora biti del podnebne politike. \u017delim okrepiti koncepte javnega prevoza in mobilnega mre\u017eenja, le tako bo mogo\u010de dose\u010di trajno zmanj\u0161anje emisij CO2.<sub>2<\/sub> Izklju\u010den,\u201c je prepri\u010dan Kiesel.<\/p>\n\n\n\n<p>Oba ogla\u0161ujeta na informacijskih kabinah in z dogodki po lastni izbiri. Oboje podpirajo hessenski ministri Tarek Al Wazir, Priska Hinz in Kai Klose ter Robert Habeck, ki bo danes od 11.30 na trgu v Hanau.<\/p>\n\n\n\n<p>\u201eRazpolo\u017eenje za spremembe je prisotno, optimisti\u010dni smo, da bomo z dobrim rezultatom postali del nove zvezne vlade. Za to je potreben vsak glas. Bolj si moramo upati, da ne bi tvegali vsega,\u00ab zaklju\u010dujeta Bocklet in Kiesel.<\/p>","protected":false},"excerpt":{"rendered":"","protected":false},"author":-1,"featured_media":181,"comment_status":"open","ping_status":"open","sticky":false,"template":"","format":"standard","meta":{"footnotes":""},"categories":[3],"tags":[],"class_list":["post-180","post","type-post","status-publish","format-standard","has-post-thumbnail","hentry","category-newswahlen"],"_links":{"self":[{"href":"https:\/\/www.gruene-mkk.de\/sl\/wp-json\/wp\/v2\/posts\/180","targetHints":{"allow":["GET"]}}],"collection":[{"href":"https:\/\/www.gruene-mkk.de\/sl\/wp-json\/wp\/v2\/posts"}],"about":[{"href":"https:\/\/www.gruene-mkk.de\/sl\/wp-json\/wp\/v2\/types\/post"}],"author":[{"embeddable":true,"href":"https:\/\/www.gruene-mkk.de\/sl\/wp-json\/wp\/v2\/users\/2"}],"replies":[{"embeddable":true,"href":"https:\/\/www.gruene-mkk.de\/sl\/wp-json\/wp\/v2\/comments?post=180"}],"version-history":[{"count":1,"href":"https:\/\/www.gruene-mkk.de\/sl\/wp-json\/wp\/v2\/posts\/180\/revisions"}],"predecessor-version":[{"id":182,"href":"https:\/\/www.gruene-mkk.de\/sl\/wp-json\/wp\/v2\/posts\/180\/revisions\/182"}],"wp:featuredmedia":[{"embeddable":true,"href":"https:\/\/www.gruene-mkk.de\/sl\/wp-json\/wp\/v2\/media\/181"}],"wp:attachment":[{"href":"https:\/\/www.gruene-mkk.de\/sl\/wp-json\/wp\/v2\/media?parent=180"}],"wp:term":[{"taxonomy":"category","embeddable":true,"href":"https:\/\/www.gruene-mkk.de\/sl\/wp-json\/wp\/v2\/categories?post=180"},{"taxonomy":"post_tag","embeddable":true,"href":"https:\/\/www.gruene-mkk.de\/sl\/wp-json\/wp\/v2\/tags?post=180"}],"curies":[{"name":"wp","href":"https:\/\/api.w.org\/{rel}","templated":true}]}}