{"id":1467,"date":"2022-11-21T11:51:00","date_gmt":"2022-11-21T10:51:00","guid":{"rendered":"https:\/\/www.gruene-mkk.de\/?p=1467"},"modified":"2022-11-21T11:51:01","modified_gmt":"2022-11-21T10:51:01","slug":"gruene-nidderau-tagen-in-rueckersbach","status":"publish","type":"post","link":"https:\/\/www.gruene-mkk.de\/sl\/gruene-nidderau-tagen-in-rueckersbach\/","title":{"rendered":"Zeleni Nidderau v R\u00fcckersbachu"},"content":{"rendered":"<p>Konec oktobra je frakcija Zelenih Nidderauer, ki jo zanima lokalno zdru\u017eenje<br>Konferenca v seminarski hi\u0161i v R\u00fcckersbachu.<br>Tema je bil mestni prora\u010dun za obdobje 2023\u20132024. Veliko dela je bilo opravljenega, obravnavanega in postavljenega pod vpra\u0161aj. Katere projekte \u017eelimo promovirati za Zelene? Kje se lahko kaj re\u0161i? Kateri projekti so na\u0161a prednostna naloga? Veliko je bilo \u0161e za postoriti.<br>Po intenzivnih razpravah je bilo zbranih ve\u010d predlogov za novi prora\u010dun. Nalo\u017ebeni program naj bi na primer letno vklju\u010deval sredstva za energetsko u\u010dinkovito prenovo mestnih stavb. \"Zmanj\u0161anje \u0161kodljivih toplogrednih plinov z ukrepi toplotne izolacije in prehod z grelnikov, ki delujejo na principu zgorevanja, na toplotne \u010drpalke je treba izvesti hitro,\" pojasnjuje Tanja Seelbach, predstavnica upravnega odbora Nidderauer GR\u00dcNEN. Pri\u010dakuje se, da bodo izvedene nadaljnje na\u010drtovane uporabe za izbolj\u0161anje kolesarske infrastrukture in zemlji\u0161\u010d brez tjulnjev. \u201eNamen tega je tudi zmanj\u0161ati emisije CO2 in omogo\u010diti izpiranje de\u017eevnice. To so nujne naloge na\u0161ega \u010dasa,\u201c nadaljuje Seelbach.<br>Bivanje v R\u00fcckersbachu je slu\u017eilo tudi za malo ve\u010d \u010dasa skupaj.<br>Izkoristite \u010das za izmenjavo idej in u\u017eivanje v odli\u010dni kulinariki v R\u00fcckersbachu<br>Da bi bil razvajen.<\/p>","protected":false},"excerpt":{"rendered":"<p>Konec oktobra je frakcija Zelenih Nidderauer, ki jo zanima lokalno zdru\u017eenje<br \/>\nKonferenca v seminarski hi\u0161i v R\u00fcckersbachu.<\/p>","protected":false},"author":-1,"featured_media":1468,"comment_status":"closed","ping_status":"open","sticky":false,"template":"","format":"standard","meta":{"footnotes":""},"categories":[1],"tags":[],"class_list":["post-1467","post","type-post","status-publish","format-standard","has-post-thumbnail","hentry","category-allgemein"],"_links":{"self":[{"href":"https:\/\/www.gruene-mkk.de\/sl\/wp-json\/wp\/v2\/posts\/1467","targetHints":{"allow":["GET"]}}],"collection":[{"href":"https:\/\/www.gruene-mkk.de\/sl\/wp-json\/wp\/v2\/posts"}],"about":[{"href":"https:\/\/www.gruene-mkk.de\/sl\/wp-json\/wp\/v2\/types\/post"}],"author":[{"embeddable":true,"href":"https:\/\/www.gruene-mkk.de\/sl\/wp-json\/wp\/v2\/users\/2"}],"replies":[{"embeddable":true,"href":"https:\/\/www.gruene-mkk.de\/sl\/wp-json\/wp\/v2\/comments?post=1467"}],"version-history":[{"count":1,"href":"https:\/\/www.gruene-mkk.de\/sl\/wp-json\/wp\/v2\/posts\/1467\/revisions"}],"predecessor-version":[{"id":1469,"href":"https:\/\/www.gruene-mkk.de\/sl\/wp-json\/wp\/v2\/posts\/1467\/revisions\/1469"}],"wp:featuredmedia":[{"embeddable":true,"href":"https:\/\/www.gruene-mkk.de\/sl\/wp-json\/wp\/v2\/media\/1468"}],"wp:attachment":[{"href":"https:\/\/www.gruene-mkk.de\/sl\/wp-json\/wp\/v2\/media?parent=1467"}],"wp:term":[{"taxonomy":"category","embeddable":true,"href":"https:\/\/www.gruene-mkk.de\/sl\/wp-json\/wp\/v2\/categories?post=1467"},{"taxonomy":"post_tag","embeddable":true,"href":"https:\/\/www.gruene-mkk.de\/sl\/wp-json\/wp\/v2\/tags?post=1467"}],"curies":[{"name":"wp","href":"https:\/\/api.w.org\/{rel}","templated":true}]}}