{"id":1462,"date":"2022-11-18T10:16:57","date_gmt":"2022-11-18T09:16:57","guid":{"rendered":"https:\/\/www.gruene-mkk.de\/?p=1462"},"modified":"2022-11-18T10:34:47","modified_gmt":"2022-11-18T09:34:47","slug":"optimismus-in-zeiten-der-krise","status":"publish","type":"post","link":"https:\/\/www.gruene-mkk.de\/sl\/optimismus-in-zeiten-der-krise\/","title":{"rendered":"Optimizem v \u010dasu krize"},"content":{"rendered":"<p>\u201eOpazovanje na\u0161ega dela in dru\u017ein, ki smo jih lahko podprli, nam je pomagalo, da smo v teh te\u017ekih \u010dasih ostali optimisti\u010dni,\u201c je poro\u010dala Alezija Azarova iz ukrajinske fundacije 280 dni. Fundacija podpira nose\u010dnice, novorojen\u010dke in nedono\u0161en\u010dke z izobra\u017eevanjem o telesnem in du\u0161evnem zdravju med nose\u010dnostjo ter naro\u010danjem opreme za predporodno diagnozo in oskrbo nedono\u0161en\u010dkov.<\/p>\n\n\n\n<p>V skladu z mednarodnim dnevom prezgodnjih dojen\u010dkov 17. novembra so \u017eenske Zveze 90\/Zeleni povabile Ukrajinko na sre\u010danje. Azarova je poro\u010dala, kako je ustanovila fundacijo leta 2020 pred za\u010detkom pandemije koronavirusa, potem ko se je njen sin rodil prezgodaj leto prej. Sprva je bil cilj zagotoviti izobra\u017eevanje in izobra\u017eevanje bodo\u010dih star\u0161ev in zdravnikov ter dobro oskrbo nedono\u0161en\u010dkov. Prvotni koncept fundacije je bilo treba hitro prilagoditi razmeram pandemije. Med drugim je bil uveden spletni radio, s katerim so lahko dru\u017eine dobile informacije.<\/p>\n\n\n\n<p>Dve leti kasneje se je za\u010dela vojna in delo Fundacije se je ponovno spremenilo. Zagotavljanje pripomo\u010dkov za diagnosti\u010dne namene je \u0161e vedno del dela. Opremo, ki je bila uni\u010dena med bombardiranjem, je treba zamenjati. Vendar pa so zaradi vojne in s tem povezanega te\u017ekega finan\u010dnega polo\u017eaja dru\u017ein zaposleni v fundaciji za\u010deli izvajati \u0161e en program: Po\u0161iljajo pakete bodo\u010dim materam s potrebno za\u010detno opremo \u2013 plenice, odeje, hrano itd.<\/p>\n\n\n\n<p>Delo se financira z nepovratnimi sredstvi razli\u010dnih nacionalnih in mednarodnih sponzorjev, fundacija pa je v tesnem stiku z organizacijami ZN, da bi opredelila in posebej podprla potrebo po materialih in opremi v Ukrajini. Kljub temu je fundacija zadovoljna z vsako donacijo, bodisi finan\u010dno ali materialno. \"Pomembno je, da smo \u010dim bolj pregledni glede tega, kam gredo na\u0161e donacije,\" je dejala Azarova. \u201eMatere, ki prejemajo podporo, zato prosimo, da ob prejemu paketa po\u0161ljejo slike sebe in svojih otrok. To ne prispeva le k preglednosti, temve\u010d tudi k veselju, ki ga imamo mi in na\u0161i donatorji, ko vidimo sadove na\u0161ega dela.\u201c<\/p>\n\n\n\n<p>Fundacija sprejema donacije prek svoje doma\u010de strani: <a href=\"https:\/\/280days-en.org\/\">https:\/\/280days-en.org\/<\/a> <\/p>\n\n\n\n<p>Med drugim obve\u0161\u010da o svojem delu <a href=\"https:\/\/www.facebook.com\/280DaysFund\">Facebook<\/a> in <a href=\"https:\/\/www.instagram.com\/280daysfund\/\">Instagram<\/a>.<\/p>","protected":false},"excerpt":{"rendered":"<p>Zelene \u017eenske so gostile mednarodni dan nedoraslih dojen\u010dkov Alezijo Azarovo iz ukrajinske fundacije \u201e280 dni\u201c.<\/p>","protected":false},"author":-1,"featured_media":1463,"comment_status":"closed","ping_status":"open","sticky":false,"template":"","format":"standard","meta":{"footnotes":""},"categories":[1],"tags":[],"class_list":["post-1462","post","type-post","status-publish","format-standard","has-post-thumbnail","hentry","category-allgemein"],"_links":{"self":[{"href":"https:\/\/www.gruene-mkk.de\/sl\/wp-json\/wp\/v2\/posts\/1462","targetHints":{"allow":["GET"]}}],"collection":[{"href":"https:\/\/www.gruene-mkk.de\/sl\/wp-json\/wp\/v2\/posts"}],"about":[{"href":"https:\/\/www.gruene-mkk.de\/sl\/wp-json\/wp\/v2\/types\/post"}],"author":[{"embeddable":true,"href":"https:\/\/www.gruene-mkk.de\/sl\/wp-json\/wp\/v2\/users\/2"}],"replies":[{"embeddable":true,"href":"https:\/\/www.gruene-mkk.de\/sl\/wp-json\/wp\/v2\/comments?post=1462"}],"version-history":[{"count":2,"href":"https:\/\/www.gruene-mkk.de\/sl\/wp-json\/wp\/v2\/posts\/1462\/revisions"}],"predecessor-version":[{"id":1466,"href":"https:\/\/www.gruene-mkk.de\/sl\/wp-json\/wp\/v2\/posts\/1462\/revisions\/1466"}],"wp:featuredmedia":[{"embeddable":true,"href":"https:\/\/www.gruene-mkk.de\/sl\/wp-json\/wp\/v2\/media\/1463"}],"wp:attachment":[{"href":"https:\/\/www.gruene-mkk.de\/sl\/wp-json\/wp\/v2\/media?parent=1462"}],"wp:term":[{"taxonomy":"category","embeddable":true,"href":"https:\/\/www.gruene-mkk.de\/sl\/wp-json\/wp\/v2\/categories?post=1462"},{"taxonomy":"post_tag","embeddable":true,"href":"https:\/\/www.gruene-mkk.de\/sl\/wp-json\/wp\/v2\/tags?post=1462"}],"curies":[{"name":"wp","href":"https:\/\/api.w.org\/{rel}","templated":true}]}}