{"id":1383,"date":"2022-10-12T12:01:14","date_gmt":"2022-10-12T10:01:14","guid":{"rendered":"https:\/\/www.gruene-mkk.de\/?p=1383"},"modified":"2024-09-05T14:29:59","modified_gmt":"2024-09-05T12:29:59","slug":"gruene-bruchkoebel-begruessen-gutachten-zur-bahnverbindung","status":"publish","type":"post","link":"https:\/\/www.gruene-mkk.de\/sl\/gruene-bruchkoebel-begruessen-gutachten-zur-bahnverbindung\/","title":{"rendered":"<strong>Gr\u00fcne Bruchk\u00f6bel pozdravlja strokovno mnenje o \u017eelezni\u0161ki povezavi<\/strong>"},"content":{"rendered":"<p><strong>\u2013 Nerazumevanje domnevno \u201enerealne\u201c povezave s Frankfurtom<\/strong><\/p>\n\n\n\n<p>Zeleni v Bruchk\u00f6belu pozdravljajo poro\u010dilo o mo\u017enostih za izbolj\u0161anje lokalnega prometa na \u017eelezni\u0161ki progi Hanau-Friedberg. \"To kon\u010dno postavlja na\u0161e \u017eeleznice nazaj v ospredje,\" je dejal Uwe Ringel, predsednik skupine B\u00fcndnis 90\/Die Gr\u00fcnen. Po mnenju Ringela poro\u010dilo pojasnjuje najpomembnej\u0161e to\u010dke, ki bi lahko pove\u010dale privla\u010dnost lokalne prometne povezave do Bruchk\u00f6bela in iz njega: Gostej\u0161a ura, dodatni postanki in vklju\u010ditev trenutno neuporabljene povezave Hanau Nord v industrijsko obmo\u010dje Fliegerhorst.<\/p>\n\n\n\n<p>Zelenim ni razumljivo, zakaj je v poro\u010dilu neposredna povezava med Bruchk\u00f6belom in Frankfurtom opisana kot \u201enerealna zaradi \u017ee tako prometnih poti\u201c. Ker Ringel sumi, da so izvedenska poro\u010dila verjetno premajhno podvomila v izjave RMV in DB.<\/p>\n\n\n\n<ul class=\"wp-block-list\"><li>Zlasti poleti so zaradi gradbenih del med Frankfurtom in Bad Vilbelom med Frankfurtom in Hanauom ponovno redno vozili \u0161tevilni vlaki v osrednjo Hessen. Za to so obstajale poti.<\/li><li>V dana\u0161njem voznem redu nekateri vlaki vozijo vsake pol ure v Frankfurt in iz njega, ki se kon\u010dajo in za\u010dnejo v Hanauu \u2013 obstajajo tudi uporabne proge. Upravljavec je Hessische Landesbahn, ki bo od decembra oskrbovala tudi linijo Bruchk\u00f6beler. Zakaj se Zeleni spra\u0161ujejo, ali RMV ne vozi teh vlakov v in iz Friedberga?<\/li><li>Poro\u010dilo se nana\u0161a tudi na gradnjo severne celine S-Bahn. Posledi\u010dno bo proga od Hanaua do Frankfurta na vzhodu raz\u0161irjena na \u0161tirih tirih, regionalni vlaki pa bodo nadome\u0161\u010deni z vlaki S-Bahn, s \u010dimer bodo proge osvobojene.<\/li><\/ul>\n\n\n\n<p>Zeleni menijo, da je predlog strokovnjakov za nadaljevanje prihodnjega severnega celinskega S-Bahna od Hanaua prek Bruchk\u00f6bela do Nidderauja o\u010darljiv. \u201eObstaja ve\u010d kot ena realisti\u010dna re\u0161itev,\u201c navaja Uwe Ringel. \u201eLahko si le \u017eeli\u0161!\u201c.<\/p>\n\n\n\n<p>Za Zelene je pomembno, da to poro\u010dilo ne izgine v predale, ampak se dejavno obravnava. \u201eBrez vztrajnega pritiska ne bomo dosegli ni\u010desar.\u201c<\/p>\n\n\n\n<p>Mesta Hanau, Bruchk\u00f6bel, Erlensee in Nidderau so skupaj s kro\u017ei\u0161\u010dem Main-Kinzig (KVG) in pod pokroviteljstvom Gospodarske zbornice Hanau-Gelnhausen-Schl\u00fcchtern (IHK) dru\u017ebi Koblenzer BPV Consult GmbH naro\u010dila strokovno poro\u010dilo, da bi preu\u010dila, ali bi bilo mogo\u010de izbolj\u0161ati lokalni prevoz na \u017eelezni\u0161ki progi Hanau-Friedberg.<\/p>\n\n\n\n<p>Kontakt za medije:<\/p>\n\n\n\n<p>Klaus Linek<\/p>\n\n\n\n<p>Telefonska \u0161tevilka: 06181 57 82 006<\/p>\n\n\n\n<p>Mobilni telefon: 0151 2077 0075<\/p>","protected":false},"excerpt":{"rendered":"<p>\u2013 Nerazumevanje domnevno \u201enerealne\u201c povezave s Frankfurtom Zeleni v Bruchk\u00f6belu pozdravlja mnenje o mo\u017enostih za izbolj\u0161anje lokalnega prevoza na \u017eelezni\u0161ki progi Hanau-Friedberg. \u201eS tem se na\u0161a \u017eeleznica kon\u010dno premika [...]<\/p>","protected":false},"author":-1,"featured_media":0,"comment_status":"closed","ping_status":"open","sticky":false,"template":"","format":"standard","meta":{"footnotes":""},"categories":[4],"tags":[14,16,15],"class_list":["post-1383","post","type-post","status-publish","format-standard","hentry","category-newsortsverbaende","tag-bahn","tag-laendlicher-raum","tag-oepnv"],"_links":{"self":[{"href":"https:\/\/www.gruene-mkk.de\/sl\/wp-json\/wp\/v2\/posts\/1383","targetHints":{"allow":["GET"]}}],"collection":[{"href":"https:\/\/www.gruene-mkk.de\/sl\/wp-json\/wp\/v2\/posts"}],"about":[{"href":"https:\/\/www.gruene-mkk.de\/sl\/wp-json\/wp\/v2\/types\/post"}],"author":[{"embeddable":true,"href":"https:\/\/www.gruene-mkk.de\/sl\/wp-json\/wp\/v2\/users\/2"}],"replies":[{"embeddable":true,"href":"https:\/\/www.gruene-mkk.de\/sl\/wp-json\/wp\/v2\/comments?post=1383"}],"version-history":[{"count":1,"href":"https:\/\/www.gruene-mkk.de\/sl\/wp-json\/wp\/v2\/posts\/1383\/revisions"}],"predecessor-version":[{"id":1385,"href":"https:\/\/www.gruene-mkk.de\/sl\/wp-json\/wp\/v2\/posts\/1383\/revisions\/1385"}],"wp:attachment":[{"href":"https:\/\/www.gruene-mkk.de\/sl\/wp-json\/wp\/v2\/media?parent=1383"}],"wp:term":[{"taxonomy":"category","embeddable":true,"href":"https:\/\/www.gruene-mkk.de\/sl\/wp-json\/wp\/v2\/categories?post=1383"},{"taxonomy":"post_tag","embeddable":true,"href":"https:\/\/www.gruene-mkk.de\/sl\/wp-json\/wp\/v2\/tags?post=1383"}],"curies":[{"name":"wp","href":"https:\/\/api.w.org\/{rel}","templated":true}]}}