{"id":1266,"date":"2022-06-17T13:02:00","date_gmt":"2022-06-17T11:02:00","guid":{"rendered":"https:\/\/www.gruene-mkk.de\/?p=1266"},"modified":"2022-07-25T13:07:13","modified_gmt":"2022-07-25T11:07:13","slug":"besuch-beim-neuen-ihk-praesidenten","status":"publish","type":"post","link":"https:\/\/www.gruene-mkk.de\/sl\/besuch-beim-neuen-ihk-praesidenten\/","title":{"rendered":"Obisk novega predsednika Gospodarske zbornice"},"content":{"rendered":"<p>Okro\u017eni odbor in parlamentarna skupina sta \u010destitala novemu predsedniku gospodarske zbornice Hanau-Gelnhausen-Schl\u00fcchtern Oliverju Naumannu ob prevzemu funkcije. Sre\u010danja so se udele\u017eili tudi dr. Quidde, glavna izvr\u0161na direktorica Industrijske in trgovinske zbornice, Maria Heider, tiskovna predstavnica okrajnega zdru\u017eenja B\u00fcndnis 90\/Die Gr\u00fcnen, in njen sogovornik Ahmet Cetiner, okro\u017eni izvr\u0161ni direktor Gr\u00fcnen MKK, Mareike Forchheim, in Monika Nickel, zelena \u010dlanica Kreistag in mestnega sveta Hanauja.<br>\u0160opek tem je bil raznolik in izmenjava navdihujo\u010da. Skupaj sva se pogovarjala o<br>\u2013 Sodelovanje pri nujnem vpra\u0161anju energetske varnosti v okro\u017eju Main-Kinzig<br>\u2013 Mo\u017enost uvedbe GreenBusiness trenerja v CCI<br>\u2013 Enakost spolov v podjetjih<br>\u2013 Krepitev sodelovanja med \u0161olami in podjetji za ponovno vklju\u010devanje mladih v vajeni\u0161tva in njihovo pribli\u017eevanje trajnostnosti v podjetjih<\/p>\n\n\n\n<p>Predsednik Naumann je bil zadovoljen z na\u0161im obiskom in je imel za nas tudi priporo\u010dilo: \u201eVpra\u0161ajte svoje \u201astranke\u2018, tj. volivce, kaj potrebujejo in kako jim lahko pomagate. Prijaznost do strank se vedno izpla\u010da.\u201c<\/p>\n\n\n\n<p>Dober nasvet, ki bi ga radi upo\u0161tevali!<\/p>","protected":false},"excerpt":{"rendered":"<p>Okro\u017eni odbor in parlamentarna skupina sta \u010destitala novemu predsedniku gospodarske zbornice Hanau-Gelnhausen-Schl\u00fcchtern Oliverju Naumannu ob prevzemu funkcije. Na sre\u010danju je dr. Quidde, izvr\u0161na direktorica Gospodarske zbornice, Maria Heider, tiskovna predstavnica Kreisverband B\u00fcndnis 90\/Die Gr\u00fcnen (Zveze 90\/Zeleni) [...]<\/p>","protected":false},"author":-1,"featured_media":1267,"comment_status":"open","ping_status":"open","sticky":false,"template":"","format":"standard","meta":{"footnotes":""},"categories":[1],"tags":[],"class_list":["post-1266","post","type-post","status-publish","format-standard","has-post-thumbnail","hentry","category-allgemein"],"_links":{"self":[{"href":"https:\/\/www.gruene-mkk.de\/sl\/wp-json\/wp\/v2\/posts\/1266","targetHints":{"allow":["GET"]}}],"collection":[{"href":"https:\/\/www.gruene-mkk.de\/sl\/wp-json\/wp\/v2\/posts"}],"about":[{"href":"https:\/\/www.gruene-mkk.de\/sl\/wp-json\/wp\/v2\/types\/post"}],"author":[{"embeddable":true,"href":"https:\/\/www.gruene-mkk.de\/sl\/wp-json\/wp\/v2\/users\/2"}],"replies":[{"embeddable":true,"href":"https:\/\/www.gruene-mkk.de\/sl\/wp-json\/wp\/v2\/comments?post=1266"}],"version-history":[{"count":1,"href":"https:\/\/www.gruene-mkk.de\/sl\/wp-json\/wp\/v2\/posts\/1266\/revisions"}],"predecessor-version":[{"id":1268,"href":"https:\/\/www.gruene-mkk.de\/sl\/wp-json\/wp\/v2\/posts\/1266\/revisions\/1268"}],"wp:featuredmedia":[{"embeddable":true,"href":"https:\/\/www.gruene-mkk.de\/sl\/wp-json\/wp\/v2\/media\/1267"}],"wp:attachment":[{"href":"https:\/\/www.gruene-mkk.de\/sl\/wp-json\/wp\/v2\/media?parent=1266"}],"wp:term":[{"taxonomy":"category","embeddable":true,"href":"https:\/\/www.gruene-mkk.de\/sl\/wp-json\/wp\/v2\/categories?post=1266"},{"taxonomy":"post_tag","embeddable":true,"href":"https:\/\/www.gruene-mkk.de\/sl\/wp-json\/wp\/v2\/tags?post=1266"}],"curies":[{"name":"wp","href":"https:\/\/api.w.org\/{rel}","templated":true}]}}