{"id":1229,"date":"2022-07-11T19:41:46","date_gmt":"2022-07-11T17:41:46","guid":{"rendered":"https:\/\/www.gruene-mkk.de\/?p=1229"},"modified":"2022-07-11T19:51:35","modified_gmt":"2022-07-11T17:51:35","slug":"wir-haben-lust-auf-wahlkampf","status":"publish","type":"post","link":"https:\/\/www.gruene-mkk.de\/sl\/wir-haben-lust-auf-wahlkampf\/","title":{"rendered":"Ho\u010demo kampanjo!"},"content":{"rendered":"<p>8. julija je v Bad Orbu potekal na\u0161 informativni dogodek o dr\u017eavni volilni kampanji. Dogodka se je udele\u017eilo pribli\u017eno 30 \u010dlanov in gostov, ki so se v \u010dudovitem ozadju v \u010ditalnici v Bad Orber Kurparku seznanili z dr\u017eavno volilno kampanjo. <\/p>\n\n\n\n<p>V sredi\u0161\u010du dogodka je bila razprava s poslanko dr\u017eavnega parlamenta Kathrin Anders in kandidati za Main-Kinzig-Kreis v zadnji volilni kampanji, Birol Avci, Cornelia Hofacker in G\u00fcnther Koch. Tiskovni predstavnik okro\u017enega odbora Ahmet Cetiner je vodil pogovor in skupaj z nekdanjimi kandidati sledil poti od odlo\u010ditve do kandidature, skozi listo, do dneva volitev.<\/p>\n\n\n\n<p>Iz njihovih izku\u0161enj je mogo\u010de izpeljati tudi \u0161tevilne naloge za prihajajo\u010do dr\u017eavno volilno kampanjo. Zato je bil ta \u010dudovit ve\u010der z veliko prostora za izmenjavo \u0161ele za\u010detek!<\/p>\n\n\n\n<p>In tako gre zdaj:<\/p>\n\n\n\n<p>dne<strong> 20. julij<\/strong> Vse, ki jih zanima kandidatura ali nadomestna kandidatura, vabimo na razgovor z okro\u017enim odborom. \u010ce vas kandidatura \u0161e vedno zanima, lahko po\u0161ljete elektronsko sporo\u010dilo na naslov: <a href=\"#\" data-unscramble=\"ed.kkm-eneurg@vk\">kv@gruene-mkk.de<\/a> poro\u010dilo.<\/p>\n\n\n\n<p>dne <strong>24. september<\/strong> Izvolitev na\u0161ih neposrednih kandidatov poteka. Ve\u010d informacij sledi v kratkem.<\/p>\n\n\n\n<p>Jeseni pa bo sledilo \u0161e ve\u010d dogodkov za pomo\u010dnike v kampanji. Tudi vi ste vljudno vabljeni na <strong>Skupina za volilno kampanjo <\/strong>za poro\u010danje <a href=\"#\" data-unscramble=\"ed.kkm-eneurg@vk\">(kv@gruene-mkk.de<\/a>)!<\/p>\n\n\n\n<p>Z vsemi vami se veselimo volilne kampanje leta 2023!<\/p>\n\n\n\n<figure class=\"wp-block-gallery has-nested-images columns-2 is-cropped wp-block-gallery-1 is-layout-flex wp-block-gallery-is-layout-flex\">\n<figure class=\"wp-block-image size-large\"><a href=\"https:\/\/www.gruene-mkk.de\/wp-content\/uploads\/2022\/07\/P1120106-scaled.jpg\"><img loading=\"lazy\" decoding=\"async\" width=\"2560\" height=\"1708\" data-id=\"1244\" src=\"http:\/\/www.gruene-mkk.de\/wp-content\/uploads\/2022\/07\/P1120106-scaled.jpg\" alt=\"\" class=\"wp-image-1244\" srcset=\"https:\/\/www.gruene-mkk.de\/wp-content\/uploads\/2022\/07\/P1120106-scaled.jpg 2560w, https:\/\/www.gruene-mkk.de\/wp-content\/uploads\/2022\/07\/P1120106-400x267.jpg 400w, https:\/\/www.gruene-mkk.de\/wp-content\/uploads\/2022\/07\/P1120106-800x534.jpg 800w, https:\/\/www.gruene-mkk.de\/wp-content\/uploads\/2022\/07\/P1120106-768x512.jpg 768w, https:\/\/www.gruene-mkk.de\/wp-content\/uploads\/2022\/07\/P1120106-1536x1025.jpg 1536w, https:\/\/www.gruene-mkk.de\/wp-content\/uploads\/2022\/07\/P1120106-2048x1367.jpg 2048w\" sizes=\"auto, (max-width: 2560px) 100vw, 2560px\" \/><\/a><\/figure>\n\n\n\n<figure class=\"wp-block-image size-large\"><a href=\"https:\/\/www.gruene-mkk.de\/wp-content\/uploads\/2022\/07\/P1120017-scaled.jpg\"><img loading=\"lazy\" decoding=\"async\" width=\"2560\" height=\"1708\" data-id=\"1230\" src=\"http:\/\/www.gruene-mkk.de\/wp-content\/uploads\/2022\/07\/P1120017-scaled.jpg\" alt=\"\" class=\"wp-image-1230\" srcset=\"https:\/\/www.gruene-mkk.de\/wp-content\/uploads\/2022\/07\/P1120017-scaled.jpg 2560w, https:\/\/www.gruene-mkk.de\/wp-content\/uploads\/2022\/07\/P1120017-400x267.jpg 400w, https:\/\/www.gruene-mkk.de\/wp-content\/uploads\/2022\/07\/P1120017-800x534.jpg 800w, https:\/\/www.gruene-mkk.de\/wp-content\/uploads\/2022\/07\/P1120017-768x512.jpg 768w, https:\/\/www.gruene-mkk.de\/wp-content\/uploads\/2022\/07\/P1120017-1536x1025.jpg 1536w, https:\/\/www.gruene-mkk.de\/wp-content\/uploads\/2022\/07\/P1120017-2048x1367.jpg 2048w\" sizes=\"auto, (max-width: 2560px) 100vw, 2560px\" \/><\/a><\/figure>\n\n\n\n<figure class=\"wp-block-image size-large\"><a href=\"https:\/\/www.gruene-mkk.de\/wp-content\/uploads\/2022\/07\/P1120036-scaled.jpg\"><img loading=\"lazy\" decoding=\"async\" width=\"2560\" height=\"1708\" data-id=\"1232\" src=\"http:\/\/www.gruene-mkk.de\/wp-content\/uploads\/2022\/07\/P1120036-scaled.jpg\" alt=\"\" class=\"wp-image-1232\" srcset=\"https:\/\/www.gruene-mkk.de\/wp-content\/uploads\/2022\/07\/P1120036-scaled.jpg 2560w, https:\/\/www.gruene-mkk.de\/wp-content\/uploads\/2022\/07\/P1120036-400x267.jpg 400w, https:\/\/www.gruene-mkk.de\/wp-content\/uploads\/2022\/07\/P1120036-800x534.jpg 800w, https:\/\/www.gruene-mkk.de\/wp-content\/uploads\/2022\/07\/P1120036-768x512.jpg 768w, https:\/\/www.gruene-mkk.de\/wp-content\/uploads\/2022\/07\/P1120036-1536x1025.jpg 1536w, https:\/\/www.gruene-mkk.de\/wp-content\/uploads\/2022\/07\/P1120036-2048x1367.jpg 2048w\" sizes=\"auto, (max-width: 2560px) 100vw, 2560px\" \/><\/a><\/figure>\n\n\n\n<figure class=\"wp-block-image size-large\"><a href=\"https:\/\/www.gruene-mkk.de\/wp-content\/uploads\/2022\/07\/P1120041-scaled.jpg\"><img loading=\"lazy\" decoding=\"async\" width=\"2560\" height=\"1708\" data-id=\"1233\" src=\"http:\/\/www.gruene-mkk.de\/wp-content\/uploads\/2022\/07\/P1120041-scaled.jpg\" alt=\"\" class=\"wp-image-1233\" srcset=\"https:\/\/www.gruene-mkk.de\/wp-content\/uploads\/2022\/07\/P1120041-scaled.jpg 2560w, https:\/\/www.gruene-mkk.de\/wp-content\/uploads\/2022\/07\/P1120041-400x267.jpg 400w, https:\/\/www.gruene-mkk.de\/wp-content\/uploads\/2022\/07\/P1120041-800x534.jpg 800w, https:\/\/www.gruene-mkk.de\/wp-content\/uploads\/2022\/07\/P1120041-768x512.jpg 768w, https:\/\/www.gruene-mkk.de\/wp-content\/uploads\/2022\/07\/P1120041-1536x1025.jpg 1536w, https:\/\/www.gruene-mkk.de\/wp-content\/uploads\/2022\/07\/P1120041-2048x1367.jpg 2048w\" sizes=\"auto, (max-width: 2560px) 100vw, 2560px\" \/><\/a><\/figure>\n\n\n\n<figure class=\"wp-block-image size-large\"><a href=\"https:\/\/www.gruene-mkk.de\/wp-content\/uploads\/2022\/07\/P1120051-scaled.jpg\"><img loading=\"lazy\" decoding=\"async\" width=\"2560\" height=\"1708\" data-id=\"1234\" src=\"http:\/\/www.gruene-mkk.de\/wp-content\/uploads\/2022\/07\/P1120051-scaled.jpg\" alt=\"\" class=\"wp-image-1234\" srcset=\"https:\/\/www.gruene-mkk.de\/wp-content\/uploads\/2022\/07\/P1120051-scaled.jpg 2560w, https:\/\/www.gruene-mkk.de\/wp-content\/uploads\/2022\/07\/P1120051-400x267.jpg 400w, https:\/\/www.gruene-mkk.de\/wp-content\/uploads\/2022\/07\/P1120051-800x534.jpg 800w, https:\/\/www.gruene-mkk.de\/wp-content\/uploads\/2022\/07\/P1120051-768x512.jpg 768w, https:\/\/www.gruene-mkk.de\/wp-content\/uploads\/2022\/07\/P1120051-1536x1025.jpg 1536w, https:\/\/www.gruene-mkk.de\/wp-content\/uploads\/2022\/07\/P1120051-2048x1367.jpg 2048w\" sizes=\"auto, (max-width: 2560px) 100vw, 2560px\" \/><\/a><\/figure>\n\n\n\n<figure class=\"wp-block-image size-large\"><a href=\"https:\/\/www.gruene-mkk.de\/wp-content\/uploads\/2022\/07\/P1120062-scaled.jpg\"><img loading=\"lazy\" decoding=\"async\" width=\"2560\" height=\"1708\" data-id=\"1238\" src=\"http:\/\/www.gruene-mkk.de\/wp-content\/uploads\/2022\/07\/P1120062-scaled.jpg\" alt=\"\" class=\"wp-image-1238\" srcset=\"https:\/\/www.gruene-mkk.de\/wp-content\/uploads\/2022\/07\/P1120062-scaled.jpg 2560w, https:\/\/www.gruene-mkk.de\/wp-content\/uploads\/2022\/07\/P1120062-400x267.jpg 400w, https:\/\/www.gruene-mkk.de\/wp-content\/uploads\/2022\/07\/P1120062-800x534.jpg 800w, https:\/\/www.gruene-mkk.de\/wp-content\/uploads\/2022\/07\/P1120062-768x512.jpg 768w, https:\/\/www.gruene-mkk.de\/wp-content\/uploads\/2022\/07\/P1120062-1536x1025.jpg 1536w, https:\/\/www.gruene-mkk.de\/wp-content\/uploads\/2022\/07\/P1120062-2048x1367.jpg 2048w\" sizes=\"auto, (max-width: 2560px) 100vw, 2560px\" \/><\/a><\/figure>\n\n\n\n<figure class=\"wp-block-image size-large\"><a href=\"https:\/\/www.gruene-mkk.de\/wp-content\/uploads\/2022\/07\/P1120089-scaled.jpg\"><img loading=\"lazy\" decoding=\"async\" width=\"2560\" height=\"1708\" data-id=\"1240\" src=\"http:\/\/www.gruene-mkk.de\/wp-content\/uploads\/2022\/07\/P1120089-scaled.jpg\" alt=\"\" class=\"wp-image-1240\" srcset=\"https:\/\/www.gruene-mkk.de\/wp-content\/uploads\/2022\/07\/P1120089-scaled.jpg 2560w, https:\/\/www.gruene-mkk.de\/wp-content\/uploads\/2022\/07\/P1120089-400x267.jpg 400w, https:\/\/www.gruene-mkk.de\/wp-content\/uploads\/2022\/07\/P1120089-800x534.jpg 800w, https:\/\/www.gruene-mkk.de\/wp-content\/uploads\/2022\/07\/P1120089-768x512.jpg 768w, https:\/\/www.gruene-mkk.de\/wp-content\/uploads\/2022\/07\/P1120089-1536x1025.jpg 1536w, https:\/\/www.gruene-mkk.de\/wp-content\/uploads\/2022\/07\/P1120089-2048x1367.jpg 2048w\" sizes=\"auto, (max-width: 2560px) 100vw, 2560px\" \/><\/a><\/figure>\n\n\n\n<figure class=\"wp-block-image size-large\"><a href=\"https:\/\/www.gruene-mkk.de\/wp-content\/uploads\/2022\/07\/P1120056-scaled.jpg\"><img loading=\"lazy\" decoding=\"async\" width=\"2560\" height=\"1708\" data-id=\"1236\" src=\"http:\/\/www.gruene-mkk.de\/wp-content\/uploads\/2022\/07\/P1120056-scaled.jpg\" alt=\"\" class=\"wp-image-1236\" srcset=\"https:\/\/www.gruene-mkk.de\/wp-content\/uploads\/2022\/07\/P1120056-scaled.jpg 2560w, https:\/\/www.gruene-mkk.de\/wp-content\/uploads\/2022\/07\/P1120056-400x267.jpg 400w, https:\/\/www.gruene-mkk.de\/wp-content\/uploads\/2022\/07\/P1120056-800x534.jpg 800w, https:\/\/www.gruene-mkk.de\/wp-content\/uploads\/2022\/07\/P1120056-768x512.jpg 768w, https:\/\/www.gruene-mkk.de\/wp-content\/uploads\/2022\/07\/P1120056-1536x1025.jpg 1536w, https:\/\/www.gruene-mkk.de\/wp-content\/uploads\/2022\/07\/P1120056-2048x1367.jpg 2048w\" sizes=\"auto, (max-width: 2560px) 100vw, 2560px\" \/><\/a><\/figure>\n\n\n\n<figure class=\"wp-block-image size-large\"><a href=\"https:\/\/www.gruene-mkk.de\/wp-content\/uploads\/2022\/07\/P1120091-scaled.jpg\"><img loading=\"lazy\" decoding=\"async\" width=\"2560\" height=\"1708\" data-id=\"1241\" src=\"http:\/\/www.gruene-mkk.de\/wp-content\/uploads\/2022\/07\/P1120091-scaled.jpg\" alt=\"\" class=\"wp-image-1241\" srcset=\"https:\/\/www.gruene-mkk.de\/wp-content\/uploads\/2022\/07\/P1120091-scaled.jpg 2560w, https:\/\/www.gruene-mkk.de\/wp-content\/uploads\/2022\/07\/P1120091-400x267.jpg 400w, https:\/\/www.gruene-mkk.de\/wp-content\/uploads\/2022\/07\/P1120091-800x534.jpg 800w, https:\/\/www.gruene-mkk.de\/wp-content\/uploads\/2022\/07\/P1120091-768x512.jpg 768w, https:\/\/www.gruene-mkk.de\/wp-content\/uploads\/2022\/07\/P1120091-1536x1025.jpg 1536w, https:\/\/www.gruene-mkk.de\/wp-content\/uploads\/2022\/07\/P1120091-2048x1367.jpg 2048w\" sizes=\"auto, (max-width: 2560px) 100vw, 2560px\" \/><\/a><\/figure>\n\n\n\n<figure class=\"wp-block-image size-large\"><a href=\"https:\/\/www.gruene-mkk.de\/wp-content\/uploads\/2022\/07\/P1120059-scaled.jpg\"><img loading=\"lazy\" decoding=\"async\" width=\"2560\" height=\"1708\" data-id=\"1237\" src=\"http:\/\/www.gruene-mkk.de\/wp-content\/uploads\/2022\/07\/P1120059-scaled.jpg\" alt=\"\" class=\"wp-image-1237\" srcset=\"https:\/\/www.gruene-mkk.de\/wp-content\/uploads\/2022\/07\/P1120059-scaled.jpg 2560w, https:\/\/www.gruene-mkk.de\/wp-content\/uploads\/2022\/07\/P1120059-400x267.jpg 400w, https:\/\/www.gruene-mkk.de\/wp-content\/uploads\/2022\/07\/P1120059-800x534.jpg 800w, https:\/\/www.gruene-mkk.de\/wp-content\/uploads\/2022\/07\/P1120059-768x512.jpg 768w, https:\/\/www.gruene-mkk.de\/wp-content\/uploads\/2022\/07\/P1120059-1536x1025.jpg 1536w, https:\/\/www.gruene-mkk.de\/wp-content\/uploads\/2022\/07\/P1120059-2048x1367.jpg 2048w\" sizes=\"auto, (max-width: 2560px) 100vw, 2560px\" \/><\/a><\/figure>\n\n\n\n<figure class=\"wp-block-image size-large\"><a href=\"https:\/\/www.gruene-mkk.de\/wp-content\/uploads\/2022\/07\/P1120054-scaled.jpg\"><img loading=\"lazy\" decoding=\"async\" width=\"2560\" height=\"1708\" data-id=\"1235\" src=\"http:\/\/www.gruene-mkk.de\/wp-content\/uploads\/2022\/07\/P1120054-scaled.jpg\" alt=\"\" class=\"wp-image-1235\" srcset=\"https:\/\/www.gruene-mkk.de\/wp-content\/uploads\/2022\/07\/P1120054-scaled.jpg 2560w, https:\/\/www.gruene-mkk.de\/wp-content\/uploads\/2022\/07\/P1120054-400x267.jpg 400w, https:\/\/www.gruene-mkk.de\/wp-content\/uploads\/2022\/07\/P1120054-800x534.jpg 800w, https:\/\/www.gruene-mkk.de\/wp-content\/uploads\/2022\/07\/P1120054-768x512.jpg 768w, https:\/\/www.gruene-mkk.de\/wp-content\/uploads\/2022\/07\/P1120054-1536x1025.jpg 1536w, https:\/\/www.gruene-mkk.de\/wp-content\/uploads\/2022\/07\/P1120054-2048x1367.jpg 2048w\" sizes=\"auto, (max-width: 2560px) 100vw, 2560px\" \/><\/a><\/figure>\n\n\n\n<figure class=\"wp-block-image size-large\"><a href=\"https:\/\/www.gruene-mkk.de\/wp-content\/uploads\/2022\/07\/P1120069-scaled.jpg\"><img loading=\"lazy\" decoding=\"async\" width=\"2560\" height=\"1708\" data-id=\"1239\" src=\"http:\/\/www.gruene-mkk.de\/wp-content\/uploads\/2022\/07\/P1120069-scaled.jpg\" alt=\"\" class=\"wp-image-1239\" srcset=\"https:\/\/www.gruene-mkk.de\/wp-content\/uploads\/2022\/07\/P1120069-scaled.jpg 2560w, https:\/\/www.gruene-mkk.de\/wp-content\/uploads\/2022\/07\/P1120069-400x267.jpg 400w, https:\/\/www.gruene-mkk.de\/wp-content\/uploads\/2022\/07\/P1120069-800x534.jpg 800w, https:\/\/www.gruene-mkk.de\/wp-content\/uploads\/2022\/07\/P1120069-768x512.jpg 768w, https:\/\/www.gruene-mkk.de\/wp-content\/uploads\/2022\/07\/P1120069-1536x1025.jpg 1536w, https:\/\/www.gruene-mkk.de\/wp-content\/uploads\/2022\/07\/P1120069-2048x1367.jpg 2048w\" sizes=\"auto, (max-width: 2560px) 100vw, 2560px\" \/><\/a><\/figure>\n\n\n\n<figure class=\"wp-block-image size-large\"><a href=\"https:\/\/www.gruene-mkk.de\/wp-content\/uploads\/2022\/07\/P1120113-scaled.jpg\"><img loading=\"lazy\" decoding=\"async\" width=\"2560\" height=\"1708\" data-id=\"1245\" src=\"http:\/\/www.gruene-mkk.de\/wp-content\/uploads\/2022\/07\/P1120113-scaled.jpg\" alt=\"\" class=\"wp-image-1245\" srcset=\"https:\/\/www.gruene-mkk.de\/wp-content\/uploads\/2022\/07\/P1120113-scaled.jpg 2560w, https:\/\/www.gruene-mkk.de\/wp-content\/uploads\/2022\/07\/P1120113-400x267.jpg 400w, https:\/\/www.gruene-mkk.de\/wp-content\/uploads\/2022\/07\/P1120113-800x534.jpg 800w, https:\/\/www.gruene-mkk.de\/wp-content\/uploads\/2022\/07\/P1120113-768x512.jpg 768w, https:\/\/www.gruene-mkk.de\/wp-content\/uploads\/2022\/07\/P1120113-1536x1025.jpg 1536w, https:\/\/www.gruene-mkk.de\/wp-content\/uploads\/2022\/07\/P1120113-2048x1367.jpg 2048w\" sizes=\"auto, (max-width: 2560px) 100vw, 2560px\" \/><\/a><\/figure>\n\n\n\n<figure class=\"wp-block-image size-large\"><a href=\"https:\/\/www.gruene-mkk.de\/wp-content\/uploads\/2022\/07\/P1120096-scaled.jpg\"><img loading=\"lazy\" decoding=\"async\" width=\"2560\" height=\"1708\" data-id=\"1242\" src=\"http:\/\/www.gruene-mkk.de\/wp-content\/uploads\/2022\/07\/P1120096-scaled.jpg\" alt=\"\" class=\"wp-image-1242\" srcset=\"https:\/\/www.gruene-mkk.de\/wp-content\/uploads\/2022\/07\/P1120096-scaled.jpg 2560w, https:\/\/www.gruene-mkk.de\/wp-content\/uploads\/2022\/07\/P1120096-400x267.jpg 400w, https:\/\/www.gruene-mkk.de\/wp-content\/uploads\/2022\/07\/P1120096-800x534.jpg 800w, https:\/\/www.gruene-mkk.de\/wp-content\/uploads\/2022\/07\/P1120096-768x512.jpg 768w, https:\/\/www.gruene-mkk.de\/wp-content\/uploads\/2022\/07\/P1120096-1536x1025.jpg 1536w, https:\/\/www.gruene-mkk.de\/wp-content\/uploads\/2022\/07\/P1120096-2048x1367.jpg 2048w\" sizes=\"auto, (max-width: 2560px) 100vw, 2560px\" \/><\/a><\/figure>\n\n\n\n<figure class=\"wp-block-image size-large\"><a href=\"https:\/\/www.gruene-mkk.de\/wp-content\/uploads\/2022\/07\/P1120098-scaled.jpg\"><img loading=\"lazy\" decoding=\"async\" width=\"2560\" height=\"1708\" data-id=\"1243\" src=\"http:\/\/www.gruene-mkk.de\/wp-content\/uploads\/2022\/07\/P1120098-scaled.jpg\" alt=\"\" class=\"wp-image-1243\" srcset=\"https:\/\/www.gruene-mkk.de\/wp-content\/uploads\/2022\/07\/P1120098-scaled.jpg 2560w, https:\/\/www.gruene-mkk.de\/wp-content\/uploads\/2022\/07\/P1120098-400x267.jpg 400w, https:\/\/www.gruene-mkk.de\/wp-content\/uploads\/2022\/07\/P1120098-800x534.jpg 800w, https:\/\/www.gruene-mkk.de\/wp-content\/uploads\/2022\/07\/P1120098-768x512.jpg 768w, https:\/\/www.gruene-mkk.de\/wp-content\/uploads\/2022\/07\/P1120098-1536x1025.jpg 1536w, https:\/\/www.gruene-mkk.de\/wp-content\/uploads\/2022\/07\/P1120098-2048x1367.jpg 2048w\" sizes=\"auto, (max-width: 2560px) 100vw, 2560px\" \/><\/a><\/figure>\n\n\n\n<figure class=\"wp-block-image size-large\"><a href=\"https:\/\/www.gruene-mkk.de\/wp-content\/uploads\/2022\/07\/P1120115-scaled.jpg\"><img loading=\"lazy\" decoding=\"async\" width=\"2560\" height=\"1708\" data-id=\"1246\" src=\"http:\/\/www.gruene-mkk.de\/wp-content\/uploads\/2022\/07\/P1120115-scaled.jpg\" alt=\"\" class=\"wp-image-1246\" srcset=\"https:\/\/www.gruene-mkk.de\/wp-content\/uploads\/2022\/07\/P1120115-scaled.jpg 2560w, https:\/\/www.gruene-mkk.de\/wp-content\/uploads\/2022\/07\/P1120115-400x267.jpg 400w, https:\/\/www.gruene-mkk.de\/wp-content\/uploads\/2022\/07\/P1120115-800x534.jpg 800w, https:\/\/www.gruene-mkk.de\/wp-content\/uploads\/2022\/07\/P1120115-768x512.jpg 768w, https:\/\/www.gruene-mkk.de\/wp-content\/uploads\/2022\/07\/P1120115-1536x1025.jpg 1536w, https:\/\/www.gruene-mkk.de\/wp-content\/uploads\/2022\/07\/P1120115-2048x1367.jpg 2048w\" sizes=\"auto, (max-width: 2560px) 100vw, 2560px\" \/><\/a><\/figure>\n<\/figure>","protected":false},"excerpt":{"rendered":"<p>8. julija je v Bad Orbu potekal na\u0161 informativni dogodek o dr\u017eavni volilni kampanji. Na dogodek je pri\u0161lo okoli 30 \u010dlanov in gostov, ki so jih pozdravili pred prelepo kuliso v \u010ditalnici v [...]<\/p>","protected":false},"author":-1,"featured_media":1238,"comment_status":"open","ping_status":"open","sticky":false,"template":"","format":"standard","meta":{"footnotes":""},"categories":[1,3],"tags":[],"class_list":["post-1229","post","type-post","status-publish","format-standard","has-post-thumbnail","hentry","category-allgemein","category-newswahlen"],"_links":{"self":[{"href":"https:\/\/www.gruene-mkk.de\/sl\/wp-json\/wp\/v2\/posts\/1229","targetHints":{"allow":["GET"]}}],"collection":[{"href":"https:\/\/www.gruene-mkk.de\/sl\/wp-json\/wp\/v2\/posts"}],"about":[{"href":"https:\/\/www.gruene-mkk.de\/sl\/wp-json\/wp\/v2\/types\/post"}],"author":[{"embeddable":true,"href":"https:\/\/www.gruene-mkk.de\/sl\/wp-json\/wp\/v2\/users\/2"}],"replies":[{"embeddable":true,"href":"https:\/\/www.gruene-mkk.de\/sl\/wp-json\/wp\/v2\/comments?post=1229"}],"version-history":[{"count":2,"href":"https:\/\/www.gruene-mkk.de\/sl\/wp-json\/wp\/v2\/posts\/1229\/revisions"}],"predecessor-version":[{"id":1248,"href":"https:\/\/www.gruene-mkk.de\/sl\/wp-json\/wp\/v2\/posts\/1229\/revisions\/1248"}],"wp:featuredmedia":[{"embeddable":true,"href":"https:\/\/www.gruene-mkk.de\/sl\/wp-json\/wp\/v2\/media\/1238"}],"wp:attachment":[{"href":"https:\/\/www.gruene-mkk.de\/sl\/wp-json\/wp\/v2\/media?parent=1229"}],"wp:term":[{"taxonomy":"category","embeddable":true,"href":"https:\/\/www.gruene-mkk.de\/sl\/wp-json\/wp\/v2\/categories?post=1229"},{"taxonomy":"post_tag","embeddable":true,"href":"https:\/\/www.gruene-mkk.de\/sl\/wp-json\/wp\/v2\/tags?post=1229"}],"curies":[{"name":"wp","href":"https:\/\/api.w.org\/{rel}","templated":true}]}}