{"id":1187,"date":"2022-06-14T10:10:00","date_gmt":"2022-06-14T08:10:00","guid":{"rendered":"https:\/\/www.gruene-mkk.de\/?p=1187"},"modified":"2022-06-24T10:13:11","modified_gmt":"2022-06-24T08:13:11","slug":"hessen-in-besten-haenden","status":"publish","type":"post","link":"https:\/\/www.gruene-mkk.de\/sl\/hessen-in-besten-haenden\/","title":{"rendered":"Hesse v najbolj\u0161ih rokah"},"content":{"rendered":"<p>S to obljubo je na\u0161e regionalno zdru\u017eenje danes praznovalo za\u010detek dr\u017eavnih volitev leta 2023. Na\u0161 zvezni predsednik Omid Nouripur, ki je jasno pojasnil, da je s Hessejevim najbolj priljubljenim <\/p>\n\n\n\n<p>Z zaupanjem lahko za\u010dnemo s politikom Tarekom Al Wazirjem v trismerni bitki za urad dr\u017eavnega kanclerja v Wiesbadnu! Robert Habeck je v video nagovoru poudaril pogum Zelenih v Hessen B\u00fcndnis 90\/Die Gr\u00fcnen Hessen z vidika obetavnih sprememb in podpore dr\u017eavi. Tarek al Wazir je ponovno potrdil na\u0161o odgovornost po osmih letih sodelovanja vlade s \u0161tevilnimi ZELENImi uspehi v Hessenu, da vodi dr\u017eavo in ljudi skozi akutne krize in potrebno preobrazbo v podnebno nevtralnost in energetsko varnost. <\/p>\n\n\n\n<p>Okro\u017eno zdru\u017eenje MKK je imelo 11 \u010dlanov (9 jih je pri\u0161lo na fotografijo <img loading=\"lazy\" decoding=\"async\" height=\"16\" width=\"16\" alt=\"???\" src=\"https:\/\/static.xx.fbcdn.net\/images\/emoji.php\/v9\/ta8\/1.5\/16\/1f601.png\">) na terenu in bo spro\u017eil iskrico na za\u010detku volilne kampanje ter jo posredoval vsem na\u0161im \u010dlanom.<\/p>","protected":false},"excerpt":{"rendered":"<p>S to obljubo je na\u0161e regionalno zdru\u017eenje danes praznovalo za\u010detek dr\u017eavnih volitev leta 2023. Na\u0161 zvezni predsednik Omid Nouripur, ki je jasno izjavil, da je potoval iz Berlina [...]<\/p>","protected":false},"author":-1,"featured_media":1188,"comment_status":"open","ping_status":"open","sticky":false,"template":"","format":"standard","meta":{"footnotes":""},"categories":[1,3],"tags":[],"class_list":["post-1187","post","type-post","status-publish","format-standard","has-post-thumbnail","hentry","category-allgemein","category-newswahlen"],"_links":{"self":[{"href":"https:\/\/www.gruene-mkk.de\/sl\/wp-json\/wp\/v2\/posts\/1187","targetHints":{"allow":["GET"]}}],"collection":[{"href":"https:\/\/www.gruene-mkk.de\/sl\/wp-json\/wp\/v2\/posts"}],"about":[{"href":"https:\/\/www.gruene-mkk.de\/sl\/wp-json\/wp\/v2\/types\/post"}],"author":[{"embeddable":true,"href":"https:\/\/www.gruene-mkk.de\/sl\/wp-json\/wp\/v2\/users\/2"}],"replies":[{"embeddable":true,"href":"https:\/\/www.gruene-mkk.de\/sl\/wp-json\/wp\/v2\/comments?post=1187"}],"version-history":[{"count":1,"href":"https:\/\/www.gruene-mkk.de\/sl\/wp-json\/wp\/v2\/posts\/1187\/revisions"}],"predecessor-version":[{"id":1189,"href":"https:\/\/www.gruene-mkk.de\/sl\/wp-json\/wp\/v2\/posts\/1187\/revisions\/1189"}],"wp:featuredmedia":[{"embeddable":true,"href":"https:\/\/www.gruene-mkk.de\/sl\/wp-json\/wp\/v2\/media\/1188"}],"wp:attachment":[{"href":"https:\/\/www.gruene-mkk.de\/sl\/wp-json\/wp\/v2\/media?parent=1187"}],"wp:term":[{"taxonomy":"category","embeddable":true,"href":"https:\/\/www.gruene-mkk.de\/sl\/wp-json\/wp\/v2\/categories?post=1187"},{"taxonomy":"post_tag","embeddable":true,"href":"https:\/\/www.gruene-mkk.de\/sl\/wp-json\/wp\/v2\/tags?post=1187"}],"curies":[{"name":"wp","href":"https:\/\/api.w.org\/{rel}","templated":true}]}}