{"id":1069,"date":"2022-05-05T17:32:00","date_gmt":"2022-05-05T15:32:00","guid":{"rendered":"https:\/\/www.gruene-mkk.de\/?p=1069"},"modified":"2022-05-12T17:36:44","modified_gmt":"2022-05-12T15:36:44","slug":"veranstaltung-nachhaltige-landwirtschaft-in-hessen","status":"publish","type":"post","link":"https:\/\/www.gruene-mkk.de\/sl\/veranstaltung-nachhaltige-landwirtschaft-in-hessen\/","title":{"rendered":"Dogodek: \"Trajnostno kmetijstvo v Hessenu\""},"content":{"rendered":"<p>Poleg Marka Trageserja, predsednika zdru\u017eenja kmetov Main-Kinzig-Kreis, so 28. aprila 2022 nekateri kmetje in drugi zainteresirani dr\u017eavljani iz Biebergem\u00fcnda sprejeli tudi povabilo zelenega lokalnega zdru\u017eenja na&nbsp;<a href=\"https:\/\/www.gruene-biebergemuend.de\/2022\/04\/15\/28-4-stammtisch-mit-hans-juergen-mueller\/\">Digitalna zelena okrogla miza o trajnostnem kmetijstvu v Hessenu<\/a>&nbsp;zaseden.<\/p>\n\n\n\n<p>dolgoletni ekolo\u0161ki kmet in uradni govorec parlamentarne skupine Zelenih za kmetijstvo, dobrobit \u017eivali in lov,\u00a0<a href=\"https:\/\/www.mueller-witzenhausen.de\/\">Hans-J\u00fcrgen M\u00fcller<\/a>, Najprej je opisal svoj pogled na kmetijstvo skozi \u010das.\u00a0<\/p>\n\n\n\n<p><a href=\"https:\/\/www.gruene-biebergemuend.de\/2022\/05\/03\/gruene-agrarpolitik-fuer-hessen-mit-hans-juergen-mueller\/\">Podrobno poro\u010dilo o dogodku je na voljo na spleti\u0161\u010du Gr\u00fcner Biebergem\u00fcnd.<\/a><\/p>","protected":false},"excerpt":{"rendered":"<p>28. aprila 2022 so poleg Marka Trageserja, predsednika zdru\u017eenja kmetov okro\u017eja Main-Kinzig, nekateri kmetje in drugi zainteresirani sodr\u017eavljani iz Biebergem\u00fcnda sledili povabilu Zelene [...]<\/p>","protected":false},"author":-1,"featured_media":0,"comment_status":"open","ping_status":"open","sticky":false,"template":"","format":"standard","meta":{"footnotes":""},"categories":[4],"tags":[],"class_list":["post-1069","post","type-post","status-publish","format-standard","hentry","category-newsortsverbaende"],"_links":{"self":[{"href":"https:\/\/www.gruene-mkk.de\/sl\/wp-json\/wp\/v2\/posts\/1069","targetHints":{"allow":["GET"]}}],"collection":[{"href":"https:\/\/www.gruene-mkk.de\/sl\/wp-json\/wp\/v2\/posts"}],"about":[{"href":"https:\/\/www.gruene-mkk.de\/sl\/wp-json\/wp\/v2\/types\/post"}],"author":[{"embeddable":true,"href":"https:\/\/www.gruene-mkk.de\/sl\/wp-json\/wp\/v2\/users\/2"}],"replies":[{"embeddable":true,"href":"https:\/\/www.gruene-mkk.de\/sl\/wp-json\/wp\/v2\/comments?post=1069"}],"version-history":[{"count":1,"href":"https:\/\/www.gruene-mkk.de\/sl\/wp-json\/wp\/v2\/posts\/1069\/revisions"}],"predecessor-version":[{"id":1071,"href":"https:\/\/www.gruene-mkk.de\/sl\/wp-json\/wp\/v2\/posts\/1069\/revisions\/1071"}],"wp:attachment":[{"href":"https:\/\/www.gruene-mkk.de\/sl\/wp-json\/wp\/v2\/media?parent=1069"}],"wp:term":[{"taxonomy":"category","embeddable":true,"href":"https:\/\/www.gruene-mkk.de\/sl\/wp-json\/wp\/v2\/categories?post=1069"},{"taxonomy":"post_tag","embeddable":true,"href":"https:\/\/www.gruene-mkk.de\/sl\/wp-json\/wp\/v2\/tags?post=1069"}],"curies":[{"name":"wp","href":"https:\/\/api.w.org\/{rel}","templated":true}]}}