{"id":1047,"date":"2022-04-28T12:35:02","date_gmt":"2022-04-28T10:35:02","guid":{"rendered":"https:\/\/www.gruene-mkk.de\/?p=1047"},"modified":"2022-04-28T12:35:03","modified_gmt":"2022-04-28T10:35:03","slug":"delegierte-mit-erfahrung-und-know-how","status":"publish","type":"post","link":"https:\/\/www.gruene-mkk.de\/sl\/delegierte-mit-erfahrung-und-know-how\/","title":{"rendered":"Delegati z izku\u0161njami in znanjem"},"content":{"rendered":"<p><strong><em>\u010clani stranke B\u00fcndnis 90\/Die Gr\u00fcnen Main-Kinzig izvolijo delegate v strankarski svet Zelenih v Hessenu<\/em><\/strong><\/p>\n\n\n\n<!--more-->\n\n\n\n<p>\"Z Angeliko Gunkel in Jakobom M\u00e4hlerjem bosta Zelene v Main-Kinzigu v partijskem svetu ponovno zastopala dva aktivna in predana lokalna politika,\" je dejala Viola Ha\u00dfdenteufel, tiskovna predstavnica odbora in namestnica vodje Zelenih v Main-Kinzigu. \u010clani okro\u017enega zdru\u017eenja so se 27. aprila sestali v Klosterberghalle v Langenselboldu, da bi med drugim izvolili delegate za organ regionalnega zdru\u017eenja.<\/p>\n\n\n\n<p>Angelika Gunkel, \u010dlanica okro\u017enega odbora Zelenih iz Hanauja, je bila potrjena v svoji pisarni kot delegatka partijskega sveta. \"V partijskem svetu imamo prilo\u017enost, da vpra\u0161anja, ki nas \u0161e posebej skrbijo v okro\u017eju Main-Kinzig in so pomembna tudi za druga okro\u017eja, uvrstimo na dnevni red Hessijskih zelenih z vlogami,\" pravi Gunkel. V zvezi z obletnico napada 19. februarja 2020 je predlo\u017eila skupni predlog zadnjemu strankarskemu svetu parlamentarne skupine Zelenih ter skupinama Zelenih Main-Kinzig in Hanau. Ukvarjal se je z bojem proti rasizmu, spodbujanjem demokracije in reformo policije v Hessenu.<\/p>\n\n\n\n<p>Jakob M\u00e4hler iz Gelnhausna je bil na novo izvoljen na polo\u017eaj delegata partijskega sveta. Direktor skupine s polnim delovnim \u010dasom in namestnik predsednika skupine Zelenih v okro\u017enem svetu, ki zastopa tudi Zeleno mladino Main-Kinzig kot tiskovni predstavnik v okro\u017enem odboru, nadome\u0161\u010da Reinerja Bousonvilla kot delegata. \u201eZ zanimanjem pri\u010dakujem novo vlogo v partijskem svetu. Izku\u0161nje in tematsko specifi\u010dna znanja, ki sem jih zbral in zbral v razli\u010dnih odborih, bi rad posredoval partijskemu svetu ter na najbolj\u0161i mo\u017eni na\u010din zastopal okro\u017eje Main-Kinzig in njegove \u010dlane Zelenih,\u201c pravi M\u00e4hler, ki prav tako vodi skupino Zelenih v Gelnhausnu.<\/p>\n\n\n\n<p>Reiner Bousonville, Sandra Gerbert, Viola Ha\u00dfdenteufel in Knut Kiesel so bili izbrani kot nadomestni delegati za Gunkla in Mowerja.<\/p>","protected":false},"excerpt":{"rendered":"<p>\u010clani stranke B\u00fcndnis 90\/Die Gr\u00fcnen Main-Kinzig izvolijo delegate v strankarski svet Zelenih v Hessenu<\/p>","protected":false},"author":-1,"featured_media":1048,"comment_status":"open","ping_status":"open","sticky":false,"template":"","format":"standard","meta":{"footnotes":""},"categories":[1],"tags":[],"class_list":["post-1047","post","type-post","status-publish","format-standard","has-post-thumbnail","hentry","category-allgemein"],"_links":{"self":[{"href":"https:\/\/www.gruene-mkk.de\/sl\/wp-json\/wp\/v2\/posts\/1047","targetHints":{"allow":["GET"]}}],"collection":[{"href":"https:\/\/www.gruene-mkk.de\/sl\/wp-json\/wp\/v2\/posts"}],"about":[{"href":"https:\/\/www.gruene-mkk.de\/sl\/wp-json\/wp\/v2\/types\/post"}],"author":[{"embeddable":true,"href":"https:\/\/www.gruene-mkk.de\/sl\/wp-json\/wp\/v2\/users\/2"}],"replies":[{"embeddable":true,"href":"https:\/\/www.gruene-mkk.de\/sl\/wp-json\/wp\/v2\/comments?post=1047"}],"version-history":[{"count":1,"href":"https:\/\/www.gruene-mkk.de\/sl\/wp-json\/wp\/v2\/posts\/1047\/revisions"}],"predecessor-version":[{"id":1049,"href":"https:\/\/www.gruene-mkk.de\/sl\/wp-json\/wp\/v2\/posts\/1047\/revisions\/1049"}],"wp:featuredmedia":[{"embeddable":true,"href":"https:\/\/www.gruene-mkk.de\/sl\/wp-json\/wp\/v2\/media\/1048"}],"wp:attachment":[{"href":"https:\/\/www.gruene-mkk.de\/sl\/wp-json\/wp\/v2\/media?parent=1047"}],"wp:term":[{"taxonomy":"category","embeddable":true,"href":"https:\/\/www.gruene-mkk.de\/sl\/wp-json\/wp\/v2\/categories?post=1047"},{"taxonomy":"post_tag","embeddable":true,"href":"https:\/\/www.gruene-mkk.de\/sl\/wp-json\/wp\/v2\/tags?post=1047"}],"curies":[{"name":"wp","href":"https:\/\/api.w.org\/{rel}","templated":true}]}}