{"id":1044,"date":"2022-04-27T10:42:54","date_gmt":"2022-04-27T08:42:54","guid":{"rendered":"https:\/\/www.gruene-mkk.de\/?p=1044"},"modified":"2022-04-27T10:42:55","modified_gmt":"2022-04-27T08:42:55","slug":"mkk-personalplanung-wird-kritisiert","status":"publish","type":"post","link":"https:\/\/www.gruene-mkk.de\/sl\/mkk-personalplanung-wird-kritisiert\/","title":{"rendered":"MKK: Kadrovsko na\u010drtovanje je dele\u017eno kritik"},"content":{"rendered":"<p><strong>Zelena parlamentarna skupina izrazila mnenje o odobritvi prora\u010duna vlade<\/strong><\/p>\n\n\n\n<!--more-->\n\n\n\n<p>Regierungspr\u00e4sidium Darmstadt je 17. marca 2022 odobril prora\u010dun okro\u017eja Main-Kinzig: \"Predsednik vlade ima nekaj pripomb, ki jasno ka\u017eejo, da ni \u0161lo vse tako gladko v smislu prora\u010duna,\" pravi Reiner Bousonville, tiskovni predstavnik finan\u010dne politike in vodja parlamentarne skupine Zelenih.<\/p>\n\n\n\n<p>Zato skupina upravi postavlja vpra\u0161anje: \u201ePredsedstvo med drugim kritizira oblikovanje 26 novih delovnih mest, vklju\u010dno z 19 javnimi uslu\u017ebenci. \u010ceprav je to z vidika kadrovske politike razumljivo, trajno omejuje finan\u010dni manevrski prostor. V zvezi s tem se zdi nujno potrebno bolj restriktivno upravljanje osebja. Zato nas zanima, kako bo kadrovski na\u010drt revidiran na podlagi kritik predsedstva.\u201c<\/p>\n\n\n\n<p>Zaradi tega pove\u010danja dodatnih stro\u0161kov se je mo\u010dno pove\u010dala tudi okro\u017ena dajatev: \u201eMesta in ob\u010dine zdaj pla\u010dujejo za razko\u0161no kadrovsko na\u010drtovanje okro\u017eja, zaradi \u010desar morajo zmanj\u0161ati \u0161tevilo zaposlenih ali izravnati dodatne stro\u0161ke z zvi\u0161anjem davkov. Na koncu torej dr\u017eavljani pla\u010dujejo v krogu.\u201c &nbsp;<\/p>\n\n\n\n<p>\u017de med razpravo o prora\u010dunu je parlamentarna skupina Zelenih kritizirala oblikovanje novih delovnih mest javnih uslu\u017ebencev: \u201eZdaj vidimo, da so na\u0161i pomisleki potrjeni, in od uprave bi radi izvedeli, ali se razmi\u0161lja o zni\u017eanju, in \u010de ne, kak\u0161ni dodatni stro\u0161ki, vklju\u010dno z rezervacijami za pokojnine, bodo vsako leto nastali za okro\u017eje, ko bodo zapolnjena vsa delovna mesta.\u201c<\/p>\n\n\n\n<p>Svet ECB kritizira tudi prakso oblikovanja rezervacij v zadnjih letih, ki vodi k visokemu dele\u017eu vezane likvidnosti. \u201eZato je treba dodatno zmanj\u0161ati rezervacije, da bi ustvarili razpolo\u017eljivo likvidnost. Prav tako bi se bilo mogo\u010de izogniti pove\u010danju kro\u017ene dajatve v tej razse\u017enosti.\u201c<\/p>\n\n\n\n<p>Hkrati vodja vlade kritizira tudi \u201ezelo pohvaljene nalo\u017ebe\u201c Landrata in ugotavlja, da prora\u010dun ka\u017ee velika odstopanja pri primerjavi \u201ena\u010drtovano, kot je\u201c. To pomeni, da \u201eveliko na\u010drtovanih nalo\u017eb ni bilo in ne bo izvedenih. To je, \u010de pri\u010dakujemo realisti\u010dno na\u010drtovanje v prihodnosti,\" pravi Bousonville. \u201eZato bi radi izvedeli, kako ti napa\u010dni pristopi k na\u010drtovanju vplivajo na potrebne nalo\u017ebe, na primer na podro\u010dju \u0161ol ali infrastrukture, kot je \u0161iritev \u0161irokopasovnih povezav, in katerih projektov letos ni mogo\u010de ponovno izvesti.\u201c<\/p>\n\n\n\n<p>Tudi potrebna likvidnostna rezerva, ki je potrebna v \u010dasu pomanjkanja solventnosti okro\u017eja, se okro\u017eje \u0161e ni oblikovalo: \u201eTo je malomarno, vsaj na podro\u010dju finan\u010dne varnosti. Zato spra\u0161ujemo upravo, kdaj bo tak\u0161na likvidnostna rezerva zgrajena, \"je dejal Bousonville.<\/p>\n\n\n\n<p>Vendar to \u0161e ni bila zadnja kritika predsednika vlade: \u201eTudi gospodarski na\u010drti \u201aCentra za pomo\u010d otrokom, mladini in dru\u017eini\u2018 ter \u201aBreitband Main-Kinzig\u2018 v \u010dasu sklepa o prora\u010dunu \u0161e niso bili sprejeti in niso bili predlo\u017eeni.\u201c<\/p>\n\n\n\n<p>Kritike vlade bi morale dati razlog za razmi\u0161ljanje: \u201eProra\u010dun sta zelo pohvalila Landrat in velika koalicija. Povratne informacije vi\u0161je avtoritete zdaj ka\u017eejo povsem druga\u010dno sliko. Prekomerno kadrovsko na\u010drtovanje, nerealizirane nalo\u017ebe in malomarne finan\u010dne rezerve ka\u017eejo na potrebo po \u010distej\u0161em upravljanju prora\u010duna in pripravi prora\u010duna v prihodnosti. Poleg uprave so v povpra\u0161evanju tudi velika koalicija in ob\u010dine, ki morajo biti bolj kriti\u010dne pri mnenjih in razpravah o predlogu prora\u010duna.\u201c<\/p>\n\n\n\n<p>Tako kot v prej\u0161njih letih bodo Zeleni kriti\u010dno preu\u010dili prora\u010dun okro\u017eja in pogledali akterje v akciji: \u201eUpamo lahko le, da bodo te prito\u017ebe obravnavane v prora\u010dunu za leto 2023. Konec koncev bo oddelek za finance leta 2023 kandidiral za \u0161e en mandat kot okro\u017eni upravitelj,\u201c zaklju\u010duje Bousonville.<\/p>\n\n\n\n<hr class=\"wp-block-separator\"\/>\n\n\n\n<p>Poizvedbe na naslov:<\/p>\n\n\n\n<p>Jakob M\u00e4hler<br>Generalni direktor skupine<br>Zveza 90 \/ Zeleni Main-Kinzig<\/p>\n\n\n\n<p>06181\/61596<br>0176\/46763336<\/p>\n\n\n\n<p>fraktion@gruene-mkk.de<\/p>","protected":false},"excerpt":{"rendered":"<p>Zelena parlamentarna skupina izrazila mnenje o odobritvi prora\u010duna vlade<\/p>","protected":false},"author":-1,"featured_media":0,"comment_status":"open","ping_status":"open","sticky":false,"template":"","format":"standard","meta":{"footnotes":""},"categories":[2],"tags":[],"class_list":["post-1044","post","type-post","status-publish","format-standard","hentry","category-newskreistagsfraktion"],"_links":{"self":[{"href":"https:\/\/www.gruene-mkk.de\/sl\/wp-json\/wp\/v2\/posts\/1044","targetHints":{"allow":["GET"]}}],"collection":[{"href":"https:\/\/www.gruene-mkk.de\/sl\/wp-json\/wp\/v2\/posts"}],"about":[{"href":"https:\/\/www.gruene-mkk.de\/sl\/wp-json\/wp\/v2\/types\/post"}],"author":[{"embeddable":true,"href":"https:\/\/www.gruene-mkk.de\/sl\/wp-json\/wp\/v2\/users\/5"}],"replies":[{"embeddable":true,"href":"https:\/\/www.gruene-mkk.de\/sl\/wp-json\/wp\/v2\/comments?post=1044"}],"version-history":[{"count":1,"href":"https:\/\/www.gruene-mkk.de\/sl\/wp-json\/wp\/v2\/posts\/1044\/revisions"}],"predecessor-version":[{"id":1046,"href":"https:\/\/www.gruene-mkk.de\/sl\/wp-json\/wp\/v2\/posts\/1044\/revisions\/1046"}],"wp:attachment":[{"href":"https:\/\/www.gruene-mkk.de\/sl\/wp-json\/wp\/v2\/media?parent=1044"}],"wp:term":[{"taxonomy":"category","embeddable":true,"href":"https:\/\/www.gruene-mkk.de\/sl\/wp-json\/wp\/v2\/categories?post=1044"},{"taxonomy":"post_tag","embeddable":true,"href":"https:\/\/www.gruene-mkk.de\/sl\/wp-json\/wp\/v2\/tags?post=1044"}],"curies":[{"name":"wp","href":"https:\/\/api.w.org\/{rel}","templated":true}]}}