{"id":1041,"date":"2022-04-27T09:53:39","date_gmt":"2022-04-27T07:53:39","guid":{"rendered":"https:\/\/www.gruene-mkk.de\/?p=1041"},"modified":"2022-04-27T09:54:40","modified_gmt":"2022-04-27T07:54:40","slug":"sicherheitsanforderungen-fuer-nukleare-anlagen-ueberpruefen","status":"publish","type":"post","link":"https:\/\/www.gruene-mkk.de\/sl\/sicherheitsanforderungen-fuer-nukleare-anlagen-ueberpruefen\/","title":{"rendered":"Pregled varnostnih zahtev za jedrske objekte"},"content":{"rendered":"<p>Vojna v Ukrajini prina\u0161a tveganje \u0161e ene jedrske katastrofe. Okro\u017eno zdru\u017eenje in okro\u017ena parlamentarna skupina zato podpirata zahteve parlamentarne skupine Bundestaga ob 36. obletnici jedrske nesre\u010de v \u010cernobilu po pregledu varnostnih zahtev za jedrske objekte.<\/p>\n\n\n\n<p>\u010ce pride do prekinitve hlajenja zaradi obratovalnih napak, izgube hladilne teko\u010dine ali dalj\u0161ega izpada elektri\u010dnega omre\u017eja, je nesre\u010da neizogibna. Evropa se s to nevarnostjo soo\u010da \u017ee ve\u010d tednov, ko so bile jedrske elektrarne, objekti za za\u010dasno skladi\u0161\u010denje in sam \u010cernobil ve\u010d tednov v ruskih rokah, odrezani od elektri\u010dne energije in pod ognjem. Kibernetski napadi na kriti\u010dno infrastrukturo prav tako mo\u010dno ogro\u017eajo jedrske elektrarne. V sedanjih razmerah se je torej treba vpra\u0161ati, kako varne so jedrske elektrarne v voja\u0161kih spopadih.<\/p>\n\n\n\n<p>Upo\u0161tevati je treba tudi odvisnost od Rusije na podro\u010dju proizvodnje energije iz jedrske energije, ki jo je treba odpraviti. Rusija \u0161e vedno dobavlja gorivne palice v Evropo. \u0160iritev obnovljivih virov energije je potrebna za neodvisnost od Rusije v smislu proizvodnje energije, jedrska energija pa ni alternativa, zlasti zaradi varnostnih tveganj.<\/p>\n\n\n\n<p>Povezava na sporo\u010dilo za javnost poslanske skupine Bundestag:\u00a0<a rel=\"noreferrer noopener\" target=\"_blank\" href=\"https:\/\/gruenlink.de\/2isv\">https:\/\/gruenlink.de\/2isv<\/a><\/p>","protected":false},"excerpt":{"rendered":"<p>Vojna v Ukrajini prina\u0161a tveganje \u0161e ene jedrske katastrofe. Kreisverband in parlamentarna skupina Kreistag zato podpirata zahteve parlamentarne skupine Bundestaga ob 36. obletnici jedrske nesre\u010de v \u010cernobilu, da [...]<\/p>","protected":false},"author":-1,"featured_media":0,"comment_status":"open","ping_status":"open","sticky":false,"template":"","format":"standard","meta":{"footnotes":""},"categories":[1,2],"tags":[],"class_list":["post-1041","post","type-post","status-publish","format-standard","hentry","category-allgemein","category-newskreistagsfraktion"],"_links":{"self":[{"href":"https:\/\/www.gruene-mkk.de\/sl\/wp-json\/wp\/v2\/posts\/1041","targetHints":{"allow":["GET"]}}],"collection":[{"href":"https:\/\/www.gruene-mkk.de\/sl\/wp-json\/wp\/v2\/posts"}],"about":[{"href":"https:\/\/www.gruene-mkk.de\/sl\/wp-json\/wp\/v2\/types\/post"}],"author":[{"embeddable":true,"href":"https:\/\/www.gruene-mkk.de\/sl\/wp-json\/wp\/v2\/users\/2"}],"replies":[{"embeddable":true,"href":"https:\/\/www.gruene-mkk.de\/sl\/wp-json\/wp\/v2\/comments?post=1041"}],"version-history":[{"count":1,"href":"https:\/\/www.gruene-mkk.de\/sl\/wp-json\/wp\/v2\/posts\/1041\/revisions"}],"predecessor-version":[{"id":1043,"href":"https:\/\/www.gruene-mkk.de\/sl\/wp-json\/wp\/v2\/posts\/1041\/revisions\/1043"}],"wp:attachment":[{"href":"https:\/\/www.gruene-mkk.de\/sl\/wp-json\/wp\/v2\/media?parent=1041"}],"wp:term":[{"taxonomy":"category","embeddable":true,"href":"https:\/\/www.gruene-mkk.de\/sl\/wp-json\/wp\/v2\/categories?post=1041"},{"taxonomy":"post_tag","embeddable":true,"href":"https:\/\/www.gruene-mkk.de\/sl\/wp-json\/wp\/v2\/tags?post=1041"}],"curies":[{"name":"wp","href":"https:\/\/api.w.org\/{rel}","templated":true}]}}