{"id":1033,"date":"2022-04-19T09:00:00","date_gmt":"2022-04-19T07:00:00","guid":{"rendered":"https:\/\/www.gruene-mkk.de\/?p=1033"},"modified":"2022-04-19T12:46:10","modified_gmt":"2022-04-19T10:46:10","slug":"nachhaltige-landwirtschaft-in-hessen","status":"publish","type":"post","link":"https:\/\/www.gruene-mkk.de\/sl\/nachhaltige-landwirtschaft-in-hessen\/","title":{"rendered":"Trajnostno kmetijstvo v Hessnu"},"content":{"rendered":"<p>Razglasitev imenovanja: \u010cetrtek, 29. april, ob 19.00, Digital Stammtisch der Gr\u00fcnen Biebergem\u00fcnd s Hans-J\u00fcrgenom M\u00fcllerjem, MdL<\/p>\n\n\n\n<!--more-->\n\n\n\n<p>Lokalno zdru\u017eenje B\u00fcndnis 90\/Die Gr\u00fcnen v Biebergem\u00fcndeju vas vljudno vabi na digitalno zeleno okroglo mizo na temo \u201eTrajnostno kmetijstvo v Hessnu\u201c. Zelena okrogla miza je odprt dogodek za vse zainteresirane dr\u017eavljane in dr\u017eavljanke.<\/p>\n\n\n\n<p>Veseli nas, da lahko nocoj pozdravimo Hans-J\u00fcrgena M\u00fcllerja, izku\u0161enega ekolo\u0161kega kmeta in predstavnika za kmetijsko politiko skupine Zelenih v hessenskem parlamentu. Hans-J\u00fcrgen M\u00fcller se intenzivno ukvarja z vpra\u0161anjem, kak\u0161no kmetijsko politiko potrebujemo za trajnostno kmetijstvo v Hessenu ter s tem povezanimi cilji in izzivi.<\/p>\n\n\n\n<p>Ve\u010d informacij o dogodku je na voljo tukaj: <a rel=\"noreferrer noopener\" href=\"https:\/\/gruenlink.de\/2ijr?fbclid=IwAR04ulwRa50sgsJ29APz2BSPwFybLCgU5eZttpZML1x4_IG6iX6vIzApsBQ\" target=\"_blank\">https:\/\/gruenlink.de\/2ijr<\/a><\/p>","protected":false},"excerpt":{"rendered":"<p>Razglasitev imenovanja: \u010cetrtek, 29. april, ob 19.00, Digital Stammtisch der Gr\u00fcnen Biebergem\u00fcnd s Hans-J\u00fcrgenom M\u00fcllerjem, MdL<\/p>","protected":false},"author":-1,"featured_media":0,"comment_status":"open","ping_status":"open","sticky":false,"template":"","format":"standard","meta":{"footnotes":""},"categories":[1],"tags":[],"class_list":["post-1033","post","type-post","status-publish","format-standard","hentry","category-allgemein"],"_links":{"self":[{"href":"https:\/\/www.gruene-mkk.de\/sl\/wp-json\/wp\/v2\/posts\/1033","targetHints":{"allow":["GET"]}}],"collection":[{"href":"https:\/\/www.gruene-mkk.de\/sl\/wp-json\/wp\/v2\/posts"}],"about":[{"href":"https:\/\/www.gruene-mkk.de\/sl\/wp-json\/wp\/v2\/types\/post"}],"author":[{"embeddable":true,"href":"https:\/\/www.gruene-mkk.de\/sl\/wp-json\/wp\/v2\/users\/2"}],"replies":[{"embeddable":true,"href":"https:\/\/www.gruene-mkk.de\/sl\/wp-json\/wp\/v2\/comments?post=1033"}],"version-history":[{"count":2,"href":"https:\/\/www.gruene-mkk.de\/sl\/wp-json\/wp\/v2\/posts\/1033\/revisions"}],"predecessor-version":[{"id":1035,"href":"https:\/\/www.gruene-mkk.de\/sl\/wp-json\/wp\/v2\/posts\/1033\/revisions\/1035"}],"wp:attachment":[{"href":"https:\/\/www.gruene-mkk.de\/sl\/wp-json\/wp\/v2\/media?parent=1033"}],"wp:term":[{"taxonomy":"category","embeddable":true,"href":"https:\/\/www.gruene-mkk.de\/sl\/wp-json\/wp\/v2\/categories?post=1033"},{"taxonomy":"post_tag","embeddable":true,"href":"https:\/\/www.gruene-mkk.de\/sl\/wp-json\/wp\/v2\/tags?post=1033"}],"curies":[{"name":"wp","href":"https:\/\/api.w.org\/{rel}","templated":true}]}}