{"id":1028,"date":"2022-04-19T12:00:00","date_gmt":"2022-04-19T10:00:00","guid":{"rendered":"https:\/\/www.gruene-mkk.de\/?p=1028"},"modified":"2022-04-19T11:29:26","modified_gmt":"2022-04-19T09:29:26","slug":"leben-und-wirken-wird-nicht-vergessen-werden","status":"publish","type":"post","link":"https:\/\/www.gruene-mkk.de\/sl\/leben-und-wirken-wird-nicht-vergessen-werden\/","title":{"rendered":"\u017divljenje in delo ne bosta pozabljena"},"content":{"rendered":"<p><em>Green Main-Kinzig o smrti Ericha Pipe: \u201eEden najvplivnej\u0161ih politikov v krogu\u201c<\/em><\/p>\n\n\n\n<!--more-->\n\n\n\n<p>\"Ob\u017ealujemo enega najvplivnej\u0161ih politikov v okro\u017eju Main-Kinzig,\" pravijo izvr\u0161ni direktor parlamentarne skupine in izvr\u0161ni direktor okro\u017eja Zeleni Main-Kinzig, Reiner Bousonville, Viola Ha\u00dfdenteufel, Jakob M\u00e4hler in Ahmet Cetiner. \u201eZ Erichom Pipo je umrla velika osebnost iz okro\u017eja Main-Kinzig. S svojimi neutrudnimi prizadevanji je odlo\u010dilno oblikoval okro\u017eje Main-Kinzig.\u201c<\/p>\n\n\n\n<p>Sodelovanje z Erichom Pipo je bilo cenjeno ne le v \u010dasu skupne koalicije: \u201eKot okro\u017eni svetnik je nastopal enakopravno, ne le s svojimi, temve\u010d z vsemi strankami. Zanj je bilo sodelovanje pomembno, kar je koristilo prebivalcem Main-Kinzig-Kreis.\u201c Prav tako se ni bal, da bi pokazal jasno ostrino: \u201eKar so ga cenili in spo\u0161tovali, je bilo poleg njegovega neutrudnega dela in predanosti tudi njegovo jasno stali\u0161\u010de do pomembnih sodobnih dogodkov.\u201c<\/p>\n\n\n\n<p>Primeri vklju\u010dujejo njegovo prizadevanje, da \u201esamo poskrbi za dolgotrajno brezposelne v krogu, ali njegovo jasno stali\u0161\u010de za bolj\u0161i sprejem, nastanitev in oskrbo beguncev. Odpustil je zaradi te\u017eav in jim priznal, da so mu kljub mo\u010dnim vetrovom u\u0161le iz rok.\u201c<\/p>\n\n\n\n<p>To je zagotovilo, da je Pipa prejela medstrankarsko priznanje: \u201eVedno smo cenili sodelovanje med Zelenimi in nekdanjim Landratom. Erich Pipa je bil dobrodo\u0161el gost na\u0161e skupine, ko smo se v regiji Main-Kinzig-Kreis soo\u010dali z velikimi odlo\u010ditvami ali \u017eeleli izmenjati zamisli o posameznih prednostnih nalogah.\u201c<\/p>\n\n\n\n<p>Na \u017ealost je moral spoznati tudi temno stran. Zaradi svojega jasnega mnenja je prejel gro\u017enje s smrtjo in je bil ve\u010dkrat \u017ertev sovra\u017enosti. Namesto da bi se umaknil, se je \u0161e naprej zavzemal za svoje mnenje. To jasno ka\u017ee na hrbtenico in bojni duh Ericha Pipe, ki je kot bolj sporen, a vedno kot po\u0161ten partner za razpravo \u017eelel dose\u010di in dose\u010di tudi stalno izbolj\u0161anje kroga, \"je dejal odbor okro\u017ene parlamentarne skupine in okro\u017eni odbor.<\/p>\n\n\n\n<p>To vklju\u010duje tudi \u0161iritev \u0161irokopasovne infrastrukture, ki je bila takrat edinstvena v Nem\u010diji v tej velikosti: \u201eNenavadno je bilo, da je krog sam vzpostavil internet za podjetja in fizi\u010dne osebe, in to po zaslugi nekdanjega okrajnega upravitelja, ki se je namesto da bi \u010dakal na druge, raje neposredno spopadel z njim.\u201c<\/p>\n\n\n\n<p>V krog je postavil \u0161tevilne temelje in napisal \u0161tevilne zgodbe o uspehu: \u201eNe glede na to, ali gre za socialno politiko ali razvoj doma\u010de infrastrukture. V zadnjih nekaj letih smo lahko gradili na teh zgodbah o uspehu in jih lahko gradimo tudi v prihodnosti. \u017divljenje in delo Ericha Pipe ne bosta pozabljena,\u00ab zaklju\u010duje odbor Kreistagsfraaktion in Kreisvorstand.<\/p>","protected":false},"excerpt":{"rendered":"<p>Green Main-Kinzig o smrti Ericha Pipe: \u201eEden najvplivnej\u0161ih politikov v krogu\u201c<\/p>","protected":false},"author":-1,"featured_media":1029,"comment_status":"open","ping_status":"open","sticky":false,"template":"","format":"standard","meta":{"footnotes":""},"categories":[1,2],"tags":[],"class_list":["post-1028","post","type-post","status-publish","format-standard","has-post-thumbnail","hentry","category-allgemein","category-newskreistagsfraktion"],"_links":{"self":[{"href":"https:\/\/www.gruene-mkk.de\/sl\/wp-json\/wp\/v2\/posts\/1028","targetHints":{"allow":["GET"]}}],"collection":[{"href":"https:\/\/www.gruene-mkk.de\/sl\/wp-json\/wp\/v2\/posts"}],"about":[{"href":"https:\/\/www.gruene-mkk.de\/sl\/wp-json\/wp\/v2\/types\/post"}],"author":[{"embeddable":true,"href":"https:\/\/www.gruene-mkk.de\/sl\/wp-json\/wp\/v2\/users\/2"}],"replies":[{"embeddable":true,"href":"https:\/\/www.gruene-mkk.de\/sl\/wp-json\/wp\/v2\/comments?post=1028"}],"version-history":[{"count":1,"href":"https:\/\/www.gruene-mkk.de\/sl\/wp-json\/wp\/v2\/posts\/1028\/revisions"}],"predecessor-version":[{"id":1030,"href":"https:\/\/www.gruene-mkk.de\/sl\/wp-json\/wp\/v2\/posts\/1028\/revisions\/1030"}],"wp:featuredmedia":[{"embeddable":true,"href":"https:\/\/www.gruene-mkk.de\/sl\/wp-json\/wp\/v2\/media\/1029"}],"wp:attachment":[{"href":"https:\/\/www.gruene-mkk.de\/sl\/wp-json\/wp\/v2\/media?parent=1028"}],"wp:term":[{"taxonomy":"category","embeddable":true,"href":"https:\/\/www.gruene-mkk.de\/sl\/wp-json\/wp\/v2\/categories?post=1028"},{"taxonomy":"post_tag","embeddable":true,"href":"https:\/\/www.gruene-mkk.de\/sl\/wp-json\/wp\/v2\/tags?post=1028"}],"curies":[{"name":"wp","href":"https:\/\/api.w.org\/{rel}","templated":true}]}}