{"id":1023,"date":"2022-04-14T12:03:19","date_gmt":"2022-04-14T10:03:19","guid":{"rendered":"https:\/\/www.gruene-mkk.de\/?p=1023"},"modified":"2022-04-14T12:08:51","modified_gmt":"2022-04-14T10:08:51","slug":"gruene-main-kinzig-sprechen-ueber-waldschutz","status":"publish","type":"post","link":"https:\/\/www.gruene-mkk.de\/sl\/gruene-main-kinzig-sprechen-ueber-waldschutz\/","title":{"rendered":"Zeleni Main-Kinzig govori o varstvu gozdov"},"content":{"rendered":"<p>Predstavniki lokalnih zdru\u017eenj in parlamentarnih skupin Zelenih v okro\u017eju Main-Kinzig so 12. aprila 2022 na spletu izmenjali mnenja o varstvu gozdov v Hessnu z Martino Feldmayer, tiskovno predstavnico skupine Zelenih za varstvo okolja in podnebja.<\/p>\n\n\n\n<p>Med svojim sodelovanjem v vladi so Zeleni iz Hessena dosegli veliko za za\u0161\u010dito hessenskih gozdov, kot je ciljni dele\u017e naravnih gozdov na 10.% pove\u010dati, pridobiti certifikat FSC za hessenske gozdove in mo\u010dneje za\u0161\u010dititi Bannwald.<\/p>\n\n\n\n<p>Da bi dosegli cilje na ravni zemlji\u0161\u010d, je treba varstvo gozdov spodbujati tudi na ob\u010dinski ravni. Poslanci dr\u017eavnega parlamenta so podali koristne nasvete in argumente, s katerimi lahko na\u0161i lokalni politiki vlo\u017eijo vloge za varstvo gozdov.<\/p>\n\n\n\n<p><\/p>","protected":false},"excerpt":{"rendered":"<p>Predstavniki lokalnih zdru\u017eenj in parlamentarnih skupin Zelenih v okro\u017eju Main-Kinzig so 12. aprila 2022 na spletu izmenjali mnenja z Martino Feldmayer, tiskovno predstavnico za varstvo okolja in podnebja [...]<\/p>","protected":false},"author":-1,"featured_media":0,"comment_status":"open","ping_status":"open","sticky":false,"template":"","format":"standard","meta":{"footnotes":""},"categories":[1,4],"tags":[],"class_list":["post-1023","post","type-post","status-publish","format-standard","hentry","category-allgemein","category-newsortsverbaende"],"_links":{"self":[{"href":"https:\/\/www.gruene-mkk.de\/sl\/wp-json\/wp\/v2\/posts\/1023","targetHints":{"allow":["GET"]}}],"collection":[{"href":"https:\/\/www.gruene-mkk.de\/sl\/wp-json\/wp\/v2\/posts"}],"about":[{"href":"https:\/\/www.gruene-mkk.de\/sl\/wp-json\/wp\/v2\/types\/post"}],"author":[{"embeddable":true,"href":"https:\/\/www.gruene-mkk.de\/sl\/wp-json\/wp\/v2\/users\/2"}],"replies":[{"embeddable":true,"href":"https:\/\/www.gruene-mkk.de\/sl\/wp-json\/wp\/v2\/comments?post=1023"}],"version-history":[{"count":2,"href":"https:\/\/www.gruene-mkk.de\/sl\/wp-json\/wp\/v2\/posts\/1023\/revisions"}],"predecessor-version":[{"id":1026,"href":"https:\/\/www.gruene-mkk.de\/sl\/wp-json\/wp\/v2\/posts\/1023\/revisions\/1026"}],"wp:attachment":[{"href":"https:\/\/www.gruene-mkk.de\/sl\/wp-json\/wp\/v2\/media?parent=1023"}],"wp:term":[{"taxonomy":"category","embeddable":true,"href":"https:\/\/www.gruene-mkk.de\/sl\/wp-json\/wp\/v2\/categories?post=1023"},{"taxonomy":"post_tag","embeddable":true,"href":"https:\/\/www.gruene-mkk.de\/sl\/wp-json\/wp\/v2\/tags?post=1023"}],"curies":[{"name":"wp","href":"https:\/\/api.w.org\/{rel}","templated":true}]}}