{"id":1014,"date":"2022-04-08T14:00:41","date_gmt":"2022-04-08T12:00:41","guid":{"rendered":"https:\/\/www.gruene-mkk.de\/?p=1014"},"modified":"2022-04-08T14:09:33","modified_gmt":"2022-04-08T12:09:33","slug":"wiederwahl-zum-ersten-stadtrat","status":"publish","type":"post","link":"https:\/\/www.gruene-mkk.de\/sl\/wiederwahl-zum-ersten-stadtrat\/","title":{"rendered":"Ponovna izvolitev v prvi mestni svet"},"content":{"rendered":"<p>\u010cestitamo Rainerju Voglu za ponovno izvolitev za prvega mestnega svetnika mesta Nidderau!<\/p>\n\n\n\n<!--more-->\n\n\n\n<p>Mestni svet Nidderauja je 7. aprila 2022 potrdil, da je prvi mestni svetnik kmetijski in\u017eenir in zeleni \u010dlan Rainer Vogel. Kot mestni svetnik je dejaven od leta 2016 in je trenutno edini redni zeleni politik v okro\u017eju Main-Kinzig. Poleg tega, da je mestni svetnik, je \u010dlan parlamentarne skupine Zeleno okro\u017eje, kjer se ukvarja predvsem z varstvom okolja in kmetijstvom.<\/p>\n\n\n\n<p>Ob\u010dina je zadovoljna s ponovno izvolitvijo. Zahvaljujemo se Rainerju Voglu za njegovo delo in mu \u017eelimo vse najbolj\u0161e in veliko uspeha!<\/p>","protected":false},"excerpt":{"rendered":"<p>\u010cestitamo Rainerju Voglu za ponovno izvolitev za prvega mestnega svetnika mesta Nidderau!<\/p>","protected":false},"author":-1,"featured_media":1015,"comment_status":"open","ping_status":"open","sticky":false,"template":"","format":"standard","meta":{"footnotes":""},"categories":[4],"tags":[],"class_list":["post-1014","post","type-post","status-publish","format-standard","has-post-thumbnail","hentry","category-newsortsverbaende"],"_links":{"self":[{"href":"https:\/\/www.gruene-mkk.de\/sl\/wp-json\/wp\/v2\/posts\/1014","targetHints":{"allow":["GET"]}}],"collection":[{"href":"https:\/\/www.gruene-mkk.de\/sl\/wp-json\/wp\/v2\/posts"}],"about":[{"href":"https:\/\/www.gruene-mkk.de\/sl\/wp-json\/wp\/v2\/types\/post"}],"author":[{"embeddable":true,"href":"https:\/\/www.gruene-mkk.de\/sl\/wp-json\/wp\/v2\/users\/2"}],"replies":[{"embeddable":true,"href":"https:\/\/www.gruene-mkk.de\/sl\/wp-json\/wp\/v2\/comments?post=1014"}],"version-history":[{"count":3,"href":"https:\/\/www.gruene-mkk.de\/sl\/wp-json\/wp\/v2\/posts\/1014\/revisions"}],"predecessor-version":[{"id":1018,"href":"https:\/\/www.gruene-mkk.de\/sl\/wp-json\/wp\/v2\/posts\/1014\/revisions\/1018"}],"wp:featuredmedia":[{"embeddable":true,"href":"https:\/\/www.gruene-mkk.de\/sl\/wp-json\/wp\/v2\/media\/1015"}],"wp:attachment":[{"href":"https:\/\/www.gruene-mkk.de\/sl\/wp-json\/wp\/v2\/media?parent=1014"}],"wp:term":[{"taxonomy":"category","embeddable":true,"href":"https:\/\/www.gruene-mkk.de\/sl\/wp-json\/wp\/v2\/categories?post=1014"},{"taxonomy":"post_tag","embeddable":true,"href":"https:\/\/www.gruene-mkk.de\/sl\/wp-json\/wp\/v2\/tags?post=1014"}],"curies":[{"name":"wp","href":"https:\/\/api.w.org\/{rel}","templated":true}]}}