{"id":1009,"date":"2022-03-07T12:32:00","date_gmt":"2022-03-07T11:32:00","guid":{"rendered":"https:\/\/www.gruene-mkk.de\/?p=1009"},"modified":"2022-04-07T12:59:52","modified_gmt":"2022-04-07T10:59:52","slug":"neustart-in-neuberg","status":"publish","type":"post","link":"https:\/\/www.gruene-mkk.de\/sl\/neustart-in-neuberg\/","title":{"rendered":"Ponovni zagon v Neubergu"},"content":{"rendered":"<p>Andrea H\u00fcller in Andreas K\u00f6gel izvoljena za nova predsednika Gr\u00fcne Neuberg<\/p>\n\n\n\n<!--more-->\n\n\n\n<p>\u010clani B\u00fcndnis90\/GR\u00dcNE in zainteresirani dr\u017eavljani so se 4. marca 2022 sestali na generalni skup\u0161\u010dini v B\u00fcrgerhausu. Pozdravil jih je 2. Predsednik lokalnega zdru\u017eenja Markus Walther. Opozoril je, da so bila vabila pravilno pripravljena, nato pa je besedo predal tistim, ki so bili prisotni v okrajnem zdru\u017eenju. <\/p>\n\n\n\n<p>Okro\u017eno zdru\u017eenje, ki so ga zastopali Mareike Forchheim, Ahmet Cetiner in Joachim Nickel, je nato vodilo skozi nadaljnji potek ve\u010dera. Za prihodnje volitve izvr\u0161nega odbora sta se dva kandidata dogovorila, da bosta lokalno zdru\u017eenje GR\u00dcNE Neuberg\/Hessen vodila v prihodnost.<\/p>\n\n\n\n<p>Andreas K\u00f6gl in Andrea H\u00fcller sta bila soglasno izvoljena v izvr\u0161ni odbor. Posebna zahvala gre udele\u017eencem okro\u017enega odbora, ki so nam nocoj vzeli veliko \u010dasa in nas potrpe\u017eljivo seznanili s preoblikovanjem lokalnega zdru\u017eenja. Zahvaljujem se tudi na\u0161emu dolgoletnemu \u010dlanu Wernerju Kunklu za njegovo prisotnost in prej\u0161njemu drugemu predsedniku Markusu Waltherju, ki je odstopil s polo\u017eaja, saj bo v bli\u017enji prihodnosti svoje sredi\u0161\u010de \u017eivljenja preselil v Sa\u0161ko-Anhalt.<\/p>","protected":false},"excerpt":{"rendered":"<p>Andrea H\u00fcller in Andreas K\u00f6gel izvoljena za nova predsednika Gr\u00fcne Neuberg<\/p>","protected":false},"author":-1,"featured_media":1010,"comment_status":"open","ping_status":"open","sticky":false,"template":"","format":"standard","meta":{"footnotes":""},"categories":[4],"tags":[],"class_list":["post-1009","post","type-post","status-publish","format-standard","has-post-thumbnail","hentry","category-newsortsverbaende"],"_links":{"self":[{"href":"https:\/\/www.gruene-mkk.de\/sl\/wp-json\/wp\/v2\/posts\/1009","targetHints":{"allow":["GET"]}}],"collection":[{"href":"https:\/\/www.gruene-mkk.de\/sl\/wp-json\/wp\/v2\/posts"}],"about":[{"href":"https:\/\/www.gruene-mkk.de\/sl\/wp-json\/wp\/v2\/types\/post"}],"author":[{"embeddable":true,"href":"https:\/\/www.gruene-mkk.de\/sl\/wp-json\/wp\/v2\/users\/2"}],"replies":[{"embeddable":true,"href":"https:\/\/www.gruene-mkk.de\/sl\/wp-json\/wp\/v2\/comments?post=1009"}],"version-history":[{"count":1,"href":"https:\/\/www.gruene-mkk.de\/sl\/wp-json\/wp\/v2\/posts\/1009\/revisions"}],"predecessor-version":[{"id":1011,"href":"https:\/\/www.gruene-mkk.de\/sl\/wp-json\/wp\/v2\/posts\/1009\/revisions\/1011"}],"wp:featuredmedia":[{"embeddable":true,"href":"https:\/\/www.gruene-mkk.de\/sl\/wp-json\/wp\/v2\/media\/1010"}],"wp:attachment":[{"href":"https:\/\/www.gruene-mkk.de\/sl\/wp-json\/wp\/v2\/media?parent=1009"}],"wp:term":[{"taxonomy":"category","embeddable":true,"href":"https:\/\/www.gruene-mkk.de\/sl\/wp-json\/wp\/v2\/categories?post=1009"},{"taxonomy":"post_tag","embeddable":true,"href":"https:\/\/www.gruene-mkk.de\/sl\/wp-json\/wp\/v2\/tags?post=1009"}],"curies":[{"name":"wp","href":"https:\/\/api.w.org\/{rel}","templated":true}]}}