{"id":909,"date":"2022-02-18T14:31:07","date_gmt":"2022-02-18T13:31:07","guid":{"rendered":"https:\/\/www.gruene-mkk.de\/?p=909"},"modified":"2022-02-18T14:31:09","modified_gmt":"2022-02-18T13:31:09","slug":"am-radverkehrskonzept-beteiligen","status":"publish","type":"post","link":"https:\/\/www.gruene-mkk.de\/pl\/am-radverkehrskonzept-beteiligen\/","title":{"rendered":"Udzia\u0142 w koncepcji jazdy na rowerze"},"content":{"rendered":"<p><strong>Zielona grupa parlamentarna: We\u017a udzia\u0142 w ankiecie online na temat dzia\u0142a\u0144 \/ s\u0142owa musz\u0105 pod\u0105\u017ca\u0107 za dzia\u0142aniami<\/strong><\/p>\n\n\n\n<!--more-->\n\n\n\n<p>Grupa Zielonych wzywa mieszka\u0144c\u00f3w dzielnicy do wzi\u0119cia udzia\u0142u w internetowym g\u0142osowaniu nad koncepcj\u0105 jazdy na rowerze: \u201eDo ko\u0144ca lutego b\u0119dzie mo\u017cna oceni\u0107 i skomentowa\u0107 oko\u0142o 300 \u015brodk\u00f3w\u201d, m\u00f3wi Bernd Wietzorek, cz\u0142onek Komisji Transportu i \u015arodowiska.<\/p>\n\n\n\n<p>Dla Wietzorka \"jest jasne, \u017ce mobilno\u015b\u0107 zmieni si\u0119 w nadchodz\u0105cych latach. Jazda na rowerze stanie si\u0119 coraz wa\u017cniejsza\u201d. W ostatnich latach sta\u0142o si\u0119 jasne, \u017ce \u201ew tej dzielnicy wci\u0105\u017c pozostaje wiele do zrobienia. Wielka Koalicja w kr\u0119gu nadal macoch\u0119 podchodzi do jazdy na rowerze, zamiast wykazywa\u0107 konkretn\u0105 wol\u0119 jego wdro\u017cenia. Dlatego te\u017c Grupa jest teraz zadowolona z udzia\u0142u obywateli: \u201ePierwsze dni pokaza\u0142y, \u017ce wiele os\u00f3b jest zainteresowanych aktywnym uczestnictwem w rozleg\u0142ej sieci \u015bcie\u017cek rowerowych w dzielnicy\u201d.<\/p>\n\n\n\n<p>W ocenach na portalu internetowym priorytetowo traktowane s\u0105 wnioski dotycz\u0105ce \u015brodk\u00f3w opracowane przez biuro planowania \u201eRV-K\u201d z Frankfurtu. Ponadto dla ka\u017cdej propozycji znajduje si\u0119 opis i zdj\u0119cia. Do 28 lutego \u015brodki mog\u0105 by\u0107 <a href=\"http:\/\/www.radverkehrskonzept-mkk.de\">www.radverkehrskonzept-mkk.de<\/a> do g\u0142osowania.<\/p>\n\n\n\n<p>\"Jako Zieloni ju\u017c w 2017 r. wezwali\u015bmy do opracowania koncepcji \u015bcie\u017cki rowerowej\" - wyja\u015bnia Wietzorek. \u201ePierwsza wersja, kt\u00f3ra zosta\u0142a nast\u0119pnie opracowana przez kr\u0105g, zawiera\u0142a 90 \u015brodk\u00f3w, z kt\u00f3rych do tej pory nie wdro\u017cono \u017cadnych \u015brodk\u00f3w\u201d. Nast\u0119pnie zlecono drugie, ca\u0142o\u015bciowe podej\u015bcie: \u201eMamy nadziej\u0119, \u017ce wielkie og\u0142oszenie kr\u0119gu o stworzeniu ca\u0142o\u015bciowej koncepcji jazdy na rowerze nie tylko pozostanie zapowiedzi\u0105, ale \u017ce sugestie i g\u0142osy obywateli doprowadz\u0105 r\u00f3wnie\u017c do konkretnych rozkaz\u00f3w dotycz\u0105cych dzia\u0142a\u0144 i \u015brodk\u00f3w budowlanych\u201d.<\/p>\n\n\n\n<p>Dzi\u0119ki licznym dzia\u0142aniom Zieloni w powiecie i gminach ju\u017c teraz wspieraj\u0105 konkretn\u0105 zmian\u0119 w transporcie: \u201eOdby\u0142o si\u0119 mi\u0119dzy innymi wsp\u00f3lne wydarzenie z lokalnymi stowarzyszeniami z Biebergem\u00fcnd, W\u00e4chtersbach i Bad Orb z wiceprzewodnicz\u0105c\u0105 Landtagu Karin M\u00fcller na temat transformacji transportu w Hesji. Om\u00f3wiono tam liczne mo\u017cliwo\u015bci promowania zmiany w terenie na mobilno\u015b\u0107 przyjazn\u0105 dla klimatu. Popieramy r\u00f3wnie\u017c przeprowadzone przez VCD w Hesji referendum w sprawie \u201eVerkehrswende in Hessen\u201d, kt\u00f3re odbywa si\u0119 pod <a href=\"http:\/\/www.verkehrswende-hessen.de\">www.verkehrswende-hessen.de<\/a> mo\u017cna podpisa\u0107.\u201d<\/p>\n\n\n\n<p>W celu konkretnego wdro\u017cenia Wielka Koalicja musi r\u00f3wnie\u017c gruntownie zrewidowa\u0107 zaplanowan\u0105 w bud\u017cecie kwot\u0119 300 000 EUR: \u201ePomimo dotacji ze strony pa\u0144stwa i rz\u0105du federalnego Main-Kinzig-Kreis nie b\u0119dzie w stanie unikn\u0105\u0107 wydawania pieni\u0119dzy na \u015brodki w dziedzinie \u015bcie\u017cek rowerowych. Przy ilo\u015bci ustawionej w gospodarstwie domowym du\u017ce skoki nie s\u0105 mo\u017cliwe. Oczekujemy teraz, \u017ce po og\u0142oszeniach nast\u0105pi\u0105 dzia\u0142ania\" - podsumowa\u0142 Wietzorek.<\/p>\n\n\n\n<p><\/p>\n\n\n\n<hr class=\"wp-block-separator\"\/>\n\n\n\n<p>Zapytania do:<\/p>\n\n\n\n<p>Jakob M\u00e4hler<br>Dyrektor zarz\u0105dzaj\u0105cy grupy<br>Sojusz 90 \/ Zieloni Main-Kinzig<br>06181\/61596<br>0176\/46763336<br>fraktion@gruene-mkk.de<\/p>","protected":false},"excerpt":{"rendered":"<p>Zielona grupa parlamentarna: We\u017a udzia\u0142 w ankiecie online na temat dzia\u0142a\u0144 \/ s\u0142owa musz\u0105 pod\u0105\u017ca\u0107 za dzia\u0142aniami<\/p>","protected":false},"author":-1,"featured_media":0,"comment_status":"open","ping_status":"open","sticky":false,"template":"","format":"standard","meta":{"footnotes":""},"categories":[2],"tags":[],"class_list":["post-909","post","type-post","status-publish","format-standard","hentry","category-newskreistagsfraktion"],"_links":{"self":[{"href":"https:\/\/www.gruene-mkk.de\/pl\/wp-json\/wp\/v2\/posts\/909","targetHints":{"allow":["GET"]}}],"collection":[{"href":"https:\/\/www.gruene-mkk.de\/pl\/wp-json\/wp\/v2\/posts"}],"about":[{"href":"https:\/\/www.gruene-mkk.de\/pl\/wp-json\/wp\/v2\/types\/post"}],"author":[{"embeddable":true,"href":"https:\/\/www.gruene-mkk.de\/pl\/wp-json\/wp\/v2\/users\/5"}],"replies":[{"embeddable":true,"href":"https:\/\/www.gruene-mkk.de\/pl\/wp-json\/wp\/v2\/comments?post=909"}],"version-history":[{"count":1,"href":"https:\/\/www.gruene-mkk.de\/pl\/wp-json\/wp\/v2\/posts\/909\/revisions"}],"predecessor-version":[{"id":910,"href":"https:\/\/www.gruene-mkk.de\/pl\/wp-json\/wp\/v2\/posts\/909\/revisions\/910"}],"wp:attachment":[{"href":"https:\/\/www.gruene-mkk.de\/pl\/wp-json\/wp\/v2\/media?parent=909"}],"wp:term":[{"taxonomy":"category","embeddable":true,"href":"https:\/\/www.gruene-mkk.de\/pl\/wp-json\/wp\/v2\/categories?post=909"},{"taxonomy":"post_tag","embeddable":true,"href":"https:\/\/www.gruene-mkk.de\/pl\/wp-json\/wp\/v2\/tags?post=909"}],"curies":[{"name":"wp","href":"https:\/\/api.w.org\/{rel}","templated":true}]}}