{"id":902,"date":"2022-02-11T14:18:04","date_gmt":"2022-02-11T13:18:04","guid":{"rendered":"https:\/\/www.gruene-mkk.de\/?p=902"},"modified":"2022-02-11T14:18:04","modified_gmt":"2022-02-11T13:18:04","slug":"holger-fischer-als-rechtlicher-betreuer-nicht-mehr-tragbar","status":"publish","type":"post","link":"https:\/\/www.gruene-mkk.de\/pl\/holger-fischer-als-rechtlicher-betreuer-nicht-mehr-tragbar\/","title":{"rendered":"Holger Fischer nie jest ju\u017c akceptowany jako radca prawny"},"content":{"rendered":"<p><strong>Sprawy dotycz\u0105ce opieki musz\u0105 zosta\u0107 wycofane \/ cieszy\u0107 si\u0119 z wyroku Wy\u017cszego S\u0105du Krajowego we Frankfurcie<\/strong><em> \u00a0<\/em><\/p>\n\n\n\n<!--more-->\n\n\n\n<p>\"Cieszymy si\u0119 z jasnego wyroku Wy\u017cszego S\u0105du Okr\u0119gowego we Frankfurcie przeciwko lokalnemu bocznemu my\u015blicielowi Imke Otto\", m\u00f3wi komisja parlamentarna Zielonych Main-Kinzig, Reiner Bousonville, Viola Ha\u00dfdenteufel i Jakob M\u00e4hler. W ubieg\u0142\u0105 \u015brod\u0119 Wy\u017cszy S\u0105d Krajowy odrzuci\u0142 wst\u0119pne nakazy wydane przez inicjatora \u201eAllianz pro Grundgesetz\u201d za rzekome znies\u0142awiaj\u0105ce o\u015bwiadczenia przeciwko przewodnicz\u0105cym stowarzyszenia \u201eHand aufs Herz\u201d, Julii Hott i Alexowi Schopbachowi: \u201eWyra\u017anie pokazuje to, \u017ce jurysdykcja stoi r\u00f3wnie\u017c za jasnymi s\u0142owami, kt\u00f3re s\u0105 niezb\u0119dne w tych czasach\u201d.<\/p>\n\n\n\n<p>P\u00f3\u017aniejsze o\u015bwiadczenie bocznej grupy my\u015blicieli, \u017ce s\u0105d uzna\u0142 j\u0105 za \u201ewoln\u0105 od ptak\u00f3w\u201d, by\u0142o przera\u017caj\u0105ce: \u201ePo raz kolejny pokazuje to zniekszta\u0142cenie fakt\u00f3w oraz w\u0142\u0105czenie historii i symboliki, co jest charakterystyczne dla bocznej grupy my\u015blicieli \u00bbAlliance pro Grundgesetz\u00ab\u201d \u2013 powiedzia\u0142a kierowniczka grupy parlamentarnej.<\/p>\n\n\n\n<p>W regularnych demonstracjach przeciwko \u015brodkom koronawirusa wiod\u0105c\u0105 rol\u0119 przejmuje r\u00f3wnie\u017c prawnik Hanau Holger Fischer. Okr\u0119gowa grupa parlamentarna z wielkim niepokojem reaguje na raport Hessenschau, zgodnie z kt\u00f3rym Fischer odm\u00f3wi\u0142 niezb\u0119dnych szczepie\u0144 przeciwko koronawirusowi dw\u00f3m osobom powierzonym mu do opieki prawnej.<\/p>\n\n\n\n<p>Fischer jest od wielu lat zlecony przez s\u0105d rejonowy w Hanau i organ administracyjny okr\u0119gu jako opiekun prawny dla os\u00f3b doros\u0142ych, kt\u00f3re nie s\u0105 w stanie lub nie s\u0105 ju\u017c w stanie samodzielnie i niezale\u017cnie wykonywa\u0107 swoich osobistych czynno\u015bci prawnych. Zgodnie ze sprawozdaniem Hessenschau jest on obecnie sam prawnie odpowiedzialny za 79 spraw dotycz\u0105cych opieki, za kt\u00f3re ponosi du\u017c\u0105 odpowiedzialno\u015b\u0107 jako opiekun prawny i musi zawsze bra\u0107 pod uwag\u0119 dobro swoich klient\u00f3w poprzez sta\u0142y i regularny kontakt.<\/p>\n\n\n\n<p>\"Fakt powierzenia 79 os\u00f3b w dzielnicy Main-Kinzig prawnikowi Hanau Holgerowi Fischerowi, kt\u00f3ry jest jednym z czo\u0142owych umys\u0142\u00f3w w bocznym ruchu my\u015blicieli na obszarze Ren-Men i zosta\u0142 zauwa\u017cony z powodu przypadk\u00f3w wp\u0142ywu szczepie\u0144, musi zosta\u0107 zasadniczo zakwestionowany\" - powiedzia\u0142 Bousonville, Ha\u00dfdenteufel i M\u00e4hler.<\/p>\n\n\n\n<p>Zgodnie ze sprawozdaniem Hessenschau Fischer ma oko\u0142o 26 000 obserwuj\u0105cych w Telegramie i m\u00f3wi o szczepieniu przeciwko koronawirusowi w zwi\u0105zku z \u201eludob\u00f3jstwem\u201d oraz wzywa pa\u0144stwo do \u201eoczerniania\u201d. Prawnik napisa\u0142 w Telegramie o politykach: \u201eAlbo do tego czasu zabi\u0142e\u015b nas swoimi czynami i zastrzykami, albo sam sta\u0142e\u015b si\u0119 ich ofiar\u0105. bezpo\u015brednio lub po\u015brednio\u201d.&nbsp;<\/p>\n\n\n\n<p>\"O\u015bwiadczenia te s\u0105 nie do przyj\u0119cia dla prawnika, kt\u00f3ry opiekuje si\u0119 79 osobami\" - powiedzia\u0142o Prezydium Grupy. \u201eChocia\u017c z zadowoleniem nale\u017cy przyj\u0105\u0107 fakt, \u017ce s\u0105d rejonowy w Hanau postanowi\u0142 nie przyznawa\u0107 Fischerowi nowych mandat\u00f3w w zakresie wsparcia prawnego, konieczne jest, aby s\u0105d rejonowy i okr\u0119gowy przedstawi\u0142y rozwi\u0105zanie dla wci\u0105\u017c istniej\u0105cych mandat\u00f3w w zakresie wsparcia i ustali\u0142y, czy by\u0142y i s\u0105 jeszcze inne przypadki kontroli szczepie\u0144. O\u015bwiadczenie powiatu, \u017ce nie nale\u017cy ju\u017c proponowa\u0107 Fischera jako profesjonalnego doradcy, nie jest w tym przypadku wystarczaj\u0105ce\u201d. Grupa Zielonych popiera o\u015bwiadczenie burmistrza Hanau Clausa Kaminsky\u2019ego, aby zg\u0142osi\u0107 spraw\u0119 Izbie Adwokackiej i, w razie potrzeby, z\u0142o\u017cy\u0107 skarg\u0119 na Fischera, je\u015bli nie zosta\u0142a jeszcze z\u0142o\u017cona: \u201eS\u0105 to jasne s\u0142owa, kt\u00f3rych tutejszy kr\u0105g po raz kolejny nie dostrzega w odniesieniu do dzia\u0142alno\u015bci my\u015blicieli bocznych\u201d.&nbsp;&nbsp;<\/p>\n\n\n\n<p>W przypadku dyrektora grupy wydaje si\u0119, \u017ce odpowiedzialna opieka zdrowotna nie istnieje ju\u017c w sprawach dotycz\u0105cych opieki nad prawnikiem Fischerem, kt\u00f3re opieraj\u0105 si\u0119 na jego osobie i wykonywaniu zada\u0144 powierzonych mu w s\u0105dzie opieku\u0144czym: \u201eW takim przypadku istnieje mo\u017cliwo\u015b\u0107 z\u0142o\u017cenia wniosku o nadz\u00f3r. Powinno to by\u0107 wymagane nie tylko przez osoby nadzorowane i ich krewnych, ale przede wszystkim przez w\u0142a\u015bciwy s\u0105d nadzoruj\u0105cy we wsp\u00f3\u0142pracy z organem nadzoruj\u0105cym powiatu. Musz\u0105 zapewni\u0107 wycofanie tocz\u0105cych si\u0119 spraw dotycz\u0105cych opieki, tak aby osoby wymagaj\u0105ce szczeg\u00f3lnego traktowania i osoby pozostaj\u0105ce na utrzymaniu by\u0142y zawsze dobrze traktowane i uwzgl\u0119dniane w decyzji o szczepieniu, z uwzgl\u0119dnieniem ich wolnej woli. Ale prawdopodobnie najlepiej by\u0142oby jak najszybciej znale\u017a\u0107 nowych opiekun\u00f3w dla prawie 80 os\u00f3b\", podsumowuj\u0105 Bousonville, Ha\u00dfdenteufel i M\u00e4hler.<\/p>","protected":false},"excerpt":{"rendered":"<p>Sprawy dotycz\u0105ce opieki musz\u0105 zosta\u0107 wycofane \/ cieszy\u0107 si\u0119 z wyroku Wy\u017cszego S\u0105du Krajowego we Frankfurcie \u00a0<\/p>","protected":false},"author":-1,"featured_media":770,"comment_status":"open","ping_status":"open","sticky":false,"template":"","format":"standard","meta":{"footnotes":""},"categories":[2],"tags":[],"class_list":["post-902","post","type-post","status-publish","format-standard","has-post-thumbnail","hentry","category-newskreistagsfraktion"],"_links":{"self":[{"href":"https:\/\/www.gruene-mkk.de\/pl\/wp-json\/wp\/v2\/posts\/902","targetHints":{"allow":["GET"]}}],"collection":[{"href":"https:\/\/www.gruene-mkk.de\/pl\/wp-json\/wp\/v2\/posts"}],"about":[{"href":"https:\/\/www.gruene-mkk.de\/pl\/wp-json\/wp\/v2\/types\/post"}],"author":[{"embeddable":true,"href":"https:\/\/www.gruene-mkk.de\/pl\/wp-json\/wp\/v2\/users\/5"}],"replies":[{"embeddable":true,"href":"https:\/\/www.gruene-mkk.de\/pl\/wp-json\/wp\/v2\/comments?post=902"}],"version-history":[{"count":1,"href":"https:\/\/www.gruene-mkk.de\/pl\/wp-json\/wp\/v2\/posts\/902\/revisions"}],"predecessor-version":[{"id":903,"href":"https:\/\/www.gruene-mkk.de\/pl\/wp-json\/wp\/v2\/posts\/902\/revisions\/903"}],"wp:featuredmedia":[{"embeddable":true,"href":"https:\/\/www.gruene-mkk.de\/pl\/wp-json\/wp\/v2\/media\/770"}],"wp:attachment":[{"href":"https:\/\/www.gruene-mkk.de\/pl\/wp-json\/wp\/v2\/media?parent=902"}],"wp:term":[{"taxonomy":"category","embeddable":true,"href":"https:\/\/www.gruene-mkk.de\/pl\/wp-json\/wp\/v2\/categories?post=902"},{"taxonomy":"post_tag","embeddable":true,"href":"https:\/\/www.gruene-mkk.de\/pl\/wp-json\/wp\/v2\/tags?post=902"}],"curies":[{"name":"wp","href":"https:\/\/api.w.org\/{rel}","templated":true}]}}