{"id":900,"date":"2022-02-11T10:41:04","date_gmt":"2022-02-11T09:41:04","guid":{"rendered":"https:\/\/www.gruene-mkk.de\/?p=900"},"modified":"2024-09-05T14:45:15","modified_gmt":"2024-09-05T12:45:15","slug":"schnellstmoeglich-umfassende-digitale-loesung-schaffen","status":"publish","type":"post","link":"https:\/\/www.gruene-mkk.de\/pl\/schnellstmoeglich-umfassende-digitale-loesung-schaffen\/","title":{"rendered":"Stw\u00f3rz kompleksowe rozwi\u0105zanie cyfrowe tak szybko, jak to mo\u017cliwe"},"content":{"rendered":"<p><strong>\u015aledzenie kontakt\u00f3w i zg\u0142aszanie przypadk\u00f3w koronawirusa w szko\u0142ach nadal dzia\u0142a analogicznie w wielu miejscach<\/strong><\/p>\n\n\n\n<!--more-->\n\n\n\n<p>\"Szko\u0142y w dzielnicy Main-Kinzig musz\u0105 zosta\u0107 szybciej zdigitalizowane, aby lepiej sprosta\u0107 wyzwaniom zwi\u0105zanym z pandemi\u0105 koronawirusa ze wszystkimi jej wariantami i skutkami ubocznymi\" - powiedzia\u0142 Matthias Zach, rzecznik ds. polityki edukacyjnej grupy parlamentarnej Zielonych w dzielnicy Main-Kinzig. T\u0142em wniosku Zielonych s\u0105 formularze, kt\u00f3re nale\u017cy wype\u0142ni\u0107 r\u0119cznie w celu ustalenia kontakt\u00f3w zaka\u017anych i zg\u0142aszania przypadk\u00f3w koronawirusa.<\/p>\n\n\n\n<p>\u201eKompleksowe \u015bledzenie i system sprawozdawczo\u015bci s\u0105 i pozostan\u0105 wa\u017cne\u201d, wyja\u015bnia Zach. Nie jest ju\u017c aktualizowane, je\u017celi takich sprawozda\u0144 nie mo\u017cna udost\u0119pni\u0107 w formie cyfrowej organowi ds. zdrowia w okr\u0119gu Main-Kinzig: \"W obecnej sytuacji zaka\u017cenia takie przeszkody musz\u0105 zosta\u0107 usuni\u0119te tak szybko, jak to mo\u017cliwe, r\u00f3wnie\u017c w celu utrzymania funkcjonowania administracji powiatowej w innych obszarach.\" Ma to r\u00f3wnie\u017c kluczowe znaczenie dla przysz\u0142ych zada\u0144.<\/p>\n\n\n\n<p>Tutaj Zach nie widzi szk\u00f3\u0142, ale w\u0142a\u015bciciel szko\u0142y w odpowiedzialno\u015bci: \u201eNiestety rozpocz\u0119ta ofensywa cyfryzacji nadal nie osi\u0105gn\u0119\u0142a kompleksowego poziomu w wielu klasach w kr\u0119gu. Opr\u00f3cz tablic informacyjnych i zaj\u0119\u0107 na iPadzie obejmuje to r\u00f3wnie\u017c cyfryzacj\u0119 \u015bledzenia i zg\u0142aszania przypadk\u00f3w koronawirusa w sieci klasowej.\u201d To ju\u017c nie dzia\u0142a w urz\u0119dzie zdrowia, kt\u00f3ry nie mo\u017ce przetwarza\u0107 takich informacji cyfrowych: \u201eOrgan ds. zdrowia i szko\u0142y, w szczeg\u00f3lno\u015bci sekretariaty szk\u00f3\u0142, musz\u0105 mie\u0107 zapewnione warunki do cyfrowego rejestrowania i wykorzystywania codziennie otrzymywanych sprawozda\u0144\u201d.<\/p>\n\n\n\n<p>Odci\u0105\u017cy\u0142oby to r\u00f3wnie\u017c kadr\u0119 kierownicz\u0105 szk\u00f3\u0142 i nauczycieli, kt\u00f3rzy w\u0142o\u017cyli wiele wysi\u0142ku w nadal analogowe ustalanie kontakt\u00f3w zaka\u017anych. Zach wzywa zatem kr\u0105g do \"stworzenia tego dalszego rozwi\u0105zania cyfrowego tak szybko, jak to mo\u017cliwe\". Co jest cyfrowo mo\u017cliwe w dziedzinie bada\u0144 przesiewowych z\u0119b\u00f3w dzieci w szko\u0142ach i o\u015brodkach opieki dziennej, nale\u017cy pilnie rozszerzy\u0107 na zg\u0142oszenia os\u00f3b zaka\u017conych koronawirusem. Pandemia wyra\u017anie pokaza\u0142a istotne i jako\u015bciowe s\u0142abo\u015bci infrastruktury cyfrowej w dystrykcie Main-Kinzig. Obejmuj\u0105 one prac\u0119 w organach ds. zdrowia, mo\u017cliwo\u015bci pracy z domu i nauczania w domu\", powiedzia\u0142 rzecznik ds. polityki edukacyjnej.<\/p>\n\n\n\n<p>\u201eWysi\u0142ki na rzecz kompleksowej cyfryzacji dzielnicy Main-Kinzig we wszystkich obszarach i nie tylko umo\u017cliwienia wszystkim szybkiego internetu, ale tak\u017ce rozs\u0105dnego i oszcz\u0119dnego korzystania z niego musz\u0105 zachowa\u0107 si\u0142\u0119 nap\u0119dow\u0105, jak\u0105 mieli w czasach koalicji Zielonych wraz z SPD i wolnymi wyborcami oraz pod rz\u0105dami Landrata Ericha Pipy. Niestety, do pe\u0142nego potencja\u0142u podchodz\u0105 zbyt wolno obecni decydenci, a tym samym nie jest on w pe\u0142ni wykorzystywany\" - podsumowuje Zach.<\/p>\n\n\n\n<hr class=\"wp-block-separator\"\/>\n\n\n\n<p>Zapytania do:<\/p>\n\n\n\n<p>Jakob M\u00e4hler<br>Dyrektor zarz\u0105dzaj\u0105cy grupy<br>Sojusz 90 \/ Zieloni Main-Kinzig<\/p>\n\n\n\n<p>06181\/61596<br>0176\/46763336<\/p>\n\n\n\n<p>fraktion@gruene-mkk.de<\/p>","protected":false},"excerpt":{"rendered":"<p>\u015aledzenie kontakt\u00f3w i zg\u0142aszanie przypadk\u00f3w koronawirusa w szko\u0142ach nadal dzia\u0142a analogicznie w wielu miejscach<\/p>","protected":false},"author":-1,"featured_media":0,"comment_status":"open","ping_status":"open","sticky":false,"template":"","format":"standard","meta":{"footnotes":""},"categories":[2],"tags":[],"class_list":["post-900","post","type-post","status-publish","format-standard","hentry","category-newskreistagsfraktion"],"_links":{"self":[{"href":"https:\/\/www.gruene-mkk.de\/pl\/wp-json\/wp\/v2\/posts\/900","targetHints":{"allow":["GET"]}}],"collection":[{"href":"https:\/\/www.gruene-mkk.de\/pl\/wp-json\/wp\/v2\/posts"}],"about":[{"href":"https:\/\/www.gruene-mkk.de\/pl\/wp-json\/wp\/v2\/types\/post"}],"author":[{"embeddable":true,"href":"https:\/\/www.gruene-mkk.de\/pl\/wp-json\/wp\/v2\/users\/5"}],"replies":[{"embeddable":true,"href":"https:\/\/www.gruene-mkk.de\/pl\/wp-json\/wp\/v2\/comments?post=900"}],"version-history":[{"count":1,"href":"https:\/\/www.gruene-mkk.de\/pl\/wp-json\/wp\/v2\/posts\/900\/revisions"}],"predecessor-version":[{"id":901,"href":"https:\/\/www.gruene-mkk.de\/pl\/wp-json\/wp\/v2\/posts\/900\/revisions\/901"}],"wp:attachment":[{"href":"https:\/\/www.gruene-mkk.de\/pl\/wp-json\/wp\/v2\/media?parent=900"}],"wp:term":[{"taxonomy":"category","embeddable":true,"href":"https:\/\/www.gruene-mkk.de\/pl\/wp-json\/wp\/v2\/categories?post=900"},{"taxonomy":"post_tag","embeddable":true,"href":"https:\/\/www.gruene-mkk.de\/pl\/wp-json\/wp\/v2\/tags?post=900"}],"curies":[{"name":"wp","href":"https:\/\/api.w.org\/{rel}","templated":true}]}}