{"id":886,"date":"2022-02-01T16:22:33","date_gmt":"2022-02-01T15:22:33","guid":{"rendered":"https:\/\/www.gruene-mkk.de\/?p=886"},"modified":"2022-02-01T16:22:33","modified_gmt":"2022-02-01T15:22:33","slug":"situation-unnoetig-verschaerft","status":"publish","type":"post","link":"https:\/\/www.gruene-mkk.de\/pl\/situation-unnoetig-verschaerft\/","title":{"rendered":"Niepotrzebnie pogorszona sytuacja"},"content":{"rendered":"<p><strong>Zielona grupa parlamentarna: Erlensee pilnie musi powa\u017cnie potraktowa\u0107 now\u0105 szko\u0142\u0119 podstawow\u0105 \/ obawy w Gro\u00dfkrotzenburgu<\/strong><\/p>\n\n\n\n<!--more-->\n\n\n\n<p>\"Debata na temat rozwoju szk\u00f3\u0142 w dystrykcie Main-Kinzig, kt\u00f3ra trwa od miesi\u0119cy, oraz brak reakcji Wielkiej Koalicji w postaci przyj\u0119tego planu rozwoju szk\u00f3\u0142 niepotrzebnie pogorszy\u0142y sytuacj\u0119 w Erlensee i Gro\u00dfkrotzenburgu\" - m\u00f3wi Matthias Zach, rzecznik ds. polityki edukacyjnej grupy parlamentarnej Zielonych w dystrykcie Main-Kinzig. Obecnie brakuje zdolno\u015bci w sektorze szk\u00f3\u0142 podstawowych w Erlensee i Gro\u00dfkrotzenburgu. \u201eSytuacja w tym zakresie pogorszy si\u0119 w nadchodz\u0105cych latach\u201d.<\/p>\n\n\n\n<p>Rozwi\u0105zanie po stronie Main-Kinzig-Kreis \u201enie zosta\u0142o opracowane zgodnie z naszym obecnym stanem wiedzy. Zamiast przedstawia\u0107 konkretne propozycje rozwi\u0105za\u0144 publicznie i podejmowa\u0107 decyzje tak szybko, jak to mo\u017cliwe, kr\u0105g, jak sam pisze, anga\u017cuje si\u0119 jedynie w \u201eintensywne dyskusje\u201d, m\u00f3wi Zach. \u201eJednak\u017ce budowa nowej szko\u0142y podstawowej nie zostanie uko\u0144czona w ci\u0105gu kilku tygodni, a rozbudowa szko\u0142y Erlense w Eulenhof, kt\u00f3ra zosta\u0142a om\u00f3wiona, nie idzie z dnia na dzie\u0144\u201d. Obecnie mo\u017cna przewidzie\u0107, kiedy i jak wysoki b\u0119dzie popyt w nadchodz\u0105cych latach.<\/p>\n\n\n\n<p>\"Zazwyczaj plan rozwoju szko\u0142y dostarcza tych odpowiedzi i pokazuje Radzie Okr\u0119gowej konkretne \u015brodki na najbli\u017csze lata\" - m\u00f3wi Renate Tonecker-B\u00f6s, cz\u0142onek Rady Okr\u0119gowej w Erlense. Plan rozwoju szko\u0142y, kt\u00f3ry ma zosta\u0107 przyj\u0119ty na lata od 2021 r., jest zad\u0142u\u017cony od ponad roku, Winfried Ottmann, po tym jak pierwsza wersja zosta\u0142a odrzucona z powodu b\u0142\u0119d\u00f3w w tre\u015bci polityki szkolnej, b\u0142\u0119dnych liczb i pomini\u0119\u0107, a tak\u017ce b\u0142\u0119d\u00f3w pisowni i formatowania w radzie okr\u0119gu. \u201eTen brak perspektyw i wynikaj\u0105ca z niego bezczynno\u015b\u0107 w kontek\u015bcie rozwoju szko\u0142y musz\u0105 teraz k\u0105pa\u0107 uczni\u00f3w, a zw\u0142aszcza rodzic\u00f3w w Erlensee, je\u015bli nie ma ju\u017c wystarczaj\u0105cej liczby miejsc w szko\u0142ach podstawowych. Poniewa\u017c w ci\u0105gu najbli\u017cszych dw\u00f3ch\u2013trzech lat potrzebne b\u0119d\u0105 maksymalnie trzy poci\u0105gi nowej klasy\u201d. Do czasu pojawienia si\u0119 w\u0105skiego gard\u0142a jest to tylko kwestia czasu, m\u00f3wi Tonecker-B\u00f6s.<\/p>\n\n\n\n<p>Ten sam problem mo\u017cna teraz zaobserwowa\u0107 gdzie indziej. \u201eNie tylko w Erlensee, ale tak\u017ce w szkole podstawowej w Gro\u00dfkrotzenburgu miejsca powoli staj\u0105 si\u0119 rzadkie\u201d, m\u00f3wi Lucas B\u00e4uml, kandydat na zielonego burmistrza Gro\u00dfkrotzenburga. Tam liczba rodzin korzystaj\u0105cych z prawa do opieki w pe\u0142nym wymiarze godzin wzro\u015bnie z obecnych 30 do oko\u0142o 150 w 2029 r.: \u201eOznacza to, \u017ce nale\u017cy r\u00f3wnie\u017c wzmocni\u0107 istniej\u0105ce zdolno\u015bci. Wyra\u017anie brakuje mi zorientowanego na rozwi\u0105zania wsparcia gminy przez Main-Kinzig-Kreis jako promotora szko\u0142y\", B\u00e4uml z niepokojem patrzy na poprzednie podej\u015bcie dzielnicy, \u017ce istniej\u0105ce sale lekcyjne by\u0142yby wystarczaj\u0105ce do wdro\u017cenia opieki szkolnej.<\/p>\n\n\n\n<p>Okr\u0119gowa grupa parlamentarna zada\u0142a zatem katalog pyta\u0144 do Main-Kinzig-Kreis. Chcieliby\u015bmy wiedzie\u0107 mi\u0119dzy innymi, jak d\u0142ugo d\u0142u\u017cnik by\u0142 \u015bwiadomy braku popytu w Erlensee i Gro\u00dfkrotzenburgu i jakie konkretne kroki zosta\u0142y podj\u0119te od tego czasu - powiedzia\u0142 Zach. \u201ePonadto chcieliby\u015bmy konkretnego o\u015bwiadczenia administracji co do tego, kiedy nowe szko\u0142y podstawowe mog\u0105 zosta\u0107 uko\u0144czone i jakie jest rozwi\u0105zanie po stronie windykatora, gdyby nowy budynek nie zosta\u0142 zrealizowany na czas\u201d.<\/p>\n\n\n\n<p>Okr\u0119gowa grupa parlamentarna podnosi r\u00f3wnie\u017c kwesti\u0119 planu rozwoju szk\u00f3\u0142: \u201eChcieliby\u015bmy wiedzie\u0107, kiedy zostanie to ostatecznie przed\u0142o\u017cone w\u0142a\u015bciwym organom w celu uzyskania porady i czy opr\u00f3cz szko\u0142y podstawowej w Erlensee promowane b\u0119d\u0105 tam kolejne nowe budynki\u201d.<\/p>\n\n\n\n<p>Nie s\u0105 to jedyne tematy, na kt\u00f3re kr\u0105g obecnie nie wypowiada si\u0119. \u201eW zwi\u0105zku z tym wyposa\u017cenie szk\u00f3\u0142 ca\u0142odziennych, o kt\u00f3rym zadecydowa\u0142a rada okr\u0119gu, jest r\u00f3wnie\u017c<\/p>\n\n\n\n<p>z kafeteri\u0105 i poszerzeniem oferty gimnastycznej w Westkreis cz\u0119\u015b\u0107 naszego obszernego katalogu pyta\u0144. Mamy nadziej\u0119, \u017ce dostarczy to bardzo potrzebnych odpowiedzi na aktualne pytania w planowaniu rozwoju szko\u0142y w dystrykcie\" - podsumowuje Zach.<\/p>\n\n\n\n<hr class=\"wp-block-separator\"\/>\n\n\n\n<p>Zapytania do:<\/p>\n\n\n\n<p>Jakob M\u00e4hler<br>Dyrektor zarz\u0105dzaj\u0105cy grupy<br>Sojusz 90 \/ Zieloni Main-Kinzig<\/p>\n\n\n\n<p>06181\/61596<br>0176\/46763336<\/p>\n\n\n\n<p>fraktion@gruene-mkk.de<\/p>","protected":false},"excerpt":{"rendered":"<p>Zielona grupa parlamentarna: Erlensee pilnie musi powa\u017cnie potraktowa\u0107 now\u0105 szko\u0142\u0119 podstawow\u0105 \/ obawy w Gro\u00dfkrotzenburgu<\/p>","protected":false},"author":-1,"featured_media":0,"comment_status":"open","ping_status":"open","sticky":false,"template":"","format":"standard","meta":{"footnotes":""},"categories":[2],"tags":[],"class_list":["post-886","post","type-post","status-publish","format-standard","hentry","category-newskreistagsfraktion"],"_links":{"self":[{"href":"https:\/\/www.gruene-mkk.de\/pl\/wp-json\/wp\/v2\/posts\/886","targetHints":{"allow":["GET"]}}],"collection":[{"href":"https:\/\/www.gruene-mkk.de\/pl\/wp-json\/wp\/v2\/posts"}],"about":[{"href":"https:\/\/www.gruene-mkk.de\/pl\/wp-json\/wp\/v2\/types\/post"}],"author":[{"embeddable":true,"href":"https:\/\/www.gruene-mkk.de\/pl\/wp-json\/wp\/v2\/users\/5"}],"replies":[{"embeddable":true,"href":"https:\/\/www.gruene-mkk.de\/pl\/wp-json\/wp\/v2\/comments?post=886"}],"version-history":[{"count":1,"href":"https:\/\/www.gruene-mkk.de\/pl\/wp-json\/wp\/v2\/posts\/886\/revisions"}],"predecessor-version":[{"id":888,"href":"https:\/\/www.gruene-mkk.de\/pl\/wp-json\/wp\/v2\/posts\/886\/revisions\/888"}],"wp:attachment":[{"href":"https:\/\/www.gruene-mkk.de\/pl\/wp-json\/wp\/v2\/media?parent=886"}],"wp:term":[{"taxonomy":"category","embeddable":true,"href":"https:\/\/www.gruene-mkk.de\/pl\/wp-json\/wp\/v2\/categories?post=886"},{"taxonomy":"post_tag","embeddable":true,"href":"https:\/\/www.gruene-mkk.de\/pl\/wp-json\/wp\/v2\/tags?post=886"}],"curies":[{"name":"wp","href":"https:\/\/api.w.org\/{rel}","templated":true}]}}