{"id":806,"date":"2021-12-16T16:29:05","date_gmt":"2021-12-16T15:29:05","guid":{"rendered":"https:\/\/www.alles-bleibt-anders.org\/?p=806"},"modified":"2021-12-16T16:33:06","modified_gmt":"2021-12-16T15:33:06","slug":"buergermeisterkandidat-fuer-grosskrotzenburg","status":"publish","type":"post","link":"https:\/\/www.gruene-mkk.de\/pl\/buergermeisterkandidat-fuer-grosskrotzenburg\/","title":{"rendered":"Kandydat na burmistrza Gro\u00dfkrotzenburga"},"content":{"rendered":"<p>Lucas B\u00e4uml<\/p>\n\n\n\n<!--more-->\n\n\n\n<p>Lucas B\u00e4uml by\u0142 rzecznikiem Zielonych Krotzeboj\u00f3w i cz\u0142onkiem<br>Przedstawicielstwo mo\u017ce ju\u017c zdoby\u0107 kilkuletnie intensywne do\u015bwiadczenie w polityce lokalnej. Ze wzgl\u0119du na swoj\u0105 otwart\u0105 natur\u0119, rzetelno\u015b\u0107 i zdolno\u015b\u0107 do \u0142\u0105czenia r\u00f3\u017cnych stanowisk, cieszy si\u0119 szacunkiem i szacunkiem w organach politycznych. Nie boi si\u0119 jednak wyra\u017ca\u0107 swojego punktu widzenia ani wymienia\u0107 istniej\u0105cych problem\u00f3w, ale zawsze w zwi\u0105zku z konstruktywnymi propozycjami rozwi\u0105za\u0144. W swojej dzia\u0142alno\u015bci politycznej ma w\u0142asn\u0105 wizj\u0119 przysz\u0142o\u015bci Gro\u00dfkrotzenburga.<br>kt\u00f3re zostan\u0105 przedstawione bardziej szczeg\u00f3\u0142owo w najbli\u017cszych tygodniach, a w\u015br\u00f3d nich<br>Tematy<\/p>\n\n\n\n<p><br>Gro\u00dfkrotzenburg \u2013 miejsce do zamieszkania dla os\u00f3b m\u0142odych i starszych<br>Gro\u00dfkrotzenburg - Dzia\u0142ania przeciwko zmianom klimatu<br>Gro\u00dfkrotzenburg \u2013 blisko obywateli i skutecznie<br><\/p>\n\n\n\n<p>Mo\u017cna podsumowa\u0107.<br><\/p>\n\n\n\n<p>\u201eChc\u0119 przywr\u00f3ci\u0107 ruch naszej spo\u0142eczno\u015bci i po\u0142o\u017cy\u0107 kres niedosz\u0142ej kulturze\u201d, wyja\u015bnia Lucas B\u00e4uml. \u201eJako burmistrz widz\u0119 moj\u0105 rol\u0119 jako dozorcy, pioniera i mediatora. Jako kto\u015b, kto sprawia, \u017ce wszystko jest mo\u017cliwe\u201d.<\/p>\n\n\n\n<p><br>Przezwyci\u0119\u017cenie stagnacji w naszej spo\u0142eczno\u015bci i odtworzenie perspektyw jest aktem si\u0142y, kt\u00f3ry chce powstrzyma\u0107. Aby osi\u0105gn\u0105\u0107 ten cel, dwie rzeczy s\u0105 dla niego kluczowe. Z jednej strony nale\u017cy gruntownie zrewidowa\u0107 organizacj\u0119 zada\u0144, struktur\u0119 kadrow\u0105 i metody pracy administracji miejskiej, w tym przypadku s\u0105 to pracownicy<em>Zabierz go do \u015brodka. Lucas B\u00e4uml korzysta z wiedzy i umiej\u0119tno\u015bci zdobytych dzi\u0119ki ponad 10-letniemu do\u015bwiadczeniu zawodowemu w biznesie. Z drugiej strony chce ponownie stworzy\u0107 kolegialne wsp\u00f3\u0142istnienie, nie tylko mi\u0119dzy burmistrzem i przedstawicielem gminy, a tak\u017ce rad\u0105 gminy, ale tak\u017ce z obywatelami. \u201ePonowne odkrycie tej wsp\u00f3lnoty jest moim deklarowanym celem. Chcia\u0142bym wiedzie\u0107, co robi\u0105 miejscowi ludzie i chcia\u0142bym z nimi o tym porozmawia\u0107\", wyja\u015bnia Lucas B\u00e4uml. Lucas B\u00e4uml prowadzi ju\u017c o\u017cywion\u0105 wymian\u0119 pogl\u0105d\u00f3w z obywatelami<\/em>wewn\u0119trznych, rzemie\u015blnik\u00f3w i stowarzysze\u0144 oraz oczekuje na liczne impulsy i sugestie, a tak\u017ce na dalsze intensyfikowanie tego dialogu obywatelskiego w przysz\u0142o\u015bci.<br><\/p>\n\n\n\n<p>Lucas B\u00e4uml powtarza, \u017ce \u201eGro\u00dfkrotzenburg zmienia si\u0119 w wielu dziedzinach, co stanowi szans\u0119 na pozytywne zmiany. Potrzeba odwagi, by wkroczy\u0107 na nowy grunt. Jestem na to zdecydowanie gotowy\". Do Lucasa B\u00e4umla mo\u017cna dotrze\u0107 na Facebooku i Instagramie lub poczt\u0105 elektroniczn\u0105 na adres buergermeister@lucas2022.de<\/p>\n\n\n\n<p><\/p>","protected":false},"excerpt":{"rendered":"<p>Lucas B\u00e4uml<\/p>","protected":false},"author":-1,"featured_media":807,"comment_status":"open","ping_status":"open","sticky":false,"template":"","format":"standard","meta":{"footnotes":""},"categories":[4],"tags":[],"class_list":["post-806","post","type-post","status-publish","format-standard","has-post-thumbnail","hentry","category-newsortsverbaende"],"_links":{"self":[{"href":"https:\/\/www.gruene-mkk.de\/pl\/wp-json\/wp\/v2\/posts\/806","targetHints":{"allow":["GET"]}}],"collection":[{"href":"https:\/\/www.gruene-mkk.de\/pl\/wp-json\/wp\/v2\/posts"}],"about":[{"href":"https:\/\/www.gruene-mkk.de\/pl\/wp-json\/wp\/v2\/types\/post"}],"author":[{"embeddable":true,"href":"https:\/\/www.gruene-mkk.de\/pl\/wp-json\/wp\/v2\/users\/2"}],"replies":[{"embeddable":true,"href":"https:\/\/www.gruene-mkk.de\/pl\/wp-json\/wp\/v2\/comments?post=806"}],"version-history":[{"count":2,"href":"https:\/\/www.gruene-mkk.de\/pl\/wp-json\/wp\/v2\/posts\/806\/revisions"}],"predecessor-version":[{"id":810,"href":"https:\/\/www.gruene-mkk.de\/pl\/wp-json\/wp\/v2\/posts\/806\/revisions\/810"}],"wp:featuredmedia":[{"embeddable":true,"href":"https:\/\/www.gruene-mkk.de\/pl\/wp-json\/wp\/v2\/media\/807"}],"wp:attachment":[{"href":"https:\/\/www.gruene-mkk.de\/pl\/wp-json\/wp\/v2\/media?parent=806"}],"wp:term":[{"taxonomy":"category","embeddable":true,"href":"https:\/\/www.gruene-mkk.de\/pl\/wp-json\/wp\/v2\/categories?post=806"},{"taxonomy":"post_tag","embeddable":true,"href":"https:\/\/www.gruene-mkk.de\/pl\/wp-json\/wp\/v2\/tags?post=806"}],"curies":[{"name":"wp","href":"https:\/\/api.w.org\/{rel}","templated":true}]}}