{"id":796,"date":"2021-11-26T18:35:00","date_gmt":"2021-11-26T17:35:00","guid":{"rendered":"https:\/\/www.alles-bleibt-anders.org\/?p=796"},"modified":"2021-12-09T18:35:58","modified_gmt":"2021-12-09T17:35:58","slug":"aenderungsantrag-zum-haushalt-geringere-erhoehung-der-kreisumlage","status":"publish","type":"post","link":"https:\/\/www.gruene-mkk.de\/pl\/aenderungsantrag-zum-haushalt-geringere-erhoehung-der-kreisumlage\/","title":{"rendered":"Poprawka do bud\u017cetu: Zmniejszony wzrost op\u0142aty powiatowej"},"content":{"rendered":"<p><strong>Rada powiatu podejmuje decyzj\u0119 o:&nbsp;&nbsp;&nbsp;&nbsp;&nbsp; &nbsp;&nbsp;&nbsp;&nbsp;&nbsp;<\/strong><\/p>\n\n\n\n<p>Stawka zniesienia op\u0142aty powiatowej w roku obrotowym 2022 zostanie zwi\u0119kszona o 1,0 proc. do 33,47 proc.<\/p>\n\n\n\n<p><strong>Uzasadnienie:<\/strong><\/p>\n\n\n\n<p>Przez lata Main-Kinzig-Kreis wykazywa\u0142 wysokie nadwy\u017cki w zwyk\u0142ym wyniku, kt\u00f3re by\u0142y znacznie wy\u017csze ni\u017c planowano w poprzednich latach bud\u017cetowych.<\/p>\n\n\n\n<ul class=\"wp-block-list\"><li>W 2017 roku zaplanowano 1 mln euro, w rzeczywisto\u015bci by\u0142o to 36 mln euro<\/li><li>W 2018 r. zaplanowano 23 mln euro, w rzeczywisto\u015bci by\u0142o ich 53 mln.<\/li><li>W 2019 r. zaplanowano 22 mln euro, w rzeczywisto\u015bci by\u0142o to 48 mln euro.<\/li><li>W 2020 roku zaplanowano 15 milion\u00f3w euro, w rzeczywisto\u015bci b\u0119dzie to oko\u0142o 39 milion\u00f3w euro<\/li><\/ul>\n\n\n\n<p>Nadplanowane sprawozdania finansowe ciesz\u0105 i pomagaj\u0105 w dalszej konsolidacji finans\u00f3w dzielnicy Main-Kinzig. Z drugiej strony realistyczne planowanie wynik\u00f3w wyra\u017aniej wskazywa\u0142oby r\u00f3wnie\u017c na istniej\u0105c\u0105 tu swobod\u0119 finansow\u0105.<\/p>\n\n\n\n<p>W bud\u017cecie uzupe\u0142niaj\u0105cym na 2021 r. dop\u0142ata powiatowa zosta\u0142a zmniejszona o 2,5 % w celu odci\u0105\u017cenia w\u0142adz lokalnych w czasach pandemii koronawirusa i przeniesienia dalszej ulgi w kosztach zakwaterowania (KdU) na w\u0142adze lokalne.<\/p>\n\n\n\n<p>Obecny projekt bud\u017cetu przewiduje dwuprocentowy wzrost op\u0142aty powiatowej.<\/p>\n\n\n\n<p>W ten spos\u00f3b Main-Kinzig-Kreis chce osi\u0105gn\u0105\u0107 zwyk\u0142y roczny wynik w wysoko\u015bci oko\u0142o 15,9 miliona euro w bud\u017cecie zarobk\u00f3w i 278 681 euro w bud\u017cecie finansowym. Wed\u0142ug Landrat Thorsten Stolz nie ma tu pola manewru, a podwy\u017cszenie op\u0142aty powiatowej rok po obni\u017cce jest nieuniknione.<\/p>\n\n\n\n<p>Jednocze\u015bnie powiat planuje 26 nowych stanowisk na 2022 r., w tym 19 dodatkowych stanowisk urz\u0119dnik\u00f3w s\u0142u\u017cby cywilnej, co b\u0119dzie stanowi\u0107 sta\u0142e obci\u0105\u017cenie finansowe dla powiatu Main-Kinzig ze wzgl\u0119du na tworzone przepisy emerytalne. Tutaj nale\u017cy pod\u0105\u017ca\u0107 za przyk\u0142adami innych powiat\u00f3w i gmin, kt\u00f3re ju\u017c nie tworz\u0105 i nie zajmuj\u0105 nowych oficjalnych stanowisk. Zamiast tego nale\u017cy d\u0105\u017cy\u0107 do redukcji ponad 330 istniej\u0105cych stanowisk urz\u0119dnik\u00f3w do niezb\u0119dnego poziomu w perspektywie \u015brednioterminowej.<\/p>\n\n\n\n<p>Niezb\u0119dne inwestycje w wysoko\u015bci oko\u0142o 55 mln euro w wa\u017cnych obszarach, takich jak szko\u0142y, kliniki i cyfryzacja, wymagaj\u0105 nowego zad\u0142u\u017cenia netto w wysoko\u015bci oko\u0142o 25 mln euro. Niestety, wa\u017cne obszary inwestycyjne, takie jak ochrona klimatu i budowa \u015bcie\u017cek rowerowych, nie pojawiaj\u0105 si\u0119 w programie inwestycyjnym w og\u00f3le lub tylko przy niewielkim wolumenie inwestycji.<\/p>\n\n\n\n<p>Dostosowanie op\u0142aty powiatowej jest ostatni\u0105 opcj\u0105 zlikwidowania otwartych luk w finansowaniu, w zwi\u0105zku z czym nale\u017cy wykorzysta\u0107 istniej\u0105cy potencja\u0142 oszcz\u0119dno\u015bci, a op\u0142at\u0119 powiatow\u0105 nale\u017cy zwi\u0119kszy\u0107 maksymalnie o jeden punkt procentowy.<\/p>\n\n\n\n<p>W najbli\u017cszych latach celem powiatu powinno by\u0107 unikni\u0119cie dalszego obci\u0105\u017cania gmin i przypisanie wi\u0119kszej wagi czynnikowi konsolidacji bud\u017cetu w celu utrzymania zdolno\u015bci do dzia\u0142ania nie tylko w powiatu, ale tak\u017ce w gminach powiatu.<\/p>\n\n\n\n<p>Dzieje si\u0119 tak dlatego, \u017ce: Main-Kinzig-Kreis to przede wszystkim po\u0142\u0105czenie licznych gmin, dla kt\u00f3rych jako powiat mamy obowi\u0105zek dba\u0107.<\/p>","protected":false},"excerpt":{"rendered":"<p>Rada powiatu podejmuje decyzj\u0119 o:\u00a0\u00a0\u00a0\u00a0\u00a0 \u00a0\u00a0\u00a0\u00a0\u00a0 Stawka zniesienia op\u0142aty powiatowej w roku obrotowym 2022 zostanie zwi\u0119kszona o 1,0 proc. do 33,47 proc. Uzasadnienie: Dzielnica Main-Kinzig ma wysokie nadwy\u017cki w [...]<\/p>","protected":false},"author":-1,"featured_media":0,"comment_status":"open","ping_status":"open","sticky":false,"template":"","format":"standard","meta":{"footnotes":""},"categories":[9],"tags":[],"class_list":["post-796","post","type-post","status-publish","format-standard","hentry","category-antraege-und-anfragen"],"_links":{"self":[{"href":"https:\/\/www.gruene-mkk.de\/pl\/wp-json\/wp\/v2\/posts\/796","targetHints":{"allow":["GET"]}}],"collection":[{"href":"https:\/\/www.gruene-mkk.de\/pl\/wp-json\/wp\/v2\/posts"}],"about":[{"href":"https:\/\/www.gruene-mkk.de\/pl\/wp-json\/wp\/v2\/types\/post"}],"author":[{"embeddable":true,"href":"https:\/\/www.gruene-mkk.de\/pl\/wp-json\/wp\/v2\/users\/2"}],"replies":[{"embeddable":true,"href":"https:\/\/www.gruene-mkk.de\/pl\/wp-json\/wp\/v2\/comments?post=796"}],"version-history":[{"count":1,"href":"https:\/\/www.gruene-mkk.de\/pl\/wp-json\/wp\/v2\/posts\/796\/revisions"}],"predecessor-version":[{"id":797,"href":"https:\/\/www.gruene-mkk.de\/pl\/wp-json\/wp\/v2\/posts\/796\/revisions\/797"}],"wp:attachment":[{"href":"https:\/\/www.gruene-mkk.de\/pl\/wp-json\/wp\/v2\/media?parent=796"}],"wp:term":[{"taxonomy":"category","embeddable":true,"href":"https:\/\/www.gruene-mkk.de\/pl\/wp-json\/wp\/v2\/categories?post=796"},{"taxonomy":"post_tag","embeddable":true,"href":"https:\/\/www.gruene-mkk.de\/pl\/wp-json\/wp\/v2\/tags?post=796"}],"curies":[{"name":"wp","href":"https:\/\/api.w.org\/{rel}","templated":true}]}}