{"id":794,"date":"2021-11-26T18:29:00","date_gmt":"2021-11-26T17:29:00","guid":{"rendered":"https:\/\/www.alles-bleibt-anders.org\/?p=794"},"modified":"2021-12-09T18:35:01","modified_gmt":"2021-12-09T17:35:01","slug":"aenderungsantrag-zum-haushalt-foerdertopf-fuer-hochwasserschutz","status":"publish","type":"post","link":"https:\/\/www.gruene-mkk.de\/pl\/aenderungsantrag-zum-haushalt-foerdertopf-fuer-hochwasserschutz\/","title":{"rendered":"Poprawka do bud\u017cetu: Pojemnik na przeno\u015bniki do ochrony przeciwpowodziowej"},"content":{"rendered":"<p><strong>Rada powiatu podejmuje decyzj\u0119 o:&nbsp;&nbsp;&nbsp;&nbsp;&nbsp; &nbsp;&nbsp;&nbsp;&nbsp;&nbsp;<\/strong><\/p>\n\n\n\n<ol class=\"wp-block-list\"><li>Main-Kinzig-Kreis tworzy pompowni\u0119 dla \u015brodk\u00f3w ochrony przeciwpowodziowej.<\/li><li>Pula \u015brodk\u00f3w finansowych obejmuje 100 000 euro i jest dost\u0119pna dla gmin klimatycznych, kt\u00f3re ju\u017c przeprowadzi\u0142y mapy \u015bcie\u017cek przep\u0142ywu i analizy ulewnych deszczy i chc\u0105 wdro\u017cy\u0107 dalsze \u015brodki ochrony przeciwpowodziowej.<\/li><li>Maksymalna kwota finansowania na gmin\u0119 wynosi 10 000 euro.<\/li><li>Pula \u015brodk\u00f3w finansowych znajduje si\u0119 w Urz\u0119dzie ds. Ochrony Przyrody, \u015arodowiska, Rolnictwa i Kontroli Chor\u00f3b Zwierz\u0105t. Komisja Gospodarcza, Transportu, \u015arodowiska Naturalnego i Rolnictwa podejmuje decyzj\u0119 o przyznaniu dotacji co sze\u015b\u0107 miesi\u0119cy.<\/li><\/ol>\n\n\n\n<p><strong>Uzasadnienie:<\/strong><\/p>\n\n\n\n<p>Temat ochrony przeciwpowodziowej jest obecny nie tylko od czasu katastrofalnej powodzi w lipcu i powodzi w dzielnicy w styczniu tego roku.<\/p>\n\n\n\n<p>Jednak wiele projekt\u00f3w w dziedzinie ochrony przeciwpowodziowej wymaga wielu lat, aby zosta\u0107 zatwierdzonym i wdro\u017conym. Z szeroko zakrojonego dochodzenia przeprowadzonego przez grup\u0119 parlamentarn\u0105 Zielonych wynika, \u017ce niezb\u0119dne zbiorniki retencyjne utkn\u0119\u0142y w procesie zatwierdzania od lat.<\/p>\n\n\n\n<p>Ochrona przeciwpowodziowa jest obecnie r\u00f3wnie\u017c coraz wa\u017cniejszym tematem w miastach i gminach powiatu Main-Kinzig. Aby zaradzi\u0107 tej sytuacji, kraj wspiera tworzenie map \u015bcie\u017cek przep\u0142ywu i analiz ulewnych deszczy dla spo\u0142eczno\u015bci klimatycznych ze 100-procentow\u0105 dotacj\u0105.<\/p>\n\n\n\n<p>Wyniki dochodze\u0144 cz\u0119sto prowadz\u0105 do podj\u0119cia niezb\u0119dnych \u015brodk\u00f3w, kt\u00f3re w\u0142adze lokalne musz\u0105 wzi\u0105\u0107 w swoje r\u0119ce. Opr\u00f3cz wsparcia pa\u0144stwa i rz\u0105du federalnego, Main-Kinzig-Kreis powinien r\u00f3wnie\u017c wype\u0142nia\u0107 swoj\u0105 odpowiedzialno\u015b\u0107 za gminy i zapewnia\u0107 odpowiednie wsparcie gminom, kt\u00f3re chc\u0105 zainicjowa\u0107 dalsze dzia\u0142ania na rzecz ochrony przeciwpowodziowej.<\/p>\n\n\n\n<p>Dlatego bud\u017cet Main-Kinzig-Kreis ma zosta\u0107 ustalony na 100 000 euro jako pula finansowania, w kt\u00f3rej poszczeg\u00f3lne gminy mog\u0105 wezwa\u0107 do 10 000 euro na projekty ochrony przeciwpowodziowej.<\/p>\n\n\n\n<p>Komisja Ochrony \u015arodowiska ma omawia\u0107 i decydowa\u0107 o finansowaniu i poziomach finansowania indywidualnie dla ka\u017cdego przypadku.&nbsp;<\/p>","protected":false},"excerpt":{"rendered":"<p>Rada powiatu podejmuje decyzj\u0119 o:\u00a0\u00a0\u00a0\u00a0\u00a0 \u00a0\u00a0\u00a0\u00a0\u00a0 Main-Kinzig-Kreis tworzy pompowni\u0119 dla \u015brodk\u00f3w ochrony przeciwpowodziowej. Pula \u015brodk\u00f3w finansowych obejmuje 100 000 euro i jest dost\u0119pna dla gmin klimatycznych, kt\u00f3re ju\u017c przeprowadzi\u0142y mapy \u015bcie\u017cek przep\u0142ywu i analizy ulewnych deszczy oraz [...]<\/p>","protected":false},"author":-1,"featured_media":0,"comment_status":"open","ping_status":"open","sticky":false,"template":"","format":"standard","meta":{"footnotes":""},"categories":[9],"tags":[],"class_list":["post-794","post","type-post","status-publish","format-standard","hentry","category-antraege-und-anfragen"],"_links":{"self":[{"href":"https:\/\/www.gruene-mkk.de\/pl\/wp-json\/wp\/v2\/posts\/794","targetHints":{"allow":["GET"]}}],"collection":[{"href":"https:\/\/www.gruene-mkk.de\/pl\/wp-json\/wp\/v2\/posts"}],"about":[{"href":"https:\/\/www.gruene-mkk.de\/pl\/wp-json\/wp\/v2\/types\/post"}],"author":[{"embeddable":true,"href":"https:\/\/www.gruene-mkk.de\/pl\/wp-json\/wp\/v2\/users\/2"}],"replies":[{"embeddable":true,"href":"https:\/\/www.gruene-mkk.de\/pl\/wp-json\/wp\/v2\/comments?post=794"}],"version-history":[{"count":1,"href":"https:\/\/www.gruene-mkk.de\/pl\/wp-json\/wp\/v2\/posts\/794\/revisions"}],"predecessor-version":[{"id":795,"href":"https:\/\/www.gruene-mkk.de\/pl\/wp-json\/wp\/v2\/posts\/794\/revisions\/795"}],"wp:attachment":[{"href":"https:\/\/www.gruene-mkk.de\/pl\/wp-json\/wp\/v2\/media?parent=794"}],"wp:term":[{"taxonomy":"category","embeddable":true,"href":"https:\/\/www.gruene-mkk.de\/pl\/wp-json\/wp\/v2\/categories?post=794"},{"taxonomy":"post_tag","embeddable":true,"href":"https:\/\/www.gruene-mkk.de\/pl\/wp-json\/wp\/v2\/tags?post=794"}],"curies":[{"name":"wp","href":"https:\/\/api.w.org\/{rel}","templated":true}]}}