{"id":790,"date":"2021-11-26T18:19:00","date_gmt":"2021-11-26T17:19:00","guid":{"rendered":"https:\/\/www.alles-bleibt-anders.org\/?p=790"},"modified":"2021-12-09T18:28:55","modified_gmt":"2021-12-09T17:28:55","slug":"aenderungsantrag-zum-haushalt-einstellung-eines-einer-mobilitaetsbeauftragten","status":"publish","type":"post","link":"https:\/\/www.gruene-mkk.de\/pl\/aenderungsantrag-zum-haushalt-einstellung-eines-einer-mobilitaetsbeauftragten\/","title":{"rendered":"Poprawka do bud\u017cetu: Rekrutacja urz\u0119dnika ds. mobilno\u015bci"},"content":{"rendered":"<p><strong>Rada powiatu podejmuje decyzj\u0119 o:&nbsp;&nbsp;&nbsp;&nbsp;&nbsp; &nbsp;&nbsp;&nbsp;&nbsp;&nbsp;<\/strong><\/p>\n\n\n\n<ol class=\"wp-block-list\"><li>Komitet Okr\u0119gowy ma za zadanie utworzenie stanowiska urz\u0119dnika ds. mobilno\u015bci w Biurze 65 (Szko\u0142y, Administracja Budynkami i Nieruchomo\u015bciami oraz S\u0142u\u017cby Centralne).<\/li><li>W tym celu do planu zatrudnienia dodano 1,0 stanowiska.<\/li><li>Do zada\u0144 urz\u0119dnika ds. mobilno\u015bci nale\u017cy:<ol><li>Wdro\u017cenie koncepcji mobilno\u015bci<\/li><li>Wzmocnienie transportu bezemisyjnego<\/li><li>Wdra\u017canie koncepcji rowerowych<\/li><li>Mediacja mi\u0119dzy w\u0142adzami federalnymi, stanowymi, powiatowymi i gminnymi<\/li><li>Zr\u00f3wnowa\u017cone tworzenie sieci gmin<\/li><li>Osoba kontaktowa ds. wszystkich zada\u0144 zwi\u0105zanych z zarz\u0105dzaniem mobilno\u015bci\u0105<\/li><\/ol><\/li><li>Ocena stanowiska urz\u0119dnika ds. mobilno\u015bci odb\u0119dzie si\u0119 po roku w Komisji Spraw Gospodarczych, Energii, Transportu, \u015arodowiska Naturalnego i Rolnictwa.<\/li><li>Regularne raportowanie odbywa si\u0119 co sze\u015b\u0107 miesi\u0119cy, ale co najmniej raz w roku, w WEVUL<\/li><\/ol>\n\n\n\n<p><strong>Uzasadnienie:<\/strong><\/p>\n\n\n\n<p>Spos\u00f3b, w jaki ludzie si\u0119 przemieszczaj\u0105, jest obecnie w stanie przewrotu. Ta zmiana mobilno\u015bci stwarza nowe wyzwania dla miast i gmin, a tak\u017ce dla okr\u0119g\u00f3w wiejskich.<\/p>\n\n\n\n<p>Jednym z g\u0142\u00f3wnych zada\u0144 us\u0142ug komunalnych \u015bwiadczonych w interesie og\u00f3lnym jest rozwa\u017cenie i wdro\u017cenie mobilno\u015bci zgodnej z zasadami zr\u00f3wnowa\u017conego rozwoju. Z tego powodu, opr\u00f3cz dw\u00f3ch koncepcji rowerowych, Main-Kinzig-Kreis uruchomi\u0142 r\u00f3wnie\u017c koncepcj\u0119 mobilno\u015bci, kt\u00f3rej realizacja stanie si\u0119 teraz wa\u017cnym zadaniem w nadchodz\u0105cych latach.<\/p>\n\n\n\n<p>Urz\u0119dnik ds. mobilno\u015bci organizuje zadanie przekrojowe w celu po\u015bredniczenia mi\u0119dzy wyznaczonymi urz\u0119dami, powiatem i gminami. W dalszej kolejno\u015bci urz\u0119dnik ds. mobilno\u015bci zapewnia dalsz\u0105 wsp\u00f3\u0142prac\u0119 mi\u0119dzy powiatem a gminami.<\/p>\n\n\n\n<p>Jednocze\u015bnie, opr\u00f3cz realizacji deklaracji misji w zakresie mobilno\u015bci, jednym z jego zada\u0144 jest przyczynianie si\u0119 do wzmocnienia transportu bezemisyjnego, w szczeg\u00f3lno\u015bci do realizacji koncepcji transportu rowerowego.<\/p>\n\n\n\n<p>Urz\u0119dnik ds. mobilno\u015bci jest r\u00f3wnie\u017c osob\u0105 kontaktow\u0105 do wszystkich zada\u0144 zwi\u0105zanych z zarz\u0105dzaniem mobilno\u015bci\u0105 w powiecie Main-Kinzig i prowadzi zr\u00f3wnowa\u017con\u0105 sie\u0107 gmin w kwestiach mobilno\u015bci mi\u0119dzytransportowej.<\/p>","protected":false},"excerpt":{"rendered":"<p>Rada powiatu podejmuje decyzj\u0119 o:\u00a0\u00a0\u00a0\u00a0\u00a0 \u00a0\u00a0\u00a0\u00a0\u00a0 Komitet Okr\u0119gowy ma za zadanie utworzenie stanowiska urz\u0119dnika ds. mobilno\u015bci w Biurze 65 (Szko\u0142y, Administracja Budynkami i Nieruchomo\u015bciami oraz S\u0142u\u017cby Centralne). W tym celu 1,0 stanowiska w planie zatrudnienia [...]<\/p>","protected":false},"author":-1,"featured_media":0,"comment_status":"open","ping_status":"open","sticky":false,"template":"","format":"standard","meta":{"footnotes":""},"categories":[9],"tags":[],"class_list":["post-790","post","type-post","status-publish","format-standard","hentry","category-antraege-und-anfragen"],"_links":{"self":[{"href":"https:\/\/www.gruene-mkk.de\/pl\/wp-json\/wp\/v2\/posts\/790","targetHints":{"allow":["GET"]}}],"collection":[{"href":"https:\/\/www.gruene-mkk.de\/pl\/wp-json\/wp\/v2\/posts"}],"about":[{"href":"https:\/\/www.gruene-mkk.de\/pl\/wp-json\/wp\/v2\/types\/post"}],"author":[{"embeddable":true,"href":"https:\/\/www.gruene-mkk.de\/pl\/wp-json\/wp\/v2\/users\/2"}],"replies":[{"embeddable":true,"href":"https:\/\/www.gruene-mkk.de\/pl\/wp-json\/wp\/v2\/comments?post=790"}],"version-history":[{"count":1,"href":"https:\/\/www.gruene-mkk.de\/pl\/wp-json\/wp\/v2\/posts\/790\/revisions"}],"predecessor-version":[{"id":793,"href":"https:\/\/www.gruene-mkk.de\/pl\/wp-json\/wp\/v2\/posts\/790\/revisions\/793"}],"wp:attachment":[{"href":"https:\/\/www.gruene-mkk.de\/pl\/wp-json\/wp\/v2\/media?parent=790"}],"wp:term":[{"taxonomy":"category","embeddable":true,"href":"https:\/\/www.gruene-mkk.de\/pl\/wp-json\/wp\/v2\/categories?post=790"},{"taxonomy":"post_tag","embeddable":true,"href":"https:\/\/www.gruene-mkk.de\/pl\/wp-json\/wp\/v2\/tags?post=790"}],"curies":[{"name":"wp","href":"https:\/\/api.w.org\/{rel}","templated":true}]}}