{"id":788,"date":"2021-11-26T18:18:00","date_gmt":"2021-11-26T17:18:00","guid":{"rendered":"https:\/\/www.alles-bleibt-anders.org\/?p=788"},"modified":"2021-12-09T18:19:26","modified_gmt":"2021-12-09T17:19:26","slug":"aenderungsantrag-zum-haushalt-mehr-geld-fuer-radwege","status":"publish","type":"post","link":"https:\/\/www.gruene-mkk.de\/pl\/aenderungsantrag-zum-haushalt-mehr-geld-fuer-radwege\/","title":{"rendered":"Poprawka do bud\u017cetu: Wi\u0119cej pieni\u0119dzy na \u015bcie\u017cki rowerowe"},"content":{"rendered":"<p><strong>Rada powiatu podejmuje decyzj\u0119 o:&nbsp;&nbsp;&nbsp;&nbsp;&nbsp; &nbsp;&nbsp;&nbsp;&nbsp;&nbsp;<\/strong><\/p>\n\n\n\n<p>\u015arodki na rozbudow\u0119 \u015bcie\u017cki rowerowej zostan\u0105 zwi\u0119kszone z 300 tys. euro do 1,5 mln euro.<\/p>\n\n\n\n<p><strong>Uzasadnienie:<\/strong><\/p>\n\n\n\n<p>Jazda na rowerze znacznie wzro\u015bnie w nadchodz\u0105cych latach. Aby promowa\u0107 t\u0119 zr\u00f3wnowa\u017con\u0105 mobilno\u015b\u0107, potrzebne s\u0105 odpowiednie \u015brodki bud\u017cetowe.<\/p>\n\n\n\n<p>Jednocze\u015bnie koncepcja jazdy na rowerze ma zosta\u0107 uko\u0144czona na pocz\u0105tku 2022 r. Aby szybko wdro\u017cy\u0107 konkretne \u015brodki wynikaj\u0105ce z tej koncepcji, bud\u017cet w wysoko\u015bci 300 000 EUR nie jest wystarczaj\u0105cy, zw\u0142aszcza je\u015bli, zgodnie z decyzj\u0105 Wielkiej Koalicji, maj\u0105 zosta\u0107 wybudowane miejsca parkingowe dla rower\u00f3w nadal obj\u0119te tym bud\u017cetem.<\/p>\n\n\n\n<p>\u017baden z 90 \u015brodk\u00f3w nie zosta\u0142 wdro\u017cony zgodnie z pierwotn\u0105 koncepcj\u0105 \u015bcie\u017cki rowerowej. Pokazuje to nie tylko niech\u0119\u0107 do inwestowania w rozbudow\u0119 \u015bcie\u017cek rowerowych, ale tak\u017ce brak swobody finansowej, jak\u0105 da\u0142o sobie kierownictwo dzielnicy ze wzgl\u0119du na w\u0142asne ograniczenia w bud\u017cecie.<\/p>\n\n\n\n<p>W ostatnich latach na rozbudow\u0119 dr\u00f3g powiatowych wydano oko\u0142o 12 mln euro. Podej\u015bcie, kt\u00f3re wybrali\u015bmy do rozszerzenia \u015bcie\u017cek rowerowych, wynosi zatem tylko oko\u0142o 10 % istniej\u0105cych funduszy na budow\u0119 dr\u00f3g.<\/p>\n\n\n\n<p>Opr\u00f3cz konkretnych ulepsze\u0144 istnieje pilna potrzeba konkretnej rozbudowy i nowej budowy \u015bcie\u017cek rowerowych na drogach powiatowych w celu zwi\u0119kszenia sieci \u015bcie\u017cek rowerowych i zwi\u0119kszenia atrakcyjno\u015bci jazdy na rowerze.<\/p>\n\n\n\n<p>Aby d\u0142ugoterminowe przej\u015bcie na mobilno\u015b\u0107 neutraln\u0105 dla klimatu zako\u0144czy\u0142o si\u0119 sukcesem, dzielnica Main-Kinzig musi po\u0142o\u017cy\u0107 podwaliny pod rozbudow\u0119 odpowiedniej infrastruktury \u015bcie\u017cek rowerowych.<\/p>","protected":false},"excerpt":{"rendered":"<p>Rada powiatu podejmuje decyzj\u0119 o:\u00a0\u00a0\u00a0\u00a0\u00a0 \u00a0\u00a0\u00a0\u00a0\u00a0 \u015arodki na rozbudow\u0119 \u015bcie\u017cki rowerowej zostan\u0105 zwi\u0119kszone z 300 tys. euro do 1,5 mln euro. Uzasadnienie: Jazda na rowerze znacznie wzro\u015bnie w nadchodz\u0105cych latach. Do tych [...]<\/p>","protected":false},"author":-1,"featured_media":0,"comment_status":"open","ping_status":"open","sticky":false,"template":"","format":"standard","meta":{"footnotes":""},"categories":[9],"tags":[],"class_list":["post-788","post","type-post","status-publish","format-standard","hentry","category-antraege-und-anfragen"],"_links":{"self":[{"href":"https:\/\/www.gruene-mkk.de\/pl\/wp-json\/wp\/v2\/posts\/788","targetHints":{"allow":["GET"]}}],"collection":[{"href":"https:\/\/www.gruene-mkk.de\/pl\/wp-json\/wp\/v2\/posts"}],"about":[{"href":"https:\/\/www.gruene-mkk.de\/pl\/wp-json\/wp\/v2\/types\/post"}],"author":[{"embeddable":true,"href":"https:\/\/www.gruene-mkk.de\/pl\/wp-json\/wp\/v2\/users\/2"}],"replies":[{"embeddable":true,"href":"https:\/\/www.gruene-mkk.de\/pl\/wp-json\/wp\/v2\/comments?post=788"}],"version-history":[{"count":1,"href":"https:\/\/www.gruene-mkk.de\/pl\/wp-json\/wp\/v2\/posts\/788\/revisions"}],"predecessor-version":[{"id":789,"href":"https:\/\/www.gruene-mkk.de\/pl\/wp-json\/wp\/v2\/posts\/788\/revisions\/789"}],"wp:attachment":[{"href":"https:\/\/www.gruene-mkk.de\/pl\/wp-json\/wp\/v2\/media?parent=788"}],"wp:term":[{"taxonomy":"category","embeddable":true,"href":"https:\/\/www.gruene-mkk.de\/pl\/wp-json\/wp\/v2\/categories?post=788"},{"taxonomy":"post_tag","embeddable":true,"href":"https:\/\/www.gruene-mkk.de\/pl\/wp-json\/wp\/v2\/tags?post=788"}],"curies":[{"name":"wp","href":"https:\/\/api.w.org\/{rel}","templated":true}]}}