{"id":786,"date":"2021-11-26T18:16:00","date_gmt":"2021-11-26T17:16:00","guid":{"rendered":"https:\/\/www.alles-bleibt-anders.org\/?p=786"},"modified":"2021-12-09T18:17:43","modified_gmt":"2021-12-09T17:17:43","slug":"aenderungsantrag-zum-haushalt-einrichtung-einer-antidiskriminierungsstelle","status":"publish","type":"post","link":"https:\/\/www.gruene-mkk.de\/pl\/aenderungsantrag-zum-haushalt-einrichtung-einer-antidiskriminierungsstelle\/","title":{"rendered":"Poprawka do bud\u017cetu: Ustanowienie organu antydyskryminacyjnego"},"content":{"rendered":"<p><strong>Rada powiatu podejmuje decyzj\u0119 o:&nbsp;&nbsp;&nbsp;&nbsp;&nbsp; &nbsp;&nbsp;&nbsp;&nbsp;&nbsp;<\/strong><\/p>\n\n\n\n<ol class=\"wp-block-list\"><li>Komitet Okr\u0119gowy ma za zadanie ustanowienie organu antydyskryminacyjnego w Biurze 32 (Bezpiecze\u0144stwo, Porz\u0105dek, Migracja i Integracja).<\/li><li>W tym celu do planu zatrudnienia dodano 1,0 stanowiska.<\/li><li>Organ ds. Przeciwdzia\u0142ania Dyskryminacji skoncentruje si\u0119 na nast\u0119puj\u0105cych zadaniach:<ol><li>Pierwszy punkt kontaktowy i doradztwo dla os\u00f3b dotkni\u0119tych dyskryminacj\u0105<\/li><li>Informacje na temat roszcze\u0144 os\u00f3b, kt\u00f3rych dane dotycz\u0105<\/li><li>dzia\u0142ania informacyjne<\/li><li>\u015arodki zapobiegaj\u0105ce dyskryminacji<\/li><li>Prowadzenie bada\u0144 naukowych<\/li><li>Regularna sprawozdawczo\u015b\u0107 w odpowiednich organach<\/li><\/ol><\/li><li>Ocena stanowiska urz\u0119dnika ds. przeciwdzia\u0142ania dyskryminacji odb\u0119dzie si\u0119 po roku w Komisji Spraw Spo\u0142ecznych, Spraw Rodzinnych, Os\u00f3b Starszych i Demografii.<\/li><li>Regularna sprawozdawczo\u015b\u0107 odbywa si\u0119 co sze\u015b\u0107 miesi\u0119cy, ale co najmniej raz w roku, w SFSD.&nbsp;<\/li><\/ol>\n\n\n\n<p><strong>Uzasadnienie:<\/strong><\/p>\n\n\n\n<p>Urz\u0119dnik ds. przeciwdzia\u0142ania dyskryminacji jest pierwszym punktem kontaktowym dla os\u00f3b dotkni\u0119tych dyskryminacj\u0105. Opr\u00f3cz porady mo\u017ce to r\u00f3wnie\u017c informowa\u0107 o wszelkich roszczeniach os\u00f3b poszkodowanych.<\/p>\n\n\n\n<p>Dyskryminacja obejmuje przypisywanie rasowe ze wzgl\u0119du na pochodzenie, przynale\u017cno\u015b\u0107 religijn\u0105, p\u0142e\u0107, orientacj\u0119 seksualn\u0105 i pochodzenie spo\u0142eczne, a tak\u017ce dyskryminacj\u0119 i poni\u017canie, n\u0119kanie i stygmatyzacj\u0119.<\/p>\n\n\n\n<p>Od lat w dystrykcie Main-Kinzig dochodzi do coraz wi\u0119kszej liczby incydent\u00f3w rasistowskich.<\/p>\n\n\n\n<p>W 2016 roku Landrat, Erich Pipa, jest wielokrotnie masowo zastraszany i obra\u017cany przez prawicowych ekstremist\u00f3w, poniewa\u017c opowiada\u0142 si\u0119 za przyj\u0119ciem wi\u0119kszej liczby uchod\u017ac\u00f3w.<\/p>\n\n\n\n<p>W 2018 r. zesp\u00f3\u0142 stowarzyszenia gier Dietesheim w Birstein-Fischborn zostaje przewieziony z wykopu do hotelu za pomoc\u0105 po\u0142\u0105cze\u0144 \u201eobcokrajowc\u00f3w\u201d.<\/p>\n\n\n\n<p>W 2019 r. m\u0119\u017cczyzna z Erytrei zostaje zestrzelony, a zagra\u017caj\u0105cy \u017cyciu ranny przez m\u0119\u017cczyzn\u0119 z powod\u00f3w rasistowskich.<\/p>\n\n\n\n<p>W 2020 r. w Hanau odb\u0119dzie si\u0119 najgorszy prawicowy atak ekstremistyczny Republiki Federalnej Niemiec. Dziewi\u0119\u0107 os\u00f3b zostaje zamordowanych z ksenofobicznych pobudek.<\/p>\n\n\n\n<p>To tylko niekt\u00f3re z incydent\u00f3w, kt\u00f3re mia\u0142y miejsce w dzielnicy Main-Kinzig w ostatnich latach i pokazuj\u0105, \u017ce pilnie potrzebna jest prewencyjna i proaktywna praca w dzielnicy.<\/p>\n\n\n\n<p>Utworzenie organu antydyskryminacyjnego umo\u017cliwia podnoszenie \u015bwiadomo\u015bci na ten temat poprzez doradztwo, informowanie i dzia\u0142ania informacyjne. Jednocze\u015bnie w administracji, szko\u0142ach i przedsi\u0119biorstwach na obszarze powiatu mo\u017cna organizowa\u0107 wydarzenia informacyjne, aby zwr\u00f3ci\u0107 uwag\u0119 na problem dyskryminacji.<\/p>\n\n\n\n<p>Miasta takie jak Offenbach i Frankfurt pokaza\u0142y ju\u017c wok\u00f3\u0142 nas, \u017ce ustanowienie organu antydyskryminacyjnego jest bardzo dobrze przyj\u0119te. Wynika z tego jasno, \u017ce w spo\u0142ecze\u0144stwie potrzebne s\u0105 porady i informacje. W tym przypadku mo\u017cliwe jest nawi\u0105zanie kontakt\u00f3w z osobami odpowiedzialnymi w celu wymiany wcze\u015bniejszych do\u015bwiadcze\u0144.<\/p>\n\n\n\n<p>Jest spraw\u0105 piln\u0105, aby Main-Kinzig-Kreis utworzy\u0142o takie centrum kontaktowe i doradcze, zw\u0142aszcza w odniesieniu do wydarze\u0144 ostatnich lat.<\/p>","protected":false},"excerpt":{"rendered":"<p>Rada powiatu podejmuje decyzj\u0119 o:\u00a0\u00a0\u00a0\u00a0\u00a0 \u00a0\u00a0\u00a0\u00a0\u00a0 Komitet Okr\u0119gowy ma za zadanie ustanowienie organu antydyskryminacyjnego w Biurze 32 (Bezpiecze\u0144stwo, Porz\u0105dek, Migracja i Integracja). W tym celu do planu zatrudnienia dodano 1,0 stanowiska. Antydyskryminacja [...]<\/p>","protected":false},"author":-1,"featured_media":0,"comment_status":"open","ping_status":"open","sticky":false,"template":"","format":"standard","meta":{"footnotes":""},"categories":[9],"tags":[],"class_list":["post-786","post","type-post","status-publish","format-standard","hentry","category-antraege-und-anfragen"],"_links":{"self":[{"href":"https:\/\/www.gruene-mkk.de\/pl\/wp-json\/wp\/v2\/posts\/786","targetHints":{"allow":["GET"]}}],"collection":[{"href":"https:\/\/www.gruene-mkk.de\/pl\/wp-json\/wp\/v2\/posts"}],"about":[{"href":"https:\/\/www.gruene-mkk.de\/pl\/wp-json\/wp\/v2\/types\/post"}],"author":[{"embeddable":true,"href":"https:\/\/www.gruene-mkk.de\/pl\/wp-json\/wp\/v2\/users\/2"}],"replies":[{"embeddable":true,"href":"https:\/\/www.gruene-mkk.de\/pl\/wp-json\/wp\/v2\/comments?post=786"}],"version-history":[{"count":1,"href":"https:\/\/www.gruene-mkk.de\/pl\/wp-json\/wp\/v2\/posts\/786\/revisions"}],"predecessor-version":[{"id":787,"href":"https:\/\/www.gruene-mkk.de\/pl\/wp-json\/wp\/v2\/posts\/786\/revisions\/787"}],"wp:attachment":[{"href":"https:\/\/www.gruene-mkk.de\/pl\/wp-json\/wp\/v2\/media?parent=786"}],"wp:term":[{"taxonomy":"category","embeddable":true,"href":"https:\/\/www.gruene-mkk.de\/pl\/wp-json\/wp\/v2\/categories?post=786"},{"taxonomy":"post_tag","embeddable":true,"href":"https:\/\/www.gruene-mkk.de\/pl\/wp-json\/wp\/v2\/tags?post=786"}],"curies":[{"name":"wp","href":"https:\/\/api.w.org\/{rel}","templated":true}]}}