{"id":782,"date":"2021-11-26T17:51:00","date_gmt":"2021-11-26T16:51:00","guid":{"rendered":"https:\/\/www.alles-bleibt-anders.org\/?p=782"},"modified":"2021-12-09T18:14:44","modified_gmt":"2021-12-09T17:14:44","slug":"aenderungsantrag-zum-haushalt-erhoehung-der-foerderung-fuer-das-schulessen","status":"publish","type":"post","link":"https:\/\/www.gruene-mkk.de\/pl\/aenderungsantrag-zum-haushalt-erhoehung-der-foerderung-fuer-das-schulessen\/","title":{"rendered":"Poprawka do bud\u017cetu: Zwi\u0119kszone wsparcie dla obiad\u00f3w szkolnych"},"content":{"rendered":"<p><strong>Rada powiatu podejmuje decyzj\u0119 o:&nbsp;&nbsp;&nbsp;&nbsp;&nbsp; &nbsp;&nbsp;&nbsp;&nbsp;&nbsp;<\/strong><\/p>\n\n\n\n<ol class=\"wp-block-list\"><li>Dotacja na obiady szkolne zostanie zwi\u0119kszona z 40 tys. euro do 80 tys. euro.<\/li><li>Firma Heinzelm\u00e4nnchen GmbH proszona jest o wykorzystanie zwi\u0119kszonych darowizn w celu odci\u0105\u017cenia rodzic\u00f3w oraz wykorzystania \u017cywno\u015bci ekologicznej, regionalnej i pochodz\u0105cej ze sprawiedliwego handlu.<\/li><\/ol>\n\n\n\n<p><strong>Uzasadnienie:<\/strong><\/p>\n\n\n\n<p>Wizerunek dzielnicy Main-Kinzig jako \u201eokr\u0119gu FairTrade\u201d powinien polega\u0107 na oferowaniu ekologicznej, regionalnej i sprawiedliwej \u017cywno\u015bci w sto\u0142\u00f3wkach w okolicy dzielnicy.<\/p>\n\n\n\n<p>Przy rocznej dotacji w wysoko\u015bci zaledwie 40 000 euro nie jest to mo\u017cliwe bez dodatkowego obci\u0105\u017cenia rodzic\u00f3w.<\/p>\n\n\n\n<p>Dlatego konieczne jest zwi\u0119kszenie darowizn do 80 000 euro, aby ul\u017cy\u0107 rodzicom i poprawi\u0107 jako\u015b\u0107 \u017cywno\u015bci.&nbsp;<\/p>","protected":false},"excerpt":{"rendered":"<p>Rada powiatu podejmuje decyzj\u0119 o:\u00a0\u00a0\u00a0\u00a0\u00a0 \u00a0\u00a0\u00a0\u00a0\u00a0 Dotacja na obiady szkolne zostanie zwi\u0119kszona z 40 tys. euro do 80 tys. euro. Heinzelm\u00e4nnchen GmbH jest proszona o wniesienie zwi\u0119kszonych sk\u0142adek na rzecz pomocy dla rodzic\u00f3w, a tak\u017ce [...]<\/p>","protected":false},"author":-1,"featured_media":0,"comment_status":"open","ping_status":"open","sticky":false,"template":"","format":"standard","meta":{"footnotes":""},"categories":[9],"tags":[],"class_list":["post-782","post","type-post","status-publish","format-standard","hentry","category-antraege-und-anfragen"],"_links":{"self":[{"href":"https:\/\/www.gruene-mkk.de\/pl\/wp-json\/wp\/v2\/posts\/782","targetHints":{"allow":["GET"]}}],"collection":[{"href":"https:\/\/www.gruene-mkk.de\/pl\/wp-json\/wp\/v2\/posts"}],"about":[{"href":"https:\/\/www.gruene-mkk.de\/pl\/wp-json\/wp\/v2\/types\/post"}],"author":[{"embeddable":true,"href":"https:\/\/www.gruene-mkk.de\/pl\/wp-json\/wp\/v2\/users\/2"}],"replies":[{"embeddable":true,"href":"https:\/\/www.gruene-mkk.de\/pl\/wp-json\/wp\/v2\/comments?post=782"}],"version-history":[{"count":1,"href":"https:\/\/www.gruene-mkk.de\/pl\/wp-json\/wp\/v2\/posts\/782\/revisions"}],"predecessor-version":[{"id":783,"href":"https:\/\/www.gruene-mkk.de\/pl\/wp-json\/wp\/v2\/posts\/782\/revisions\/783"}],"wp:attachment":[{"href":"https:\/\/www.gruene-mkk.de\/pl\/wp-json\/wp\/v2\/media?parent=782"}],"wp:term":[{"taxonomy":"category","embeddable":true,"href":"https:\/\/www.gruene-mkk.de\/pl\/wp-json\/wp\/v2\/categories?post=782"},{"taxonomy":"post_tag","embeddable":true,"href":"https:\/\/www.gruene-mkk.de\/pl\/wp-json\/wp\/v2\/tags?post=782"}],"curies":[{"name":"wp","href":"https:\/\/api.w.org\/{rel}","templated":true}]}}