{"id":780,"date":"2021-11-26T17:45:00","date_gmt":"2021-11-26T16:45:00","guid":{"rendered":"https:\/\/www.alles-bleibt-anders.org\/?p=780"},"modified":"2021-12-09T17:49:29","modified_gmt":"2021-12-09T16:49:29","slug":"aenderungsantrag-zum-haushalt-machbarkeitsstudie-regionale-schlachtung","status":"publish","type":"post","link":"https:\/\/www.gruene-mkk.de\/pl\/aenderungsantrag-zum-haushalt-machbarkeitsstudie-regionale-schlachtung\/","title":{"rendered":"Poprawka do bud\u017cetu: Studium wykonalno\u015bci Ub\u00f3j regionalny"},"content":{"rendered":"<p><strong>Rada powiatu podejmuje decyzj\u0119 o:&nbsp;&nbsp;&nbsp;&nbsp;&nbsp; &nbsp;&nbsp;&nbsp;&nbsp;&nbsp;<\/strong><\/p>\n\n\n\n<p>1.\u00a0\u00a0\u00a0\u00a0\u00a0\u00a0 W odniesieniu do roku bud\u017cetowego 2022 rada powiatu podejmuje decyzj\u0119 o zleceniu studium wykonalno\u015bci dotycz\u0105cego utrzymania lub budowy wsp\u00f3lnej rze\u017ani z regionem modelowania ekologicznego Main-Kinzig i Wetteraukreis.<\/p>\n\n\n\n<p>2.\u00a0\u00a0\u00a0\u00a0\u00a0\u00a0 Aby przygotowa\u0107 studium wykonalno\u015bci, do bud\u017cetu zostan\u0105 wniesione \u015brodki w wysoko\u015bci 50 000 euro.<\/p>\n\n\n\n<p>3.\u00a0\u00a0\u00a0\u00a0\u00a0\u00a0 Regionalny Okr\u0105g\u0142y St\u00f3\u0142 ds. Uboju zostanie zwo\u0142any jak najszybciej, a najp\u00f3\u017aniej w II kwartale 2022 r.<\/p>\n\n\n\n<p>4.\u00a0\u00a0\u00a0\u00a0\u00a0\u00a0 Po sze\u015bciu miesi\u0105cach wyniki obrad okr\u0105g\u0142ego sto\u0142u b\u0119d\u0105 przedmiotem sprawozdania okresowego w Komisji Spraw Gospodarczych, Energii, Transportu, \u015arodowiska Naturalnego i Rolnictwa.<\/p>\n\n\n\n<p><strong>Uzasadnienie:<\/strong><\/p>\n\n\n\n<p>Po zamkni\u0119ciu rze\u017ani w B\u00fcdingen znikn\u0119\u0142a centralna rze\u017ania dla rze\u017anik\u00f3w i sprzedawc\u00f3w bezpo\u015brednich z dzielnicy Main-Kinzig.<\/p>\n\n\n\n<p>W rezultacie znacznie zwi\u0119kszaj\u0105 si\u0119 szlaki transportowe zwierz\u0105t rze\u017anych, a mo\u017cliwo\u015b\u0107 roz\u0142adunku podczas kontroli transportu zwierz\u0105t, na przyk\u0142ad po kontrolach na autostradzie, jest ca\u0142kowicie wyeliminowana.<\/p>\n\n\n\n<p>Przeprowadzaj\u0105c studium wykonalno\u015bci, nale\u017cy zbada\u0107 potencja\u0142 regionalnej rze\u017ani. Nale\u017cy mi\u0119dzy innymi zbada\u0107, w ramach jakich \u015brodk\u00f3w, kt\u00f3re ewentualnie zostan\u0105 utworzone, regionalna rze\u017ania mo\u017ce by\u0107 prowadzona z ekonomicznego punktu widzenia.<\/p>\n\n\n\n<p>Rada powiatu po\u0142o\u017cy\u0142a podwaliny pod ustanowienie 29 pa\u017adziernika 2021 r. okr\u0105g\u0142ego sto\u0142u ds. uboju regionalnego (KOA_AG\/0044\/2021). Stworzy\u0142o to niezb\u0119dny warunek wst\u0119pny do przeprowadzenia takiego studium wykonalno\u015bci oraz do tego, by towarzyszy\u0142o ono obradom okr\u0105g\u0142ego sto\u0142u i je ocenia\u0142o.<\/p>\n\n\n\n<p>Konieczne jest zatem zarezerwowanie niezb\u0119dnego bud\u017cetu na takie studium wykonalno\u015bci.<\/p>","protected":false},"excerpt":{"rendered":"<p>Rada powiatu podejmuje decyzj\u0119 o:\u00a0\u00a0\u00a0\u00a0\u00a0 \u00a0\u00a0\u00a0\u00a0\u00a0 1.\u00a0\u00a0\u00a0\u00a0\u00a0\u00a0 W odniesieniu do roku bud\u017cetowego 2022 rada powiatu podejmuje decyzj\u0119 o zleceniu studium wykonalno\u015bci dotycz\u0105cego utrzymania lub budowy wsp\u00f3lnej rze\u017ani z regionem modelowania ekologicznego Main-Kinzig i Wetteraukreis. 2.\u00a0\u00a0\u00a0\u00a0\u00a0\u00a0 W przedmiocie [...]<\/p>","protected":false},"author":-1,"featured_media":0,"comment_status":"open","ping_status":"open","sticky":false,"template":"","format":"standard","meta":{"footnotes":""},"categories":[9],"tags":[],"class_list":["post-780","post","type-post","status-publish","format-standard","hentry","category-antraege-und-anfragen"],"_links":{"self":[{"href":"https:\/\/www.gruene-mkk.de\/pl\/wp-json\/wp\/v2\/posts\/780","targetHints":{"allow":["GET"]}}],"collection":[{"href":"https:\/\/www.gruene-mkk.de\/pl\/wp-json\/wp\/v2\/posts"}],"about":[{"href":"https:\/\/www.gruene-mkk.de\/pl\/wp-json\/wp\/v2\/types\/post"}],"author":[{"embeddable":true,"href":"https:\/\/www.gruene-mkk.de\/pl\/wp-json\/wp\/v2\/users\/2"}],"replies":[{"embeddable":true,"href":"https:\/\/www.gruene-mkk.de\/pl\/wp-json\/wp\/v2\/comments?post=780"}],"version-history":[{"count":1,"href":"https:\/\/www.gruene-mkk.de\/pl\/wp-json\/wp\/v2\/posts\/780\/revisions"}],"predecessor-version":[{"id":781,"href":"https:\/\/www.gruene-mkk.de\/pl\/wp-json\/wp\/v2\/posts\/780\/revisions\/781"}],"wp:attachment":[{"href":"https:\/\/www.gruene-mkk.de\/pl\/wp-json\/wp\/v2\/media?parent=780"}],"wp:term":[{"taxonomy":"category","embeddable":true,"href":"https:\/\/www.gruene-mkk.de\/pl\/wp-json\/wp\/v2\/categories?post=780"},{"taxonomy":"post_tag","embeddable":true,"href":"https:\/\/www.gruene-mkk.de\/pl\/wp-json\/wp\/v2\/tags?post=780"}],"curies":[{"name":"wp","href":"https:\/\/api.w.org\/{rel}","templated":true}]}}