{"id":68,"date":"2021-07-12T10:00:00","date_gmt":"2021-07-12T08:00:00","guid":{"rendered":"https:\/\/www.alles-bleibt-anders.org\/?p=68"},"modified":"2021-11-09T14:39:43","modified_gmt":"2021-11-09T13:39:43","slug":"groko-im-mkk-zeichen-der-zeit-nicht-erkannt","status":"publish","type":"post","link":"https:\/\/www.gruene-mkk.de\/pl\/groko-im-mkk-zeichen-der-zeit-nicht-erkannt\/","title":{"rendered":"GroKo w MKK: \u201eNieuznane znaki czasu\u201d"},"content":{"rendered":"<p><strong>Regresja dla Main-Kinzig-Kreis<\/strong><\/p>\n\n\n\n<p>\"Kontynuacja Wielkiej Koalicji jest krokiem wstecz dla dystryktu Main-Kinzig i obywateli\" - powiedzia\u0142 Reiner Bousonville, lider Grupy Zielonych w radzie dystryktu. <\/p>\n\n\n\n<!--more-->\n\n\n\n<p>\u201eIdea umowy koalicyjnej sugeruje ju\u017c, \u017ce w ci\u0105gu najbli\u017cszych pi\u0119ciu lat dzielnica b\u0119dzie zarz\u0105dzana tylko bez innowacyjnych pomys\u0142\u00f3w, a przede wszystkim bez miecza w dziedzinie ochrony klimatu i tworzenia r\u00f3wnych warunk\u00f3w \u017cycia od Maintal do Sinntal. Chocia\u017c jest to wygodne, nie odpowiada wyzwaniom naszych czas\u00f3w i mandatowi wyborc\u00f3w.<\/p>\n\n\n\n<p>Przerwane negocjacje koalicyjne z Zielonymi i FDP pokaza\u0142y ju\u017c, \u017ce \u015bwie\u017ce wiatry i nowe pomys\u0142y nie s\u0105 po\u017c\u0105dane w kwestiach, kt\u00f3re poruszaj\u0105 ludzi w kr\u0119gu: Wyniki wielkiej koalicji w ostatnich latach by\u0142y druzgoc\u0105ce. \u017baden z 90 \u015brodk\u00f3w nie zosta\u0142 wdro\u017cony w ramach koncepcji \u015bcie\u017cki rowerowej, zamiast tego opracowano now\u0105 koncepcj\u0119, plan rozwoju szko\u0142y musia\u0142 powr\u00f3ci\u0107 do komisji z powodu licznych b\u0142\u0119d\u00f3w, Akademia Zdrowia i Opieki nadal nie dzia\u0142a, a bilans CO2, kt\u00f3ry jest op\u00f3\u017aniony od 1997 r., nadal brakuje \", podsumowuje Bousonville. \u00a0\u201ePowiat jest jednym z ostatnich region\u00f3w kraju zwi\u0105zkowego Hesja, kt\u00f3re do\u0142\u0105czy\u0142y do region\u00f3w modelowych pod wzgl\u0119dem ekologicznym, chocia\u017c ma najwi\u0119kszy udzia\u0142 w gospodarstwach ekologicznych w Hesji. Rozbudowa sieci szerokopasmowych w wielu miejscach spowalnia, a w dzielnicy brakuje wa\u017cnych stanowisk kadrowych, na przyk\u0142ad w zakresie ochrony klimatu, rozbudowy \u015bcie\u017cki rowerowej, integracji i migracji.<\/p>\n\n\n\n<p>Pro\u015bba Zielonych o zwi\u0119kszenie liczby stanowisk w urz\u0119dzie zdrowia zosta\u0142a odrzucona pod koniec 2019 r., Kiedy wezwano do zaostrzenia przepis\u00f3w dotycz\u0105cych broni po ataku w Hanau, utworzono okr\u0105g\u0142y st\u00f3\u0142, kt\u00f3ry nie spotka\u0142 si\u0119 ponownie po jednorazowym spotkaniu. Jak dodaj\u0105 wiceprzewodnicz\u0105cy Viola Ha\u00dfdenteufel i Jakob M\u00e4hler, po czterech latach przy\u0142\u0105czenia si\u0119 do \u201eHessen aktiv\u201d nie opracowano katalogu \u015brodk\u00f3w ochrony klimatu, a inicjatywy, kt\u00f3rymi szczyci si\u0119 radna okr\u0119gu Susanne Simmler, takie jak kubek na depozyt wielokrotnego u\u017cytku \u201eMain-Kinzig-Krug\u201d lub zrzeczenie si\u0119 tworzyw sztucznych w \u201eMKK-L\u00e4dchen\u201d, pochodz\u0105 od opozycji. \u201eFotografowanie obok kwitn\u0105cych \u0142\u0105k jest pocz\u0105tkiem, ale nie gwarantuje wystarczaj\u0105cego wk\u0142adu w walk\u0119 z kryzysem klimatycznym i wymieraniem gatunk\u00f3w na poziomie powiatu\u201d.<\/p>\n\n\n\n<p>\"Je\u015bli wielka koalicja og\u0142osi teraz, \u017ce chce kontynuowa\u0107 t\u0119 prac\u0119, mo\u017cesz by\u0107 przera\u017cony i niespokojny\" - m\u00f3wi Bousonville. \u201eOczywiste jest, \u017ce SPD i CDU nie rozpozna\u0142y znak\u00f3w czasu i ignoruj\u0105 wol\u0119 wyborc\u00f3w do zwi\u0119kszenia ochrony \u015brodowiska i klimatu. Najni\u017cszym wsp\u00f3lnym mianownikiem tego GroKo w MKK jest zabezpieczona wi\u0119kszo\u015b\u0107, aby m\u00f3c rz\u0105dzi\u0107 bez ambicji i bez obaw.<\/p>\n\n\n\n<p>Dla Zielonych jest to okazja do \u201ekontynuowania walki o rzeczywist\u0105 ochron\u0119 klimatu i polityk\u0119 spo\u0142eczn\u0105 za pomoc\u0105 wniosk\u00f3w i wniosk\u00f3w\u201d. SPD i CDU twierdz\u0105, \u017ce \u201ewyra\u017any kurs\u201d jest tutaj: \u201eKurs idzie tylko w z\u0142ym kierunku\u201d, podsumowuje Bousonville.<\/p>\n\n\n\n<p>Zapytania do:<\/p>\n\n\n\n<p>Jakob M\u00e4hler<br>Dyrektor zarz\u0105dzaj\u0105cy grupy<br>Sojusz 90 \/ Zieloni Main-Kinzig<br>06181\/61596<br>0176\/46763336<br>fraktion@gruene-mkk.de<\/p>","protected":false},"excerpt":{"rendered":"<p>Regresja dla dzielnicy Main-Kinzig \"Kontynuacja Wielkiej Koalicji jest regresj\u0105 dla dzielnicy Main-Kinzig i obywateli\", m\u00f3wi Reiner Bousonville, lider Grupy Zielonych w radzie dystryktu.<\/p>","protected":false},"author":-1,"featured_media":0,"comment_status":"open","ping_status":"open","sticky":false,"template":"","format":"standard","meta":{"footnotes":""},"categories":[2],"tags":[],"class_list":["post-68","post","type-post","status-publish","format-standard","hentry","category-newskreistagsfraktion"],"_links":{"self":[{"href":"https:\/\/www.gruene-mkk.de\/pl\/wp-json\/wp\/v2\/posts\/68","targetHints":{"allow":["GET"]}}],"collection":[{"href":"https:\/\/www.gruene-mkk.de\/pl\/wp-json\/wp\/v2\/posts"}],"about":[{"href":"https:\/\/www.gruene-mkk.de\/pl\/wp-json\/wp\/v2\/types\/post"}],"author":[{"embeddable":true,"href":"https:\/\/www.gruene-mkk.de\/pl\/wp-json\/wp\/v2\/users\/2"}],"replies":[{"embeddable":true,"href":"https:\/\/www.gruene-mkk.de\/pl\/wp-json\/wp\/v2\/comments?post=68"}],"version-history":[{"count":2,"href":"https:\/\/www.gruene-mkk.de\/pl\/wp-json\/wp\/v2\/posts\/68\/revisions"}],"predecessor-version":[{"id":70,"href":"https:\/\/www.gruene-mkk.de\/pl\/wp-json\/wp\/v2\/posts\/68\/revisions\/70"}],"wp:attachment":[{"href":"https:\/\/www.gruene-mkk.de\/pl\/wp-json\/wp\/v2\/media?parent=68"}],"wp:term":[{"taxonomy":"category","embeddable":true,"href":"https:\/\/www.gruene-mkk.de\/pl\/wp-json\/wp\/v2\/categories?post=68"},{"taxonomy":"post_tag","embeddable":true,"href":"https:\/\/www.gruene-mkk.de\/pl\/wp-json\/wp\/v2\/tags?post=68"}],"curies":[{"name":"wp","href":"https:\/\/api.w.org\/{rel}","templated":true}]}}