{"id":525,"date":"2021-10-28T12:40:00","date_gmt":"2021-10-28T10:40:00","guid":{"rendered":"https:\/\/www.alles-bleibt-anders.org\/?p=525"},"modified":"2021-11-25T12:47:13","modified_gmt":"2021-11-25T11:47:13","slug":"unsere-antraege-zum-kreistag-am-29-oktober","status":"publish","type":"post","link":"https:\/\/www.gruene-mkk.de\/pl\/unsere-antraege-zum-kreistag-am-29-oktober\/","title":{"rendered":"Nasze wnioski do rady powiatu w dniu 29 pa\u017adziernika"},"content":{"rendered":"<p><strong>MKK staje si\u0119 bezpieczn\u0105 przystani\u0105<\/strong><\/p>\n\n\n\n<p>W 2019 roku Wielka Koalicja odrzuci\u0142a wniosek Zielonych i Lewicy o uznanie dzielnicy Main-Kinzig za bezpieczn\u0105 przysta\u0144: \u201eTeraz ponownie sk\u0142adamy wniosek. Ostatnie wydarzenia w Afganistanie pokazuj\u0105, jak wa\u017cne jest przyjmowanie uchod\u017ac\u00f3w - m\u00f3wi Mahwish Iftikhar.<\/p>\n\n\n\n<p><a href=\"https:\/\/www.alles-bleibt-anders.org\/antrag-mkk-soll-sicherer-hafen-werden\/\">Nasza pro\u015bba<\/a><\/p>\n\n\n\n<p><a href=\"https:\/\/www.alles-bleibt-anders.org\/main-kinzig-kreis-soll-sicherer-hafen-werden\/\">Komunikat prasowy<\/a><\/p>\n\n\n\n<p><strong>Pomara\u0144czowy \u015bwiat<\/strong><\/p>\n\n\n\n<p>25 listopada Forum Main-Kinzig zostanie o\u015bwietlone na pomara\u0144czowo, aby wyrazi\u0107 solidarno\u015b\u0107 z kobietami, kt\u00f3re do\u015bwiadczy\u0142y przemocy.<\/p>\n\n\n\n<p><a href=\"https:\/\/www.alles-bleibt-anders.org\/antrag-orange-the-world\/\">Nasza pro\u015bba<\/a><\/p>\n\n\n\n<p><strong>Zmiana biletu studenckiego<\/strong><\/p>\n\n\n\n<p>Dzi\u0119ki nowelizacji chcemy zapewni\u0107 wprowadzenie biletu studenckiego dla wszystkich uczni\u00f3w ju\u017c w 2022 r., niezale\u017cnie od tego, do kt\u00f3rej klasy ucz\u0119szczaj\u0105 i jak blisko szko\u0142y mieszkaj\u0105.<\/p>\n\n\n\n<p><a href=\"https:\/\/www.alles-bleibt-anders.org\/aenderungsantrag-zum-schuelerticket\/\">Nasza pro\u015bba<\/a><\/p>\n\n\n\n<p><strong>Poprawka: Wdro\u017cenie paktu w godzinach popo\u0142udniowych<\/strong><\/p>\n\n\n\n<p>Poprzez nasz\u0105 poprawk\u0119 chcemy mi\u0119dzy innymi zapewni\u0107 odpowiednie finansowanie stowarzysze\u0144 opieku\u0144czych oferuj\u0105cych opiek\u0119 nad dzie\u0107mi w szko\u0142ach w ramach paktu na popo\u0142udnie. Dlatego chcemy zwi\u0119kszy\u0107 darowizny rocznie na dziecko z 700 do 1400 \u20ac.<\/p>\n\n\n\n<p><a href=\"https:\/\/www.alles-bleibt-anders.org\/aenderungsantrag-umsetzung-des-paktes-fuer-den-nachmittag\/\">Nasza pro\u015bba<\/a><\/p>\n\n\n\n<p><strong>Aktualna godzina do Kreissparkasse<\/strong><\/p>\n\n\n\n<p>Jakie informacje posiada\u0142 Landrat Thorsten Stolz na temat projektu budowy Kreissparkasse w Gelnhausen? Jakie koszty poniesiono dla powiatu i w jakim stopniu rada powiatu jest odpowiedzialna za niepowodzenie? Chcieliby\u015bmy, aby na te pytania odpowiedzia\u0142 kr\u0105g i dlatego zarejestrowali\u015bmy aktualn\u0105 godzin\u0119.<\/p>\n\n\n\n<p><a href=\"https:\/\/www.alles-bleibt-anders.org\/gruene-fraktion-meldet-aktuelle-stunde-zur-kreissparkasse-an\/\">Komunikat prasowy<\/a><\/p>","protected":false},"excerpt":{"rendered":"<p>W 2019 roku Wielka Koalicja odrzuci\u0142a wniosek Zielonych i Lewicy o uznanie dzielnicy Main-Kinzig za bezpieczn\u0105 przysta\u0144: \u201eTeraz sk\u0142adamy wniosek [...]<\/p>","protected":false},"author":-1,"featured_media":0,"comment_status":"open","ping_status":"open","sticky":false,"template":"","format":"standard","meta":{"footnotes":""},"categories":[9],"tags":[],"class_list":["post-525","post","type-post","status-publish","format-standard","hentry","category-antraege-und-anfragen"],"_links":{"self":[{"href":"https:\/\/www.gruene-mkk.de\/pl\/wp-json\/wp\/v2\/posts\/525","targetHints":{"allow":["GET"]}}],"collection":[{"href":"https:\/\/www.gruene-mkk.de\/pl\/wp-json\/wp\/v2\/posts"}],"about":[{"href":"https:\/\/www.gruene-mkk.de\/pl\/wp-json\/wp\/v2\/types\/post"}],"author":[{"embeddable":true,"href":"https:\/\/www.gruene-mkk.de\/pl\/wp-json\/wp\/v2\/users\/2"}],"replies":[{"embeddable":true,"href":"https:\/\/www.gruene-mkk.de\/pl\/wp-json\/wp\/v2\/comments?post=525"}],"version-history":[{"count":1,"href":"https:\/\/www.gruene-mkk.de\/pl\/wp-json\/wp\/v2\/posts\/525\/revisions"}],"predecessor-version":[{"id":527,"href":"https:\/\/www.gruene-mkk.de\/pl\/wp-json\/wp\/v2\/posts\/525\/revisions\/527"}],"wp:attachment":[{"href":"https:\/\/www.gruene-mkk.de\/pl\/wp-json\/wp\/v2\/media?parent=525"}],"wp:term":[{"taxonomy":"category","embeddable":true,"href":"https:\/\/www.gruene-mkk.de\/pl\/wp-json\/wp\/v2\/categories?post=525"},{"taxonomy":"post_tag","embeddable":true,"href":"https:\/\/www.gruene-mkk.de\/pl\/wp-json\/wp\/v2\/tags?post=525"}],"curies":[{"name":"wp","href":"https:\/\/api.w.org\/{rel}","templated":true}]}}