{"id":520,"date":"2021-10-25T12:37:00","date_gmt":"2021-10-25T10:37:00","guid":{"rendered":"https:\/\/www.alles-bleibt-anders.org\/?p=520"},"modified":"2021-11-25T12:39:01","modified_gmt":"2021-11-25T11:39:01","slug":"aenderungsantrag-zum-schuelerticket","status":"publish","type":"post","link":"https:\/\/www.gruene-mkk.de\/pl\/aenderungsantrag-zum-schuelerticket\/","title":{"rendered":"Zmiana biletu studenckiego"},"content":{"rendered":"<p><strong>Decyzja:&nbsp;<\/strong><\/p>\n\n\n\n<p>1.\u00a0\u00a0\u00a0\u00a0\u00a0\u00a0Komitet okr\u0119gowy ma wsp\u00f3\u0142pracowa\u0107 ze stanem Hesja, aby zapewni\u0107 wszystkim uczniom i opiekunom mo\u017cliwo\u015b\u0107 bezp\u0142atnego korzystania z transportu publicznego w Hesji na wycieczkach szkolnych i wycieczkach szkolnych, niezale\u017cnie od tego, czy posiadaj\u0105 bilet studencki.<\/p>\n\n\n\n<p>2.\u00a0\u00a0\u00a0\u00a0\u00a0\u00a0Rada rejonu Main-Kinzig wzywa rz\u0105d pa\u0144stwowy, wraz ze stowarzyszeniami transportowymi w Hesji, do zapewnienia wszystkim uczniom, w tym szko\u0142om podstawowym i SEK II, biletu studenckiego od 1 stycznia 2022 r. Odpowiednie fundusze wyr\u00f3wnawcze maj\u0105 zosta\u0107 udost\u0119pnione w bud\u017cecie na 2022 r.<\/p>\n\n\n\n<p>3.\u00a0\u00a0\u00a0\u00a0\u00a0\u00a0Rada dzielnicy Main-Kinzig wzywa rz\u0105d stanowy do zmiany \u00a7161 HSchG i zniesienia limit\u00f3w odleg\u0142o\u015bci dla korzystania z bezp\u0142atnego biletu studenckiego dla uczni\u00f3w.<\/p>\n\n\n\n<p>4.\u00a0\u00a0\u00a0\u00a0\u00a0\u00a0Je\u017celi wprowadzenie biletu studenckiego w dniu 1 stycznia 2022 r. nie b\u0119dzie mo\u017cliwe, rada powiatu dokona p\u0142atno\u015bci zaliczkowych i zwr\u00f3ci si\u0119 do kraju zwi\u0105zkowego Hesja o retrospektywne pokrycie koszt\u00f3w oraz ich zwrot lub potr\u0105cenie.<\/p>\n\n\n\n<p><strong>Uzasadnienie:<\/strong><\/p>\n\n\n\n<p>przez:<em>&nbsp;<\/em>obowi\u0105zuj\u0105ce przepisy prawa okre\u015blaj\u0105 odleg\u0142o\u015b\u0107 mi\u0119dzy miejscem zamieszkania a szko\u0142\u0105 lub zidentyfikowan\u0105 szczeg\u00f3lnie niebezpieczn\u0105 \u015bcie\u017ck\u0105 szkoln\u0105, niezale\u017cnie od tego, czy uczniowie otrzymuj\u0105 bezp\u0142atny bilet na rok szkolny, czy nie. Bilet ten mo\u017ce by\u0107 wykorzystywany nie tylko do podr\u00f3\u017cy szkolnych, ale jest r\u00f3wnie\u017c wa\u017cny w czasie wolnym w ca\u0142ej Hesji, a zatem bardzo atrakcyjny. M\u0142odzie\u017c zostanie zatem wprowadzona do korzystania z lokalnego transportu publicznego na wczesnym etapie, co op\u0142aci si\u0119 odpowiednimi ofertami jako ulga dla ruchu drogowego w przysz\u0142o\u015bci.<\/p>\n\n\n\n<p>Z naszego punktu widzenia regulacje prawne nie s\u0105 ju\u017c aktualne i powoduj\u0105 niesprawiedliwo\u015bci, zar\u00f3wno w drodze do szko\u0142y, jak i poza ni\u0105 (np. rekreacja, sport itp.). Kwesti\u0105 t\u0105 mogliby zaj\u0105\u0107 si\u0119 prawodawcy na szczeblu pa\u0144stwowym. Dlatego rada okr\u0119gu wzywa rz\u0105d stanowy do natychmiastowego wyeliminowania tej niesprawiedliwo\u015bci.<\/p>\n\n\n\n<p>Modelowy projekt nie jest wymagany, ale je\u015bli finansowanie nie mo\u017ce by\u0107 ju\u017c ustalone w bud\u017cecie pa\u0144stwa na 2022 r., kr\u0105g powinien i\u015b\u0107 z wyprzedzeniem.<\/p>","protected":false},"excerpt":{"rendered":"<p>Decyzja:\u00a0 1.\u00a0\u00a0\u00a0\u00a0\u00a0\u00a0Kraj zwi\u0105zkowy Hesja zleci\u0142 komitetowi okr\u0119gowemu zapewnienie wszystkim uczniom i opiekunom bezp\u0142atnego korzystania z transportu publicznego na wycieczkach szkolnych i wycieczkach szkolnych.<\/p>","protected":false},"author":-1,"featured_media":0,"comment_status":"open","ping_status":"open","sticky":false,"template":"","format":"standard","meta":{"footnotes":""},"categories":[9],"tags":[],"class_list":["post-520","post","type-post","status-publish","format-standard","hentry","category-antraege-und-anfragen"],"_links":{"self":[{"href":"https:\/\/www.gruene-mkk.de\/pl\/wp-json\/wp\/v2\/posts\/520","targetHints":{"allow":["GET"]}}],"collection":[{"href":"https:\/\/www.gruene-mkk.de\/pl\/wp-json\/wp\/v2\/posts"}],"about":[{"href":"https:\/\/www.gruene-mkk.de\/pl\/wp-json\/wp\/v2\/types\/post"}],"author":[{"embeddable":true,"href":"https:\/\/www.gruene-mkk.de\/pl\/wp-json\/wp\/v2\/users\/2"}],"replies":[{"embeddable":true,"href":"https:\/\/www.gruene-mkk.de\/pl\/wp-json\/wp\/v2\/comments?post=520"}],"version-history":[{"count":1,"href":"https:\/\/www.gruene-mkk.de\/pl\/wp-json\/wp\/v2\/posts\/520\/revisions"}],"predecessor-version":[{"id":522,"href":"https:\/\/www.gruene-mkk.de\/pl\/wp-json\/wp\/v2\/posts\/520\/revisions\/522"}],"wp:attachment":[{"href":"https:\/\/www.gruene-mkk.de\/pl\/wp-json\/wp\/v2\/media?parent=520"}],"wp:term":[{"taxonomy":"category","embeddable":true,"href":"https:\/\/www.gruene-mkk.de\/pl\/wp-json\/wp\/v2\/categories?post=520"},{"taxonomy":"post_tag","embeddable":true,"href":"https:\/\/www.gruene-mkk.de\/pl\/wp-json\/wp\/v2\/tags?post=520"}],"curies":[{"name":"wp","href":"https:\/\/api.w.org\/{rel}","templated":true}]}}