{"id":513,"date":"2021-09-09T12:25:00","date_gmt":"2021-09-09T10:25:00","guid":{"rendered":"https:\/\/www.alles-bleibt-anders.org\/?p=513"},"modified":"2024-09-05T14:43:15","modified_gmt":"2024-09-05T12:43:15","slug":"anfrage-zu-schlachtstaetten-im-mkk","status":"publish","type":"post","link":"https:\/\/www.gruene-mkk.de\/pl\/anfrage-zu-schlachtstaetten-im-mkk\/","title":{"rendered":"Zapytanie o rze\u017anie w MKK"},"content":{"rendered":"<p><strong>Przedmiot pytania prejudycjalnego:<\/strong><\/p>\n\n\n\n<p>Dzielnica Main-Kinzig jest regionem ekomodelowym od 2021 r. Produkcja \u017cywno\u015bci ekologicznej, a przede wszystkim regionalnej, ma by\u0107 promowana i stanowi szczeg\u00f3lne wyzwanie dla najludniejszego dystryktu Hesji. Przede wszystkim ub\u00f3j i przetwarzanie zwierz\u0105t gospodarskich produkowanych w powiecie Main-Kinzig powinno odbywa\u0107 si\u0119 w pobli\u017cu konsumenta i bez d\u0142ugich szlak\u00f3w transportowych. Transport zwierz\u0105t jest du\u017cym obci\u0105\u017ceniem dla zwierz\u0105t.<\/p>\n\n\n\n<p>Dzi\u0119ki regionalnym i szybko dost\u0119pnym rze\u017aniom transport zwierz\u0105t mo\u017cna znacznie skr\u00f3ci\u0107, a nawet ca\u0142kowicie unikn\u0105\u0107 dzi\u0119ki wykorzystaniu rze\u017ani mobilnej.<\/p>\n\n\n\n<p><strong>Pytania:<\/strong><\/p>\n\n\n\n<p><strong>Ile zatwierdzonych rze\u017ani znajduje si\u0119 w Main-Kinzig-Kreis?<\/strong><\/p>\n\n\n\n<p><strong>Odpowied\u017a:<\/strong><\/p>\n\n\n\n<p>Obecnie w powiecie Main-Kinzig znajduje si\u0119 25 zatwierdzonych rze\u017ani (dawniej 27 w 2020 r.). W celu przeprowadzenia uboju komercyjnego wymagana jest zgoda UE odpowiedniej rze\u017ani.<\/p>\n\n\n\n<p><strong>a.&nbsp;&nbsp;&nbsp;&nbsp;&nbsp;&nbsp;&nbsp;<\/strong><strong>Kt\u00f3re rze\u017anie to rze\u017anie i ile zwierz\u0105t jest tam ubijanych rocznie?<\/strong><\/p>\n\n\n\n<p><strong>Odpowied\u017a:<\/strong><\/p>\n\n\n\n<p>Rze\u017anie w Main-Kinzig-Kreis s\u0105 konsekwentnie zorganizowane przez rzemios\u0142o. By\u0142y i nadal s\u0105 przedsi\u0119biorstwami rodzinnymi. Liczba rocznych uboj\u00f3w przeprowadzanych w tych gospodarstwach znacznie si\u0119 r\u00f3\u017cni w zale\u017cno\u015bci od \u015bcie\u017cki wprowadzania do obrotu. Analiza uboj\u00f3w przeprowadzonych w 2020 r. wykaza\u0142a, \u017ce na gospodarstwo przypada\u0142o od jednego do 2093 uboj\u00f3w. W zwi\u0105zku z tym mo\u017cna za\u0142o\u017cy\u0107 \u015brednio oko\u0142o 467 uboj\u00f3w na gospodarstwo\/rok (w 2020 r.).<\/p>\n\n\n\n<p><strong>b.&nbsp;&nbsp;&nbsp;&nbsp;&nbsp;&nbsp;<\/strong><strong>Ile z tych rze\u017ani posiada certyfikat ekologiczny?<\/strong><\/p>\n\n\n\n<p><strong>Odpowied\u017a:<\/strong><\/p>\n\n\n\n<p>Zgodnie z oficjaln\u0105 wiedz\u0105 \u017cadna z rze\u017ani znajduj\u0105cych si\u0119 w Main-Kinzig-Kreis nie jest certyfikowana ekologicznie, chocia\u017c zgodnie z ich w\u0142asnymi o\u015bwiadczeniami co najmniej jedna z rze\u017ani w Main-Kinzig-Kreis r\u00f3wnie\u017c prowadzi ub\u00f3j ekologiczny zwierz\u0105t gospodarskich na szczeblu regionalnym.<\/p>\n\n\n\n<p><strong>c.&nbsp;&nbsp;&nbsp;&nbsp;&nbsp;&nbsp;&nbsp;<\/strong><strong>Ile z tych rze\u017ani to r\u00f3wnie\u017c zak\u0142ady rozbioru?<\/strong><\/p>\n\n\n\n<p><strong>Odpowied\u017a:<\/strong><\/p>\n\n\n\n<p>Spo\u015br\u00f3d 25 rze\u017ani 12 posiada r\u00f3wnie\u017c unijne zezwolenie na rozbi\u00f3r.<\/p>\n\n\n\n<p><strong>Zgodnie z szacunkami administracji: Jaki odsetek uboju zwierz\u0105t w gospodarstwach w regionie Main-Kinzig-Kreis nie mo\u017ce by\u0107 przeprowadzony w powiecie, poniewa\u017c brakuje rze\u017ani?<\/strong><\/p>\n\n\n\n<p><strong>Odpowied\u017a:<\/strong><\/p>\n\n\n\n<p>\u00d8 Dr\u00f3b:\u00a0\u00a0\u00a0\u00a0\u00a0\u00a0\u00a0\u00a0\u00a0\u00a0\u00a0\u00a0\u00a0\u00a0\u00a0\u00a0\u00a0\u00a0\u00a0\u00a0\u00a0\u00a090%<\/p>\n\n\n\n<p>\u00d8 Wo\u0142owina:\u00a0\u00a0\u00a0\u00a0\u00a0\u00a0\u00a0\u00a0\u00a0\u00a0\u00a0\u00a0\u00a0\u00a0\u00a0\u00a0\u00a0\u00a0\u00a0\u00a0\u00a0\u00a0\u00a0\u00a0\u00a0\u00a0\u00a0\u00a0\u00a090%<\/p>\n\n\n\n<p>\u00d8 \u015awinia:\u00a0\u00a0\u00a0\u00a0\u00a0\u00a0\u00a0\u00a0\u00a0\u00a0\u00a0\u00a0\u00a0\u00a0\u00a0\u00a0\u00a0\u00a0\u00a0\u00a0\u00a0\u00a080%<\/p>\n\n\n\n<p>\u00d8 Owce\/kozy:\u00a0\u00a0\u00a0\u00a0\u00a0\u00a0\u00a0\u00a0\u00a0\u00a0\u00a0\u00a0\u00a0\u00a0\u00a050%<\/p>\n\n\n\n<p>\u00d8 Solipeds:\u00a0\u00a0\u00a0\u00a0\u00a0\u00a0\u00a0\u00a0\u00a0\u00a0\u00a0\u00a0\u00a0\u00a0\u00a0\u00a0\u00a0\u00a0\u00a0100%<\/p>\n\n\n\n<p>\u00d8 Dziczyzna hodowlana:\u00a0\u00a0\u00a0\u00a0\u00a0\u00a0\u00a0\u00a0\u00a0\u00a0\u00a0\u00a0\u00a0\u00a0\u00a0\u00a0\u00a0\u00a0\u00a0\u00a0\u00a085%<\/p>\n\n\n\n<p>Szacunki te odnosz\u0105 si\u0119 do czystej zdolno\u015bci ubojowej. Drugim wa\u017cnym aspektem jest niezb\u0119dny \u0142a\u0144cuch warto\u015bci. Bez wiarygodnej redukcji ubitego mi\u0119sa rozw\u00f3j zdolno\u015bci ubojowych nie jest celowy.<\/p>\n\n\n\n<p><strong>Ile zezwole\u0144 wydano w 2020 r. na<\/strong><\/p>\n\n\n\n<p><strong>a.&nbsp;&nbsp;&nbsp;&nbsp;&nbsp;&nbsp;&nbsp;<\/strong><strong>Strzelanina na pastwisku?<\/strong><\/p>\n\n\n\n<p><strong>Odpowied\u017a:<\/strong><\/p>\n\n\n\n<p>W 2020 r. Urz\u0105d ds. Weterynarii i Ochrony Konsument\u00f3w przyzna\u0142 \u0142\u0105cznie 22 odst\u0119pstwa w odniesieniu do \u015brutu na pastwisku na wniosek.<\/p>\n\n\n\n<p><strong>b.&nbsp;&nbsp;&nbsp;&nbsp;&nbsp;&nbsp;<\/strong><strong>Korzystanie z rze\u017ani mobilnej?<\/strong><\/p>\n\n\n\n<p><strong>Odpowied\u017a:<\/strong><\/p>\n\n\n\n<p>W 2020 r. nie udzielono \u017cadnych zezwole\u0144 na korzystanie z rze\u017ani polowej, poniewa\u017c do Urz\u0119du Weterynaryjnego i Ochrony Konsument\u00f3w nie z\u0142o\u017cono takich wniosk\u00f3w.<\/p>\n\n\n\n<p><strong>Jakie dzia\u0142ania podejmuje Main-Kinzig-Kreis w celu promowania regionalnych rze\u017ani w powiecie, aby unikn\u0105\u0107 lub skr\u00f3ci\u0107 transport zwierz\u0105t?<\/strong><\/p>\n\n\n\n<p><strong>Odpowied\u017a:<\/strong><\/p>\n\n\n\n<p>Main-Kinzig-Kreis (Main-Kinzig-Kreis) jest organem zatwierdzaj\u0105cym indywidualny program wspierania inwestycji rolnych w rolnictwie. Program ten obejmuje mi\u0119dzy innymi promowanie inwestycji w dywersyfikacj\u0119, aby umo\u017cliwi\u0107 gospodarstwom tworzenie dodatkowych \u017ar\u00f3de\u0142 dochod\u00f3w. Nale\u017c\u0105 do nich rze\u017anie s\u0105dowe i rze\u017anie.<\/p>\n\n\n\n<p>Ponadto region Main-Kinzig-Kreis jest regionem ekomodelowym od 01.01.2021 r. i w zwi\u0105zku z tym postawi\u0142 sobie za cel promowanie i rozszerzanie regionalnej produkcji, przetw\u00f3rstwa i wprowadzania do obrotu produkt\u00f3w rolnych.<\/p>\n\n\n\n<p>W obszarze hodowli zwierz\u0105t powiat pozostaje w \u015bcis\u0142ym kontakcie z pozosta\u0142ymi modelowymi regionami Hesji i wspiera projekt \u201eBio-Weiderind\u201d. W ramach tego projektu ma zosta\u0107 po\u0142\u0105czona oferta wypasanego byd\u0142a z heskich gospodarstw ekologicznych. Celem jest uwolnienie producent\u00f3w od ci\u0119\u017caru wprowadzania do obrotu i zapewnienie uwzgl\u0119dnienia w sprzeda\u017cy specjalnego chowu byd\u0142a ekologicznego poprzez ustanowienie nowego \u0142a\u0144cucha warto\u015bci.<\/p>\n\n\n\n<p><strong>Ile kontroli transportu zwierz\u0105t przeprowadzi\u0142o Biuro Weterynaryjne w 2020 r.?<\/strong><\/p>\n\n\n\n<p><strong>a.&nbsp;&nbsp;&nbsp;&nbsp;&nbsp;&nbsp;&nbsp;<\/strong><strong>Jaki jest odsetek wszystkich transport\u00f3w zwierz\u0105t przeprowadzonych w Main-Kinzig-Kreis w 2020 r.?<\/strong><\/p>\n\n\n\n<p><strong>b.&nbsp;&nbsp;&nbsp;&nbsp;&nbsp;&nbsp;<\/strong><strong>Ile wykryto narusze\u0144 rozporz\u0105dzenia w sprawie transportu zwierz\u0105t?<\/strong><\/p>\n\n\n\n<p><strong>c.&nbsp;&nbsp;&nbsp;&nbsp;&nbsp;&nbsp;&nbsp;<\/strong><strong>Czy zwi\u0119kszenie liczby stanowisk w gabinecie weterynaryjnym przynios\u0142oby tu procentow\u0105 popraw\u0119?<\/strong><\/p>\n\n\n\n<p><strong>Odpowied\u017a:<\/strong><\/p>\n\n\n\n<p>W 2020 r. nie przeprowadzono kontroli transportu ze wzgl\u0119du na brak zasob\u00f3w ludzkich. Ponadto nale\u017cy pami\u0119ta\u0107, \u017ce bezwzgl\u0119dna liczba przewoz\u00f3w nie jest oficjalnie znana, poniewa\u017c Urz\u0105d ds. Weterynarii i Ochrony Konsument\u00f3w dowiaduje si\u0119 jedynie o takich przewozach, kt\u00f3re przewo\u017c\u0105 zwierz\u0119ta gospodarskie lub handlowe i przekraczaj\u0105 granice pa\u0144stwowe, gdy pocz\u0105tek lub miejsce przeznaczenia transportu znajduje si\u0119 w powiecie Main-Kinzig.<\/p>\n\n\n\n<p>Zwi\u0119kszenie liczby niezb\u0119dnego personelu weterynaryjnego umo\u017cliwi\u0142oby Urz\u0119dowi Ochrony Weterynaryjnej i Konsument\u00f3w przeprowadzanie w og\u00f3le istotnych kontroli transportu.<\/p>\n\n\n\n<p><strong>Main-Kinzig-Kreis nie \u017cyczy\u0142 sobie wykorzystania ani zakupu rze\u017ani polowej. W tym przypadku prawo UE by\u0142oby sprzeczne z rozmieszczeniem, stwierdzi\u0142 w\u00f3wczas w uzasadnieniu. W Wetterau wraz z inicjatyw\u0105 \u201eExtrawurst\u201d wdro\u017cono rze\u017ani\u0119 mobiln\u0105, a tak\u017ce rolnika prowadz\u0105cego rze\u017ani\u0119 mobiln\u0105 drobiu, kt\u00f3ra r\u00f3wnie\u017c uzyska\u0142a wsparcie m.in. ze strony UE.<\/strong><\/p>\n\n\n\n<p><strong>a.&nbsp;&nbsp;&nbsp;&nbsp;&nbsp;&nbsp;<\/strong><strong>Jakie inne dyrektywy lub wymogi UE maj\u0105 zastosowanie w Wetteraukreis, kt\u00f3re umo\u017cliwiaj\u0105 korzystanie z nich tam?<\/strong><\/p>\n\n\n\n<p><strong>Je\u015bli podstawowe wymagania s\u0105 takie same: Jaki jest pow\u00f3d, dla kt\u00f3rego administracja nie zakupi\u0142a rze\u017ani mobilnej?<\/strong><\/p>\n\n\n\n<p><strong>Je\u015bli podstawowe wymagania nie s\u0105 takie same: Jakie kroki nale\u017ca\u0142oby podj\u0105\u0107 w celu wdro\u017cenia rze\u017ani mobilnej w powiecie?<\/strong><\/p>\n\n\n\n<p><strong>Odpowied\u017a:<\/strong><\/p>\n\n\n\n<p>W 2021 r. sytuacja prawna w ca\u0142ej Europie uleg\u0142a zmianie. Jeden z motyw\u00f3w rozporz\u0105dzenia (WE) nr 853\/2004 stanowi:<\/p>\n\n\n\n<p>\u201ePoprawa dobrostanu zwierz\u0105t jest jednym ze \u015brodk\u00f3w zaproponowanych przez Komisj\u0119 w strategii \u201eOd pola do sto\u0142u\u201d na rzecz sprawiedliwego, zdrowego i przyjaznego dla \u015brodowiska systemu \u017cywno\u015bciowego w ramach Europejskiego Zielonego \u0141adu. W szczeg\u00f3lno\u015bci zmieni\u0142y si\u0119 nawyki zwi\u0105zane ze spo\u017cyciem mi\u0119sa, a Parlament Europejski, rolnicy i konsumenci coraz cz\u0119\u015bciej domagaj\u0105 si\u0119 zezwolenia na ub\u00f3j niekt\u00f3rych domowych zwierz\u0105t kopytnych w gospodarstwie pochodzenia, aby unikn\u0105\u0107 ewentualnych problem\u00f3w zwi\u0105zanych z dobrostanem zwierz\u0105t podczas zbierania i transportu tych zwierz\u0105t.\u201d<\/p>\n\n\n\n<p>W zwi\u0105zku z tym od dnia 9 wrze\u015bnia 2021 r. obowi\u0105zuje odst\u0119pstwo, kt\u00f3re \u201eumo\u017cliwia ub\u00f3j byd\u0142a domowego (z wyj\u0105tkiem \u017cubr\u00f3w), \u015bwi\u0144 domowych i koni w gospodarstwie pochodzenia, je\u017celi transport zwierz\u0105t do rze\u017ani stwarza ryzyko pod wzgl\u0119dem bezpiecze\u0144stwa pracy i dobrostanu zwierz\u0105t. Liczba zwierz\u0105t przeznaczonych do uboju na operacj\u0119 uboju jest ograniczona do trzech sztuk byd\u0142a lub do sze\u015bciu \u015bwi\u0144 lub do trzech koni.<a rel=\"noreferrer noopener\" href=\"https:\/\/sessionnet.krz.de\/main-kinzig\/bi\/vo0050.asp?__kvonr=21857#_ftn1\" target=\"_blank\"><sup>[1]<\/sup><\/a>\u201eW tym kontek\u015bcie przeprowadza si\u0119 ub\u00f3j cz\u0119\u015bciowo mobilny. Mobilne jednostki ubojowe s\u0105 poddawane testowi umiej\u0119tno\u015bci przez Regierungspr\u00e4sidium Kassel jako w\u0142a\u015bciwy organ. Dzi\u0119ki istnieniu takie urz\u0105dzenia mobilne mog\u0105 by\u0107 u\u017cywane lub u\u017cywane naprzemiennie przez kilka firm. Skutkuje to du\u017c\u0105 elastyczno\u015bci\u0105, kt\u00f3ra nie by\u0142a w\u00f3wczas dost\u0119pna w modelu projektu \u201eExtrawurst\u201d. W tym przypadku jednostka ruchoma stanowi\u0142a cz\u0119\u015b\u0107 zatwierdzonej rze\u017ani w UE.<\/p>\n\n\n\n<p><strong>Przedmiot pytania prejudycjalnego:<\/strong><\/p>\n\n\n\n<p>Dzielnica Main-Kinzig jest regionem ekomodelowym od 2021 r. Produkcja \u017cywno\u015bci ekologicznej, a przede wszystkim regionalnej, ma by\u0107 promowana i stanowi szczeg\u00f3lne wyzwanie dla najludniejszego dystryktu Hesji. Przede wszystkim ub\u00f3j i przetwarzanie zwierz\u0105t gospodarskich produkowanych w powiecie Main-Kinzig powinno odbywa\u0107 si\u0119 w pobli\u017cu konsumenta i bez d\u0142ugich szlak\u00f3w transportowych. Transport zwierz\u0105t jest du\u017cym obci\u0105\u017ceniem dla zwierz\u0105t.<\/p>\n\n\n\n<p>Dzi\u0119ki regionalnym i szybko dost\u0119pnym rze\u017aniom transport zwierz\u0105t mo\u017cna znacznie skr\u00f3ci\u0107, a nawet ca\u0142kowicie unikn\u0105\u0107 dzi\u0119ki wykorzystaniu rze\u017ani mobilnej.<\/p>\n\n\n\n<p><strong>Pytania:<\/strong><\/p>\n\n\n\n<p><strong>Ile zatwierdzonych rze\u017ani znajduje si\u0119 w Main-Kinzig-Kreis?<\/strong><\/p>\n\n\n\n<p><strong>Odpowied\u017a:<\/strong><\/p>\n\n\n\n<p>Obecnie w powiecie Main-Kinzig znajduje si\u0119 25 zatwierdzonych rze\u017ani (dawniej 27 w 2020 r.). W celu przeprowadzenia uboju komercyjnego wymagana jest zgoda UE odpowiedniej rze\u017ani.<\/p>\n\n\n\n<p><strong>a.&nbsp;&nbsp;&nbsp;&nbsp;&nbsp;&nbsp;&nbsp;<\/strong><strong>Kt\u00f3re rze\u017anie to rze\u017anie i ile zwierz\u0105t jest tam ubijanych rocznie?<\/strong><\/p>\n\n\n\n<p><strong>Odpowied\u017a:<\/strong><\/p>\n\n\n\n<p>Rze\u017anie w Main-Kinzig-Kreis s\u0105 konsekwentnie zorganizowane przez rzemios\u0142o. By\u0142y i nadal s\u0105 przedsi\u0119biorstwami rodzinnymi. Liczba rocznych uboj\u00f3w przeprowadzanych w tych gospodarstwach znacznie si\u0119 r\u00f3\u017cni w zale\u017cno\u015bci od \u015bcie\u017cki wprowadzania do obrotu. Analiza uboj\u00f3w przeprowadzonych w 2020 r. wykaza\u0142a, \u017ce na gospodarstwo przypada\u0142o od jednego do 2093 uboj\u00f3w. W zwi\u0105zku z tym mo\u017cna za\u0142o\u017cy\u0107 \u015brednio oko\u0142o 467 uboj\u00f3w na gospodarstwo\/rok (w 2020 r.).<\/p>\n\n\n\n<p><strong>b.&nbsp;&nbsp;&nbsp;&nbsp;&nbsp;&nbsp;<\/strong><strong>Ile z tych rze\u017ani posiada certyfikat ekologiczny?<\/strong><\/p>\n\n\n\n<p><strong>Odpowied\u017a:<\/strong><\/p>\n\n\n\n<p>Zgodnie z oficjaln\u0105 wiedz\u0105 \u017cadna z rze\u017ani znajduj\u0105cych si\u0119 w Main-Kinzig-Kreis nie jest certyfikowana ekologicznie, chocia\u017c zgodnie z ich w\u0142asnymi o\u015bwiadczeniami co najmniej jedna z rze\u017ani w Main-Kinzig-Kreis r\u00f3wnie\u017c prowadzi ub\u00f3j ekologiczny zwierz\u0105t gospodarskich na szczeblu regionalnym.<\/p>\n\n\n\n<p><strong>c.&nbsp;&nbsp;&nbsp;&nbsp;&nbsp;&nbsp;&nbsp;<\/strong><strong>Ile z tych rze\u017ani to r\u00f3wnie\u017c zak\u0142ady rozbioru?<\/strong><\/p>\n\n\n\n<p><strong>Odpowied\u017a:<\/strong><\/p>\n\n\n\n<p>Spo\u015br\u00f3d 25 rze\u017ani 12 posiada r\u00f3wnie\u017c unijne zezwolenie na rozbi\u00f3r.<\/p>\n\n\n\n<p><strong>Zgodnie z szacunkami administracji: Jaki odsetek uboju zwierz\u0105t w gospodarstwach w regionie Main-Kinzig-Kreis nie mo\u017ce by\u0107 przeprowadzony w powiecie, poniewa\u017c brakuje rze\u017ani?<\/strong><\/p>\n\n\n\n<p><strong>Odpowied\u017a:<\/strong><\/p>\n\n\n\n<p>\u00d8 Dr\u00f3b:\u00a0\u00a0\u00a0\u00a0\u00a0\u00a0\u00a0\u00a0\u00a0\u00a0\u00a0\u00a0\u00a0\u00a0\u00a0\u00a0\u00a0\u00a0\u00a0\u00a0\u00a0\u00a090%<\/p>\n\n\n\n<p>\u00d8 Wo\u0142owina:\u00a0\u00a0\u00a0\u00a0\u00a0\u00a0\u00a0\u00a0\u00a0\u00a0\u00a0\u00a0\u00a0\u00a0\u00a0\u00a0\u00a0\u00a0\u00a0\u00a0\u00a0\u00a0\u00a0\u00a0\u00a0\u00a0\u00a0\u00a0\u00a090%<\/p>\n\n\n\n<p>\u00d8 \u015awinia:\u00a0\u00a0\u00a0\u00a0\u00a0\u00a0\u00a0\u00a0\u00a0\u00a0\u00a0\u00a0\u00a0\u00a0\u00a0\u00a0\u00a0\u00a0\u00a0\u00a0\u00a0\u00a080%<\/p>\n\n\n\n<p>\u00d8 Owce\/kozy:\u00a0\u00a0\u00a0\u00a0\u00a0\u00a0\u00a0\u00a0\u00a0\u00a0\u00a0\u00a0\u00a0\u00a0\u00a050%<\/p>\n\n\n\n<p>\u00d8 Solipeds:\u00a0\u00a0\u00a0\u00a0\u00a0\u00a0\u00a0\u00a0\u00a0\u00a0\u00a0\u00a0\u00a0\u00a0\u00a0\u00a0\u00a0\u00a0\u00a0100%<\/p>\n\n\n\n<p>\u00d8 Dziczyzna hodowlana:\u00a0\u00a0\u00a0\u00a0\u00a0\u00a0\u00a0\u00a0\u00a0\u00a0\u00a0\u00a0\u00a0\u00a0\u00a0\u00a0\u00a0\u00a0\u00a0\u00a0\u00a085%<\/p>\n\n\n\n<p>Szacunki te odnosz\u0105 si\u0119 do czystej zdolno\u015bci ubojowej. Drugim wa\u017cnym aspektem jest niezb\u0119dny \u0142a\u0144cuch warto\u015bci. Bez wiarygodnej redukcji ubitego mi\u0119sa rozw\u00f3j zdolno\u015bci ubojowych nie jest celowy.<\/p>\n\n\n\n<p><strong>Ile zezwole\u0144 wydano w 2020 r. na<\/strong><\/p>\n\n\n\n<p><strong>a.&nbsp;&nbsp;&nbsp;&nbsp;&nbsp;&nbsp;&nbsp;<\/strong><strong>Strzelanina na pastwisku?<\/strong><\/p>\n\n\n\n<p><strong>Odpowied\u017a:<\/strong><\/p>\n\n\n\n<p>W 2020 r. Urz\u0105d ds. Weterynarii i Ochrony Konsument\u00f3w przyzna\u0142 \u0142\u0105cznie 22 odst\u0119pstwa w odniesieniu do \u015brutu na pastwisku na wniosek.<\/p>\n\n\n\n<p><strong>b.&nbsp;&nbsp;&nbsp;&nbsp;&nbsp;&nbsp;<\/strong><strong>Korzystanie z rze\u017ani mobilnej?<\/strong><\/p>\n\n\n\n<p><strong>Odpowied\u017a:<\/strong><\/p>\n\n\n\n<p>W 2020 r. nie udzielono \u017cadnych zezwole\u0144 na korzystanie z rze\u017ani polowej, poniewa\u017c do Urz\u0119du Weterynaryjnego i Ochrony Konsument\u00f3w nie z\u0142o\u017cono takich wniosk\u00f3w.<\/p>\n\n\n\n<p><strong>Jakie dzia\u0142ania podejmuje Main-Kinzig-Kreis w celu promowania regionalnych rze\u017ani w powiecie, aby unikn\u0105\u0107 lub skr\u00f3ci\u0107 transport zwierz\u0105t?<\/strong><\/p>\n\n\n\n<p><strong>Odpowied\u017a:<\/strong><\/p>\n\n\n\n<p>Main-Kinzig-Kreis (Main-Kinzig-Kreis) jest organem zatwierdzaj\u0105cym indywidualny program wspierania inwestycji rolnych w rolnictwie. Program ten obejmuje mi\u0119dzy innymi promowanie inwestycji w dywersyfikacj\u0119, aby umo\u017cliwi\u0107 gospodarstwom tworzenie dodatkowych \u017ar\u00f3de\u0142 dochod\u00f3w. Nale\u017c\u0105 do nich rze\u017anie s\u0105dowe i rze\u017anie.<\/p>\n\n\n\n<p>Ponadto region Main-Kinzig-Kreis jest regionem ekomodelowym od 01.01.2021 r. i w zwi\u0105zku z tym postawi\u0142 sobie za cel promowanie i rozszerzanie regionalnej produkcji, przetw\u00f3rstwa i wprowadzania do obrotu produkt\u00f3w rolnych.<\/p>\n\n\n\n<p>W obszarze hodowli zwierz\u0105t powiat pozostaje w \u015bcis\u0142ym kontakcie z pozosta\u0142ymi modelowymi regionami Hesji i wspiera projekt \u201eBio-Weiderind\u201d. W ramach tego projektu ma zosta\u0107 po\u0142\u0105czona oferta wypasanego byd\u0142a z heskich gospodarstw ekologicznych. Celem jest uwolnienie producent\u00f3w od ci\u0119\u017caru wprowadzania do obrotu i zapewnienie uwzgl\u0119dnienia w sprzeda\u017cy specjalnego chowu byd\u0142a ekologicznego poprzez ustanowienie nowego \u0142a\u0144cucha warto\u015bci.<\/p>\n\n\n\n<p><strong>Ile kontroli transportu zwierz\u0105t przeprowadzi\u0142o Biuro Weterynaryjne w 2020 r.?<\/strong><\/p>\n\n\n\n<p><strong>a.&nbsp;&nbsp;&nbsp;&nbsp;&nbsp;&nbsp;&nbsp;<\/strong><strong>Jaki jest odsetek wszystkich transport\u00f3w zwierz\u0105t przeprowadzonych w Main-Kinzig-Kreis w 2020 r.?<\/strong><\/p>\n\n\n\n<p><strong>b.&nbsp;&nbsp;&nbsp;&nbsp;&nbsp;&nbsp;<\/strong><strong>Ile wykryto narusze\u0144 rozporz\u0105dzenia w sprawie transportu zwierz\u0105t?<\/strong><\/p>\n\n\n\n<p><strong>c.&nbsp;&nbsp;&nbsp;&nbsp;&nbsp;&nbsp;&nbsp;<\/strong><strong>Czy zwi\u0119kszenie liczby stanowisk w gabinecie weterynaryjnym przynios\u0142oby tu procentow\u0105 popraw\u0119?<\/strong><\/p>\n\n\n\n<p><strong>Odpowied\u017a:<\/strong><\/p>\n\n\n\n<p>W 2020 r. nie przeprowadzono kontroli transportu ze wzgl\u0119du na brak zasob\u00f3w ludzkich. Ponadto nale\u017cy pami\u0119ta\u0107, \u017ce bezwzgl\u0119dna liczba przewoz\u00f3w nie jest oficjalnie znana, poniewa\u017c Urz\u0105d ds. Weterynarii i Ochrony Konsument\u00f3w dowiaduje si\u0119 jedynie o takich przewozach, kt\u00f3re przewo\u017c\u0105 zwierz\u0119ta gospodarskie lub handlowe i przekraczaj\u0105 granice pa\u0144stwowe, gdy pocz\u0105tek lub miejsce przeznaczenia transportu znajduje si\u0119 w powiecie Main-Kinzig.<\/p>\n\n\n\n<p>Zwi\u0119kszenie liczby niezb\u0119dnego personelu weterynaryjnego umo\u017cliwi\u0142oby Urz\u0119dowi Ochrony Weterynaryjnej i Konsument\u00f3w przeprowadzanie w og\u00f3le istotnych kontroli transportu.<\/p>\n\n\n\n<p><strong>Main-Kinzig-Kreis nie \u017cyczy\u0142 sobie wykorzystania ani zakupu rze\u017ani polowej. W tym przypadku prawo UE by\u0142oby sprzeczne z rozmieszczeniem, stwierdzi\u0142 w\u00f3wczas w uzasadnieniu. W Wetterau wraz z inicjatyw\u0105 \u201eExtrawurst\u201d wdro\u017cono rze\u017ani\u0119 mobiln\u0105, a tak\u017ce rolnika prowadz\u0105cego rze\u017ani\u0119 mobiln\u0105 drobiu, kt\u00f3ra r\u00f3wnie\u017c uzyska\u0142a wsparcie m.in. ze strony UE.<\/strong><\/p>\n\n\n\n<p><strong>a.&nbsp;&nbsp;&nbsp;&nbsp;&nbsp;&nbsp;<\/strong><strong>Jakie inne dyrektywy lub wymogi UE maj\u0105 zastosowanie w Wetteraukreis, kt\u00f3re umo\u017cliwiaj\u0105 korzystanie z nich tam?<\/strong><\/p>\n\n\n\n<p><strong>Je\u015bli podstawowe wymagania s\u0105 takie same: Jaki jest pow\u00f3d, dla kt\u00f3rego administracja nie zakupi\u0142a rze\u017ani mobilnej?<\/strong><\/p>\n\n\n\n<p><strong>Je\u015bli podstawowe wymagania nie s\u0105 takie same: Jakie kroki nale\u017ca\u0142oby podj\u0105\u0107 w celu wdro\u017cenia rze\u017ani mobilnej w powiecie?<\/strong><\/p>\n\n\n\n<p><strong>Odpowied\u017a:<\/strong><\/p>\n\n\n\n<p>W 2021 r. sytuacja prawna w ca\u0142ej Europie uleg\u0142a zmianie. Jeden z motyw\u00f3w rozporz\u0105dzenia (WE) nr 853\/2004 stanowi:<\/p>\n\n\n\n<p>\u201ePoprawa dobrostanu zwierz\u0105t jest jednym ze \u015brodk\u00f3w zaproponowanych przez Komisj\u0119 w strategii \u201eOd pola do sto\u0142u\u201d na rzecz sprawiedliwego, zdrowego i przyjaznego dla \u015brodowiska systemu \u017cywno\u015bciowego w ramach Europejskiego Zielonego \u0141adu. W szczeg\u00f3lno\u015bci zmieni\u0142y si\u0119 nawyki zwi\u0105zane ze spo\u017cyciem mi\u0119sa, a Parlament Europejski, rolnicy i konsumenci coraz cz\u0119\u015bciej domagaj\u0105 si\u0119 zezwolenia na ub\u00f3j niekt\u00f3rych domowych zwierz\u0105t kopytnych w gospodarstwie pochodzenia, aby unikn\u0105\u0107 ewentualnych problem\u00f3w zwi\u0105zanych z dobrostanem zwierz\u0105t podczas zbierania i transportu tych zwierz\u0105t.\u201d<\/p>\n\n\n\n<p>W zwi\u0105zku z tym od dnia 9 wrze\u015bnia 2021 r. obowi\u0105zuje odst\u0119pstwo, kt\u00f3re \u201eumo\u017cliwia ub\u00f3j byd\u0142a domowego (z wyj\u0105tkiem \u017cubr\u00f3w), \u015bwi\u0144 domowych i koni w gospodarstwie pochodzenia, je\u017celi transport zwierz\u0105t do rze\u017ani stwarza ryzyko pod wzgl\u0119dem bezpiecze\u0144stwa pracy i dobrostanu zwierz\u0105t. Liczba zwierz\u0105t przeznaczonych do uboju na operacj\u0119 uboju jest ograniczona do trzech sztuk byd\u0142a lub do sze\u015bciu \u015bwi\u0144 lub do trzech koni.<a href=\"https:\/\/sessionnet.krz.de\/main-kinzig\/bi\/vo0050.asp?__kvonr=21857#_ftn1\" target=\"_blank\" rel=\"noreferrer noopener\"><sup>[1]<\/sup><\/a>\u201eW tym kontek\u015bcie przeprowadza si\u0119 ub\u00f3j cz\u0119\u015bciowo mobilny. Mobilne jednostki ubojowe s\u0105 poddawane testowi umiej\u0119tno\u015bci przez Regierungspr\u00e4sidium Kassel jako w\u0142a\u015bciwy organ. Dzi\u0119ki istnieniu takie urz\u0105dzenia mobilne mog\u0105 by\u0107 u\u017cywane lub u\u017cywane naprzemiennie przez kilka firm. Skutkuje to du\u017c\u0105 elastyczno\u015bci\u0105, kt\u00f3ra nie by\u0142a w\u00f3wczas dost\u0119pna w modelu projektu \u201eExtrawurst\u201d. W tym przypadku jednostka ruchoma stanowi\u0142a cz\u0119\u015b\u0107 zatwierdzonej rze\u017ani w UE.<\/p>","protected":false},"excerpt":{"rendered":"<p>Przedmiot pytania prejudycjalnego: Dzielnica Main-Kinzig jest regionem ekomodelowym od 2021 r. Produkcja \u017cywno\u015bci ekologicznej, a przede wszystkim regionalnej, ma by\u0107 promowana i stanowi szczeg\u00f3ln\u0105 [...]<\/p>","protected":false},"author":-1,"featured_media":0,"comment_status":"open","ping_status":"open","sticky":false,"template":"","format":"standard","meta":{"footnotes":""},"categories":[9],"tags":[],"class_list":["post-513","post","type-post","status-publish","format-standard","hentry","category-antraege-und-anfragen"],"_links":{"self":[{"href":"https:\/\/www.gruene-mkk.de\/pl\/wp-json\/wp\/v2\/posts\/513","targetHints":{"allow":["GET"]}}],"collection":[{"href":"https:\/\/www.gruene-mkk.de\/pl\/wp-json\/wp\/v2\/posts"}],"about":[{"href":"https:\/\/www.gruene-mkk.de\/pl\/wp-json\/wp\/v2\/types\/post"}],"author":[{"embeddable":true,"href":"https:\/\/www.gruene-mkk.de\/pl\/wp-json\/wp\/v2\/users\/2"}],"replies":[{"embeddable":true,"href":"https:\/\/www.gruene-mkk.de\/pl\/wp-json\/wp\/v2\/comments?post=513"}],"version-history":[{"count":1,"href":"https:\/\/www.gruene-mkk.de\/pl\/wp-json\/wp\/v2\/posts\/513\/revisions"}],"predecessor-version":[{"id":514,"href":"https:\/\/www.gruene-mkk.de\/pl\/wp-json\/wp\/v2\/posts\/513\/revisions\/514"}],"wp:attachment":[{"href":"https:\/\/www.gruene-mkk.de\/pl\/wp-json\/wp\/v2\/media?parent=513"}],"wp:term":[{"taxonomy":"category","embeddable":true,"href":"https:\/\/www.gruene-mkk.de\/pl\/wp-json\/wp\/v2\/categories?post=513"},{"taxonomy":"post_tag","embeddable":true,"href":"https:\/\/www.gruene-mkk.de\/pl\/wp-json\/wp\/v2\/tags?post=513"}],"curies":[{"name":"wp","href":"https:\/\/api.w.org\/{rel}","templated":true}]}}